{"id":38182,"date":"2025-07-14T11:13:10","date_gmt":"2025-07-14T14:13:10","guid":{"rendered":"https:\/\/www.federassantas.org.br\/novosite\/?p=38182"},"modified":"2025-07-14T12:01:57","modified_gmt":"2025-07-14T15:01:57","slug":"vigilancia-e-transporte-hdg-promove-capacitacao-integrada-sobre-saude-seguranca-ocupacional-e-meio-ambiente","status":"publish","type":"post","link":"https:\/\/www.federassantas.org.br\/novosite\/vigilancia-e-transporte-hdg-promove-capacitacao-integrada-sobre-saude-seguranca-ocupacional-e-meio-ambiente\/","title":{"rendered":"HDG promove capacita\u00e7\u00e3o integrada sobre sa\u00fade, seguran\u00e7a ocupacional e meio ambiente"},"content":{"rendered":"\t\t<div data-elementor-type=\"wp-post\" data-elementor-id=\"38182\" class=\"elementor elementor-38182\" data-elementor-post-type=\"post\">\n\t\t\t\t\t\t<section class=\"elementor-section elementor-top-section elementor-element elementor-element-44ae681 elementor-section-boxed elementor-section-height-default elementor-section-height-default\" data-id=\"44ae681\" data-element_type=\"section\" data-e-type=\"section\">\n\t\t\t\t\t\t<div class=\"elementor-container elementor-column-gap-default\">\n\t\t\t\t\t<div class=\"elementor-column elementor-col-100 elementor-top-column elementor-element elementor-element-db41d18\" data-id=\"db41d18\" data-element_type=\"column\" data-e-type=\"column\">\n\t\t\t<div class=\"elementor-widget-wrap elementor-element-populated\">\n\t\t\t\t\t\t<div class=\"elementor-element elementor-element-e7e0edc elementor-widget elementor-widget-text-editor\" data-id=\"e7e0edc\" data-element_type=\"widget\" data-e-type=\"widget\" data-widget_type=\"text-editor.default\">\n\t\t\t\t<div class=\"elementor-widget-container\">\n\t\t\t\t\t\t\t\t\t<div>O Servi\u00e7o Especializado em Engenharia de Seguran\u00e7a e Medicina do Trabalho (SESMT) do Hospital Dilson Godinho (HDG) realizou um importante treinamento voltado \u00e0s equipes de Vigil\u00e2ncia e Transporte da Institui\u00e7\u00e3o.\u00a0A capacita\u00e7\u00e3o foi conduzida pelas t\u00e9cnicas de Seguran\u00e7a do Trabalho Raiane Mirrelly Gon\u00e7alves e Silene Oliveira Cruz, que abordaram de forma integrada os eixos Sa\u00fade, Seguran\u00e7a Ocupacional e Meio Ambiente, com foco no bem-estar dos profissionais e na qualifica\u00e7\u00e3o dos servi\u00e7os prestados \u00e0 popula\u00e7\u00e3o.<\/div><div>\u00a0<\/div><div>No eixo Sa\u00fade, o treinamento destacou o monitoramento cont\u00ednuo da sa\u00fade dos colaboradores, a gest\u00e3o de afastamentos tempor\u00e1rios e a valoriza\u00e7\u00e3o da comunica\u00e7\u00e3o assertiva como estrat\u00e9gia para o fortalecimento das rela\u00e7\u00f5es de trabalho e a preven\u00e7\u00e3o de conflitos. A sa\u00fade mental tamb\u00e9m foi um ponto central, refor\u00e7ando como o equil\u00edbrio emocional impacta diretamente na produtividade e na seguran\u00e7a dentro do ambiente hospitalar.\u00a0Em rela\u00e7\u00e3o \u00e0 Seguran\u00e7a Ocupacional, foram enfatizadas pr\u00e1ticas essenciais para a preven\u00e7\u00e3o de acidentes, como a ado\u00e7\u00e3o de comportamentos seguros, o uso correto dos Equipamentos de Prote\u00e7\u00e3o Individual (EPIs) e a emiss\u00e3o adequada da Comunica\u00e7\u00e3o de Acidente de Trabalho (CAT). Os profissionais foram orientados a identificar riscos e atuar de forma preventiva para evitar doen\u00e7as ocupacionais.\u00a0A pauta ambiental abordou a responsabilidade individual e coletiva na gest\u00e3o correta de res\u00edduos no ambiente hospitalar. Foram discutidas boas pr\u00e1ticas de segrega\u00e7\u00e3o, armazenamento e descarte de materiais, respeitando as normas de biosseguran\u00e7a e contribuindo com a preserva\u00e7\u00e3o do meio ambiente.<\/div><div>\u00a0<\/div><div>Para o diretor-presidente do HDG, Helder Leone Alves de Carvalho, iniciativas como essa refletem o compromisso da Institui\u00e7\u00e3o com o desenvolvimento cont\u00ednuo dos seus colaboradores e a sustentabilidade das a\u00e7\u00f5es institucionais.<\/div><div><strong>\u201cFormar equipes conscientes, capacitadas e preparadas \u00e9 investir em um ambiente de trabalho mais saud\u00e1vel, seguro e eficiente. Isso se reflete diretamente na excel\u00eancia do atendimento \u00e0 nossa popula\u00e7\u00e3o e no fortalecimento do nosso compromisso com a responsabilidade social e ambiental\u201d<\/strong>, destacou o presidente.<\/div><div>\u00a0<\/div><div>J\u00e1 o coordenador do SESMT, Samuel de Carvalho Barbosa, ressaltou a import\u00e2ncia da abordagem integrada adotada na capacita\u00e7\u00e3o: <strong>\u201cMais do que ensinar procedimentos, queremos promover uma mudan\u00e7a de cultura, em que sa\u00fade, seguran\u00e7a e meio ambiente caminhem juntos. A participa\u00e7\u00e3o ativa das equipes demonstra o quanto essas a\u00e7\u00f5es s\u00e3o valorizadas e necess\u00e1rias no dia a dia do HDG\u201d<\/strong>, pontuou Barbosa.\u00a0O Hospital Dilson Godinho segue investindo em a\u00e7\u00f5es educativas que valorizam seus colaboradores, promovem boas pr\u00e1ticas institucionais e fortalecem a qualidade dos servi\u00e7os prestados \u00e0 comunidade.<\/div><div>\u00a0<\/div><div>Fonte: Assessoria de Comunica\u00e7\u00e3o Hospital Dilson Godinho<\/div>\t\t\t\t\t\t\t\t<\/div>\n\t\t\t\t<\/div>\n\t\t\t\t\t<\/div>\n\t\t<\/div>\n\t\t\t\t\t<\/div>\n\t\t<\/section>\n\t\t\t\t<\/div>\n\t\t","protected":false},"excerpt":{"rendered":"<p>O Servi\u00e7o Especializado em Engenharia de Seguran\u00e7a e Medicina do Trabalho (SESMT) do Hospital Dilson Godinho (HDG) realizou um importante treinamento voltado \u00e0s equipes de Vigil\u00e2ncia e Transporte da Institui\u00e7\u00e3o.\u00a0A capacita\u00e7\u00e3o foi conduzida pelas t\u00e9cnicas de Seguran\u00e7a do Trabalho Raiane Mirrelly Gon\u00e7alves e Silene Oliveira Cruz, que abordaram de forma integrada os eixos Sa\u00fade, Seguran\u00e7a [&hellip;]<\/p>\n","protected":false},"author":1,"featured_media":38191,"comment_status":"open","ping_status":"open","sticky":false,"template":"","format":"standard","meta":{"footnotes":""},"categories":[140],"tags":[],"class_list":["post-38182","post","type-post","status-publish","format-standard","has-post-thumbnail","hentry","category-noticias"],"yoast_head":"<!-- This site is optimized with the Yoast SEO plugin v26.9 - https:\/\/yoast.com\/product\/yoast-seo-wordpress\/ -->\n<title>HDG promove capacita\u00e7\u00e3o integrada sobre sa\u00fade, seguran\u00e7a ocupacional e meio ambiente - Federassantas<\/title>\n<meta name=\"robots\" content=\"index, follow, max-snippet:-1, max-image-preview:large, max-video-preview:-1\" \/>\n<link rel=\"canonical\" href=\"https:\/\/www.federassantas.org.br\/novosite\/vigilancia-e-transporte-hdg-promove-capacitacao-integrada-sobre-saude-seguranca-ocupacional-e-meio-ambiente\/\" \/>\n<meta property=\"og:locale\" content=\"pt_BR\" \/>\n<meta property=\"og:type\" content=\"article\" \/>\n<meta property=\"og:title\" content=\"HDG promove capacita\u00e7\u00e3o integrada sobre sa\u00fade, seguran\u00e7a ocupacional e meio ambiente - Federassantas\" \/>\n<meta property=\"og:description\" content=\"O Servi\u00e7o Especializado em Engenharia de Seguran\u00e7a e Medicina do Trabalho (SESMT) do Hospital Dilson Godinho (HDG) realizou um importante treinamento voltado \u00e0s equipes de Vigil\u00e2ncia e Transporte da Institui\u00e7\u00e3o.\u00a0A capacita\u00e7\u00e3o foi conduzida pelas t\u00e9cnicas de Seguran\u00e7a do Trabalho Raiane Mirrelly Gon\u00e7alves e Silene Oliveira Cruz, que abordaram de forma integrada os eixos Sa\u00fade, Seguran\u00e7a [&hellip;]\" \/>\n<meta property=\"og:url\" content=\"https:\/\/www.federassantas.org.br\/novosite\/vigilancia-e-transporte-hdg-promove-capacitacao-integrada-sobre-saude-seguranca-ocupacional-e-meio-ambiente\/\" \/>\n<meta property=\"og:site_name\" content=\"Federassantas\" \/>\n<meta property=\"article:published_time\" content=\"2025-07-14T14:13:10+00:00\" \/>\n<meta property=\"article:modified_time\" content=\"2025-07-14T15:01:57+00:00\" \/>\n<meta property=\"og:image\" content=\"https:\/\/www.federassantas.org.br\/novosite\/wp-content\/uploads\/2025\/07\/TAMANHO-PARA-BANNER-SITE-12.png\" \/>\n\t<meta property=\"og:image:width\" content=\"1120\" \/>\n\t<meta property=\"og:image:height\" content=\"730\" \/>\n\t<meta property=\"og:image:type\" content=\"image\/png\" \/>\n<meta name=\"author\" content=\"admin-federas\" \/>\n<meta name=\"twitter:card\" content=\"summary_large_image\" \/>\n<meta name=\"twitter:label1\" content=\"Escrito por\" \/>\n\t<meta name=\"twitter:data1\" content=\"admin-federas\" \/>\n\t<meta name=\"twitter:label2\" content=\"Est. tempo de leitura\" \/>\n\t<meta name=\"twitter:data2\" content=\"3 minutos\" \/>\n<script type=\"application\/ld+json\" class=\"yoast-schema-graph\">{\"@context\":\"https:\/\/schema.org\",\"@graph\":[{\"@type\":\"Article\",\"@id\":\"https:\/\/www.federassantas.org.br\/novosite\/vigilancia-e-transporte-hdg-promove-capacitacao-integrada-sobre-saude-seguranca-ocupacional-e-meio-ambiente\/#article\",\"isPartOf\":{\"@id\":\"https:\/\/www.federassantas.org.br\/novosite\/vigilancia-e-transporte-hdg-promove-capacitacao-integrada-sobre-saude-seguranca-ocupacional-e-meio-ambiente\/\"},\"author\":{\"name\":\"admin-federas\",\"@id\":\"https:\/\/www.federassantas.org.br\/novosite\/#\/schema\/person\/75fed98158349313fe56175f232f513c\"},\"headline\":\"HDG promove capacita\u00e7\u00e3o integrada sobre sa\u00fade, seguran\u00e7a ocupacional e meio ambiente\",\"datePublished\":\"2025-07-14T14:13:10+00:00\",\"dateModified\":\"2025-07-14T15:01:57+00:00\",\"mainEntityOfPage\":{\"@id\":\"https:\/\/www.federassantas.org.br\/novosite\/vigilancia-e-transporte-hdg-promove-capacitacao-integrada-sobre-saude-seguranca-ocupacional-e-meio-ambiente\/\"},\"wordCount\":472,\"commentCount\":0,\"publisher\":{\"@id\":\"https:\/\/www.federassantas.org.br\/novosite\/#organization\"},\"image\":{\"@id\":\"https:\/\/www.federassantas.org.br\/novosite\/vigilancia-e-transporte-hdg-promove-capacitacao-integrada-sobre-saude-seguranca-ocupacional-e-meio-ambiente\/#primaryimage\"},\"thumbnailUrl\":\"https:\/\/www.federassantas.org.br\/novosite\/wp-content\/uploads\/2025\/07\/TAMANHO-PARA-BANNER-SITE-12.png\",\"articleSection\":[\"Not\u00edcias\"],\"inLanguage\":\"pt-BR\",\"potentialAction\":[{\"@type\":\"CommentAction\",\"name\":\"Comment\",\"target\":[\"https:\/\/www.federassantas.org.br\/novosite\/vigilancia-e-transporte-hdg-promove-capacitacao-integrada-sobre-saude-seguranca-ocupacional-e-meio-ambiente\/#respond\"]}]},{\"@type\":\"WebPage\",\"@id\":\"https:\/\/www.federassantas.org.br\/novosite\/vigilancia-e-transporte-hdg-promove-capacitacao-integrada-sobre-saude-seguranca-ocupacional-e-meio-ambiente\/\",\"url\":\"https:\/\/www.federassantas.org.br\/novosite\/vigilancia-e-transporte-hdg-promove-capacitacao-integrada-sobre-saude-seguranca-ocupacional-e-meio-ambiente\/\",\"name\":\"HDG promove capacita\u00e7\u00e3o integrada sobre sa\u00fade, seguran\u00e7a ocupacional e meio ambiente - Federassantas\",\"isPartOf\":{\"@id\":\"https:\/\/www.federassantas.org.br\/novosite\/#website\"},\"primaryImageOfPage\":{\"@id\":\"https:\/\/www.federassantas.org.br\/novosite\/vigilancia-e-transporte-hdg-promove-capacitacao-integrada-sobre-saude-seguranca-ocupacional-e-meio-ambiente\/#primaryimage\"},\"image\":{\"@id\":\"https:\/\/www.federassantas.org.br\/novosite\/vigilancia-e-transporte-hdg-promove-capacitacao-integrada-sobre-saude-seguranca-ocupacional-e-meio-ambiente\/#primaryimage\"},\"thumbnailUrl\":\"https:\/\/www.federassantas.org.br\/novosite\/wp-content\/uploads\/2025\/07\/TAMANHO-PARA-BANNER-SITE-12.png\",\"datePublished\":\"2025-07-14T14:13:10+00:00\",\"dateModified\":\"2025-07-14T15:01:57+00:00\",\"breadcrumb\":{\"@id\":\"https:\/\/www.federassantas.org.br\/novosite\/vigilancia-e-transporte-hdg-promove-capacitacao-integrada-sobre-saude-seguranca-ocupacional-e-meio-ambiente\/#breadcrumb\"},\"inLanguage\":\"pt-BR\",\"potentialAction\":[{\"@type\":\"ReadAction\",\"target\":[\"https:\/\/www.federassantas.org.br\/novosite\/vigilancia-e-transporte-hdg-promove-capacitacao-integrada-sobre-saude-seguranca-ocupacional-e-meio-ambiente\/\"]}]},{\"@type\":\"ImageObject\",\"inLanguage\":\"pt-BR\",\"@id\":\"https:\/\/www.federassantas.org.br\/novosite\/vigilancia-e-transporte-hdg-promove-capacitacao-integrada-sobre-saude-seguranca-ocupacional-e-meio-ambiente\/#primaryimage\",\"url\":\"https:\/\/www.federassantas.org.br\/novosite\/wp-content\/uploads\/2025\/07\/TAMANHO-PARA-BANNER-SITE-12.png\",\"contentUrl\":\"https:\/\/www.federassantas.org.br\/novosite\/wp-content\/uploads\/2025\/07\/TAMANHO-PARA-BANNER-SITE-12.png\",\"width\":1120,\"height\":730},{\"@type\":\"BreadcrumbList\",\"@id\":\"https:\/\/www.federassantas.org.br\/novosite\/vigilancia-e-transporte-hdg-promove-capacitacao-integrada-sobre-saude-seguranca-ocupacional-e-meio-ambiente\/#breadcrumb\",\"itemListElement\":[{\"@type\":\"ListItem\",\"position\":1,\"name\":\"In\u00edcio\",\"item\":\"https:\/\/www.federassantas.org.br\/novosite\/\"},{\"@type\":\"ListItem\",\"position\":2,\"name\":\"HDG promove capacita\u00e7\u00e3o integrada sobre sa\u00fade, seguran\u00e7a ocupacional e meio ambiente\"}]},{\"@type\":\"WebSite\",\"@id\":\"https:\/\/www.federassantas.org.br\/novosite\/#website\",\"url\":\"https:\/\/www.federassantas.org.br\/novosite\/\",\"name\":\"Federassantas\",\"description\":\"Fed. das Santas Casas e Hospitais Filantr\u00f3picos de MG\",\"publisher\":{\"@id\":\"https:\/\/www.federassantas.org.br\/novosite\/#organization\"},\"potentialAction\":[{\"@type\":\"SearchAction\",\"target\":{\"@type\":\"EntryPoint\",\"urlTemplate\":\"https:\/\/www.federassantas.org.br\/novosite\/?s={search_term_string}\"},\"query-input\":{\"@type\":\"PropertyValueSpecification\",\"valueRequired\":true,\"valueName\":\"search_term_string\"}}],\"inLanguage\":\"pt-BR\"},{\"@type\":\"Organization\",\"@id\":\"https:\/\/www.federassantas.org.br\/novosite\/#organization\",\"name\":\"Federassantas\",\"url\":\"https:\/\/www.federassantas.org.br\/novosite\/\",\"logo\":{\"@type\":\"ImageObject\",\"inLanguage\":\"pt-BR\",\"@id\":\"https:\/\/www.federassantas.org.br\/novosite\/#\/schema\/logo\/image\/\",\"url\":\"https:\/\/www.federassantas.org.br\/novosite\/wp-content\/uploads\/2021\/12\/logo.png\",\"contentUrl\":\"https:\/\/www.federassantas.org.br\/novosite\/wp-content\/uploads\/2021\/12\/logo.png\",\"width\":243,\"height\":59,\"caption\":\"Federassantas\"},\"image\":{\"@id\":\"https:\/\/www.federassantas.org.br\/novosite\/#\/schema\/logo\/image\/\"}},{\"@type\":\"Person\",\"@id\":\"https:\/\/www.federassantas.org.br\/novosite\/#\/schema\/person\/75fed98158349313fe56175f232f513c\",\"name\":\"admin-federas\",\"image\":{\"@type\":\"ImageObject\",\"inLanguage\":\"pt-BR\",\"@id\":\"https:\/\/www.federassantas.org.br\/novosite\/#\/schema\/person\/image\/\",\"url\":\"https:\/\/secure.gravatar.com\/avatar\/2a02d7dda59fe8dc6b7ffd3f652e2efede5ccf0dd89dfdc8137c5517f3de8407?s=96&d=mm&r=g\",\"contentUrl\":\"https:\/\/secure.gravatar.com\/avatar\/2a02d7dda59fe8dc6b7ffd3f652e2efede5ccf0dd89dfdc8137c5517f3de8407?s=96&d=mm&r=g\",\"caption\":\"admin-federas\"},\"sameAs\":[\"https:\/\/www.federassantas.org.br\/novosite\/\"],\"url\":\"https:\/\/www.federassantas.org.br\/novosite\/author\/admin-federas\/\"}]}<\/script>\n<!-- \/ Yoast SEO plugin. -->","yoast_head_json":{"title":"HDG promove capacita\u00e7\u00e3o integrada sobre sa\u00fade, seguran\u00e7a ocupacional e meio ambiente - Federassantas","robots":{"index":"index","follow":"follow","max-snippet":"max-snippet:-1","max-image-preview":"max-image-preview:large","max-video-preview":"max-video-preview:-1"},"canonical":"https:\/\/www.federassantas.org.br\/novosite\/vigilancia-e-transporte-hdg-promove-capacitacao-integrada-sobre-saude-seguranca-ocupacional-e-meio-ambiente\/","og_locale":"pt_BR","og_type":"article","og_title":"HDG promove capacita\u00e7\u00e3o integrada sobre sa\u00fade, seguran\u00e7a ocupacional e meio ambiente - Federassantas","og_description":"O Servi\u00e7o Especializado em Engenharia de Seguran\u00e7a e Medicina do Trabalho (SESMT) do Hospital Dilson Godinho (HDG) realizou um importante treinamento voltado \u00e0s equipes de Vigil\u00e2ncia e Transporte da Institui\u00e7\u00e3o.\u00a0A capacita\u00e7\u00e3o foi conduzida pelas t\u00e9cnicas de Seguran\u00e7a do Trabalho Raiane Mirrelly Gon\u00e7alves e Silene Oliveira Cruz, que abordaram de forma integrada os eixos Sa\u00fade, Seguran\u00e7a [&hellip;]","og_url":"https:\/\/www.federassantas.org.br\/novosite\/vigilancia-e-transporte-hdg-promove-capacitacao-integrada-sobre-saude-seguranca-ocupacional-e-meio-ambiente\/","og_site_name":"Federassantas","article_published_time":"2025-07-14T14:13:10+00:00","article_modified_time":"2025-07-14T15:01:57+00:00","og_image":[{"width":1120,"height":730,"url":"https:\/\/www.federassantas.org.br\/novosite\/wp-content\/uploads\/2025\/07\/TAMANHO-PARA-BANNER-SITE-12.png","type":"image\/png"}],"author":"admin-federas","twitter_card":"summary_large_image","twitter_misc":{"Escrito por":"admin-federas","Est. tempo de leitura":"3 minutos"},"schema":{"@context":"https:\/\/schema.org","@graph":[{"@type":"Article","@id":"https:\/\/www.federassantas.org.br\/novosite\/vigilancia-e-transporte-hdg-promove-capacitacao-integrada-sobre-saude-seguranca-ocupacional-e-meio-ambiente\/#article","isPartOf":{"@id":"https:\/\/www.federassantas.org.br\/novosite\/vigilancia-e-transporte-hdg-promove-capacitacao-integrada-sobre-saude-seguranca-ocupacional-e-meio-ambiente\/"},"author":{"name":"admin-federas","@id":"https:\/\/www.federassantas.org.br\/novosite\/#\/schema\/person\/75fed98158349313fe56175f232f513c"},"headline":"HDG promove capacita\u00e7\u00e3o integrada sobre sa\u00fade, seguran\u00e7a ocupacional e meio ambiente","datePublished":"2025-07-14T14:13:10+00:00","dateModified":"2025-07-14T15:01:57+00:00","mainEntityOfPage":{"@id":"https:\/\/www.federassantas.org.br\/novosite\/vigilancia-e-transporte-hdg-promove-capacitacao-integrada-sobre-saude-seguranca-ocupacional-e-meio-ambiente\/"},"wordCount":472,"commentCount":0,"publisher":{"@id":"https:\/\/www.federassantas.org.br\/novosite\/#organization"},"image":{"@id":"https:\/\/www.federassantas.org.br\/novosite\/vigilancia-e-transporte-hdg-promove-capacitacao-integrada-sobre-saude-seguranca-ocupacional-e-meio-ambiente\/#primaryimage"},"thumbnailUrl":"https:\/\/www.federassantas.org.br\/novosite\/wp-content\/uploads\/2025\/07\/TAMANHO-PARA-BANNER-SITE-12.png","articleSection":["Not\u00edcias"],"inLanguage":"pt-BR","potentialAction":[{"@type":"CommentAction","name":"Comment","target":["https:\/\/www.federassantas.org.br\/novosite\/vigilancia-e-transporte-hdg-promove-capacitacao-integrada-sobre-saude-seguranca-ocupacional-e-meio-ambiente\/#respond"]}]},{"@type":"WebPage","@id":"https:\/\/www.federassantas.org.br\/novosite\/vigilancia-e-transporte-hdg-promove-capacitacao-integrada-sobre-saude-seguranca-ocupacional-e-meio-ambiente\/","url":"https:\/\/www.federassantas.org.br\/novosite\/vigilancia-e-transporte-hdg-promove-capacitacao-integrada-sobre-saude-seguranca-ocupacional-e-meio-ambiente\/","name":"HDG promove capacita\u00e7\u00e3o integrada sobre sa\u00fade, seguran\u00e7a ocupacional e meio ambiente - Federassantas","isPartOf":{"@id":"https:\/\/www.federassantas.org.br\/novosite\/#website"},"primaryImageOfPage":{"@id":"https:\/\/www.federassantas.org.br\/novosite\/vigilancia-e-transporte-hdg-promove-capacitacao-integrada-sobre-saude-seguranca-ocupacional-e-meio-ambiente\/#primaryimage"},"image":{"@id":"https:\/\/www.federassantas.org.br\/novosite\/vigilancia-e-transporte-hdg-promove-capacitacao-integrada-sobre-saude-seguranca-ocupacional-e-meio-ambiente\/#primaryimage"},"thumbnailUrl":"https:\/\/www.federassantas.org.br\/novosite\/wp-content\/uploads\/2025\/07\/TAMANHO-PARA-BANNER-SITE-12.png","datePublished":"2025-07-14T14:13:10+00:00","dateModified":"2025-07-14T15:01:57+00:00","breadcrumb":{"@id":"https:\/\/www.federassantas.org.br\/novosite\/vigilancia-e-transporte-hdg-promove-capacitacao-integrada-sobre-saude-seguranca-ocupacional-e-meio-ambiente\/#breadcrumb"},"inLanguage":"pt-BR","potentialAction":[{"@type":"ReadAction","target":["https:\/\/www.federassantas.org.br\/novosite\/vigilancia-e-transporte-hdg-promove-capacitacao-integrada-sobre-saude-seguranca-ocupacional-e-meio-ambiente\/"]}]},{"@type":"ImageObject","inLanguage":"pt-BR","@id":"https:\/\/www.federassantas.org.br\/novosite\/vigilancia-e-transporte-hdg-promove-capacitacao-integrada-sobre-saude-seguranca-ocupacional-e-meio-ambiente\/#primaryimage","url":"https:\/\/www.federassantas.org.br\/novosite\/wp-content\/uploads\/2025\/07\/TAMANHO-PARA-BANNER-SITE-12.png","contentUrl":"https:\/\/www.federassantas.org.br\/novosite\/wp-content\/uploads\/2025\/07\/TAMANHO-PARA-BANNER-SITE-12.png","width":1120,"height":730},{"@type":"BreadcrumbList","@id":"https:\/\/www.federassantas.org.br\/novosite\/vigilancia-e-transporte-hdg-promove-capacitacao-integrada-sobre-saude-seguranca-ocupacional-e-meio-ambiente\/#breadcrumb","itemListElement":[{"@type":"ListItem","position":1,"name":"In\u00edcio","item":"https:\/\/www.federassantas.org.br\/novosite\/"},{"@type":"ListItem","position":2,"name":"HDG promove capacita\u00e7\u00e3o integrada sobre sa\u00fade, seguran\u00e7a ocupacional e meio ambiente"}]},{"@type":"WebSite","@id":"https:\/\/www.federassantas.org.br\/novosite\/#website","url":"https:\/\/www.federassantas.org.br\/novosite\/","name":"Federassantas","description":"Fed. das Santas Casas e Hospitais Filantr\u00f3picos de MG","publisher":{"@id":"https:\/\/www.federassantas.org.br\/novosite\/#organization"},"potentialAction":[{"@type":"SearchAction","target":{"@type":"EntryPoint","urlTemplate":"https:\/\/www.federassantas.org.br\/novosite\/?s={search_term_string}"},"query-input":{"@type":"PropertyValueSpecification","valueRequired":true,"valueName":"search_term_string"}}],"inLanguage":"pt-BR"},{"@type":"Organization","@id":"https:\/\/www.federassantas.org.br\/novosite\/#organization","name":"Federassantas","url":"https:\/\/www.federassantas.org.br\/novosite\/","logo":{"@type":"ImageObject","inLanguage":"pt-BR","@id":"https:\/\/www.federassantas.org.br\/novosite\/#\/schema\/logo\/image\/","url":"https:\/\/www.federassantas.org.br\/novosite\/wp-content\/uploads\/2021\/12\/logo.png","contentUrl":"https:\/\/www.federassantas.org.br\/novosite\/wp-content\/uploads\/2021\/12\/logo.png","width":243,"height":59,"caption":"Federassantas"},"image":{"@id":"https:\/\/www.federassantas.org.br\/novosite\/#\/schema\/logo\/image\/"}},{"@type":"Person","@id":"https:\/\/www.federassantas.org.br\/novosite\/#\/schema\/person\/75fed98158349313fe56175f232f513c","name":"admin-federas","image":{"@type":"ImageObject","inLanguage":"pt-BR","@id":"https:\/\/www.federassantas.org.br\/novosite\/#\/schema\/person\/image\/","url":"https:\/\/secure.gravatar.com\/avatar\/2a02d7dda59fe8dc6b7ffd3f652e2efede5ccf0dd89dfdc8137c5517f3de8407?s=96&d=mm&r=g","contentUrl":"https:\/\/secure.gravatar.com\/avatar\/2a02d7dda59fe8dc6b7ffd3f652e2efede5ccf0dd89dfdc8137c5517f3de8407?s=96&d=mm&r=g","caption":"admin-federas"},"sameAs":["https:\/\/www.federassantas.org.br\/novosite\/"],"url":"https:\/\/www.federassantas.org.br\/novosite\/author\/admin-federas\/"}]}},"_links":{"self":[{"href":"https:\/\/www.federassantas.org.br\/novosite\/wp-json\/wp\/v2\/posts\/38182","targetHints":{"allow":["GET"]}}],"collection":[{"href":"https:\/\/www.federassantas.org.br\/novosite\/wp-json\/wp\/v2\/posts"}],"about":[{"href":"https:\/\/www.federassantas.org.br\/novosite\/wp-json\/wp\/v2\/types\/post"}],"author":[{"embeddable":true,"href":"https:\/\/www.federassantas.org.br\/novosite\/wp-json\/wp\/v2\/users\/1"}],"replies":[{"embeddable":true,"href":"https:\/\/www.federassantas.org.br\/novosite\/wp-json\/wp\/v2\/comments?post=38182"}],"version-history":[{"count":7,"href":"https:\/\/www.federassantas.org.br\/novosite\/wp-json\/wp\/v2\/posts\/38182\/revisions"}],"predecessor-version":[{"id":38192,"href":"https:\/\/www.federassantas.org.br\/novosite\/wp-json\/wp\/v2\/posts\/38182\/revisions\/38192"}],"wp:featuredmedia":[{"embeddable":true,"href":"https:\/\/www.federassantas.org.br\/novosite\/wp-json\/wp\/v2\/media\/38191"}],"wp:attachment":[{"href":"https:\/\/www.federassantas.org.br\/novosite\/wp-json\/wp\/v2\/media?parent=38182"}],"wp:term":[{"taxonomy":"category","embeddable":true,"href":"https:\/\/www.federassantas.org.br\/novosite\/wp-json\/wp\/v2\/categories?post=38182"},{"taxonomy":"post_tag","embeddable":true,"href":"https:\/\/www.federassantas.org.br\/novosite\/wp-json\/wp\/v2\/tags?post=38182"}],"curies":[{"name":"wp","href":"https:\/\/api.w.org\/{rel}","templated":true}]}}