{"id":38193,"date":"2025-07-14T12:13:55","date_gmt":"2025-07-14T15:13:55","guid":{"rendered":"https:\/\/www.federassantas.org.br\/novosite\/?p=38193"},"modified":"2025-07-14T12:13:55","modified_gmt":"2025-07-14T15:13:55","slug":"linhas-de-esperanca-voluntarias-doam-250-pecas-e-aquecem-coracoes-na-santa-casa-de-pocos","status":"publish","type":"post","link":"https:\/\/www.federassantas.org.br\/novosite\/linhas-de-esperanca-voluntarias-doam-250-pecas-e-aquecem-coracoes-na-santa-casa-de-pocos\/","title":{"rendered":"Linhas de Esperan\u00e7a: Volunt\u00e1rias doam 250 pe\u00e7as e aquecem cora\u00e7\u00f5es na Santa Casa de Po\u00e7os"},"content":{"rendered":"\t\t<div data-elementor-type=\"wp-post\" data-elementor-id=\"38193\" class=\"elementor elementor-38193\" data-elementor-post-type=\"post\">\n\t\t\t\t\t\t<section class=\"elementor-section elementor-top-section elementor-element elementor-element-cfdf657 elementor-section-boxed elementor-section-height-default elementor-section-height-default\" data-id=\"cfdf657\" data-element_type=\"section\" data-e-type=\"section\">\n\t\t\t\t\t\t<div class=\"elementor-container elementor-column-gap-default\">\n\t\t\t\t\t<div class=\"elementor-column elementor-col-100 elementor-top-column elementor-element elementor-element-be4d22a\" data-id=\"be4d22a\" data-element_type=\"column\" data-e-type=\"column\">\n\t\t\t<div class=\"elementor-widget-wrap elementor-element-populated\">\n\t\t\t\t\t\t<div class=\"elementor-element elementor-element-acb1573 elementor-widget elementor-widget-text-editor\" data-id=\"acb1573\" data-element_type=\"widget\" data-e-type=\"widget\" data-widget_type=\"text-editor.default\">\n\t\t\t\t<div class=\"elementor-widget-container\">\n\t\t\t\t\t\t\t\t\t<p>A Santa Casa de Po\u00e7os de Caldas recebeu uma doa\u00e7\u00e3o especial: cerca de 250 pe\u00e7as feitas \u00e0 m\u00e3o em tric\u00f4 e croch\u00ea, como roupinhas de beb\u00ea, agasalhos, meias, sapatinhos, cachec\u00f3is e gorros \u2014 todas confeccionadas com carinho por um grupo de volunt\u00e1rias do Sesc Po\u00e7os. Cada ponto, cada la\u00e7ada, carregava hist\u00f3rias de supera\u00e7\u00e3o, solidariedade e amor ao pr\u00f3ximo.<\/p><p>As pe\u00e7as foram distribu\u00eddas entre pacientes do hospital, de rec\u00e9m-nascidos a idosos. E mais do que agasalhos para o corpo, elas chegam como um abra\u00e7o de acolhimento em forma de l\u00e3 \u2014 e de esperan\u00e7a.\u00a0O projeto, coordenado pelo analista de A\u00e7\u00e3o Social do Sesc, Allan Reginaldo Batista, j\u00e1 existe h\u00e1 anos e envolve mais de 40 volunt\u00e1rias, a maioria com mais de 60 anos. <strong>\u201cEsse grupo tem a finalidade de produzir tric\u00f4 e croch\u00ea com afeto. S\u00e3o elas que escolhem o que v\u00e3o fazer, para quem v\u00e3o doar, como ser\u00e1 o estilo. \u00c9 uma decis\u00e3o totalmente delas, e isso \u00e9 o mais bonito: elas se comprometem com o bem\u201d<\/strong>, contou Allan.<\/p><p>Segundo ele, todos os anos uma nova institui\u00e7\u00e3o \u00e9 contemplada com as doa\u00e7\u00f5es. Neste ano, a escolhida foi a Santa Casa. <strong>\u201cO Sesc oferece o espa\u00e7o e os materiais, mas a transforma\u00e7\u00e3o social \u00e9 feita por elas. S\u00e3o mulheres que decidiram que o tempo delas, o talento delas, poderiam gerar aconchego para quem mais precisa. E isso tem um valor imenso.\u201d\u00a0<\/strong>Entre essas mulheres est\u00e1 Erondes do Carmo Vieira Martins, uma das volunt\u00e1rias que mais produziu pe\u00e7as para a doa\u00e7\u00e3o. Sua hist\u00f3ria \u00e9 t\u00e3o emocionante quanto inspiradora.\u00a0\u201c<strong>Desde que entrei aqui, foi uma terapia pra mim. Teve uma \u00e9poca que fiquei muito doente e n\u00e3o podia vir ao Sesc, mas o Allan me dava a l\u00e3 e eu continuava fazendo de casa. Eu me sinto muito feliz em ajudar\u201d<\/strong>, contou.<\/p><p>Erondes enfrentou uma inf\u00e2ncia marcada pela pobreza, frio e abandono. Foi criada em um orfanato e, depois, acolhida por uma fam\u00edlia apenas para trabalhar. <strong>\u201cPassei muita necessidade. Era muito pobre, n\u00e3o tinha roupa, passava frio. Minha m\u00e3e faleceu, \u00e9ramos nove irm\u00e3os, e naquela \u00e9poca n\u00e3o existia ajuda de ningu\u00e9m.\u201d\u00a0<\/strong>Mas, mesmo diante das adversidades, ela guardou em si um prop\u00f3sito: o de ser feliz e retribuir o bem. <strong>\u201cDeus me aben\u00e7oou. Sobrevivi \u00e0 pandemia, conheci uma pessoa muito boa que mudou minha vida. Ent\u00e3o, tudo que eu puder fazer para ajudar, eu fa\u00e7o. Fazer essas pe\u00e7as \u00e9 minha forma de agradecer. \u00c9 meu prazer. Eu costumo dizer que quem doa, doa mais do que l\u00e3. A gente doa carinho, calor humano, doa uma parte da nossa hist\u00f3ria.\u201d<\/strong><\/p><p>A entrega emocionou os colaboradores do Hospital e refor\u00e7ou que o cuidado vai muito al\u00e9m dos medicamentos ou equipamentos. \u00c0s vezes, vem em forma de uma touquinha feita \u00e0 m\u00e3o, com pontos de afeto e linhas de esperan\u00e7a.<\/p><p>Fonte: Assessoria de Comunica\u00e7\u00e3o de Po\u00e7os de Caldas<\/p>\t\t\t\t\t\t\t\t<\/div>\n\t\t\t\t<\/div>\n\t\t\t\t\t<\/div>\n\t\t<\/div>\n\t\t\t\t\t<\/div>\n\t\t<\/section>\n\t\t\t\t<\/div>\n\t\t","protected":false},"excerpt":{"rendered":"<p>A Santa Casa de Po\u00e7os de Caldas recebeu uma doa\u00e7\u00e3o especial: cerca de 250 pe\u00e7as feitas \u00e0 m\u00e3o em tric\u00f4 e croch\u00ea, como roupinhas de beb\u00ea, agasalhos, meias, sapatinhos, cachec\u00f3is e gorros \u2014 todas confeccionadas com carinho por um grupo de volunt\u00e1rias do Sesc Po\u00e7os. Cada ponto, cada la\u00e7ada, carregava hist\u00f3rias de supera\u00e7\u00e3o, solidariedade e [&hellip;]<\/p>\n","protected":false},"author":1,"featured_media":38203,"comment_status":"open","ping_status":"open","sticky":false,"template":"","format":"standard","meta":{"footnotes":""},"categories":[140],"tags":[],"class_list":["post-38193","post","type-post","status-publish","format-standard","has-post-thumbnail","hentry","category-noticias"],"yoast_head":"<!-- This site is optimized with the Yoast SEO plugin v26.9 - https:\/\/yoast.com\/product\/yoast-seo-wordpress\/ -->\n<title>Linhas de Esperan\u00e7a: Volunt\u00e1rias doam 250 pe\u00e7as e aquecem cora\u00e7\u00f5es na Santa Casa de Po\u00e7os - Federassantas<\/title>\n<meta name=\"robots\" content=\"index, follow, max-snippet:-1, max-image-preview:large, max-video-preview:-1\" \/>\n<link rel=\"canonical\" href=\"https:\/\/www.federassantas.org.br\/novosite\/linhas-de-esperanca-voluntarias-doam-250-pecas-e-aquecem-coracoes-na-santa-casa-de-pocos\/\" \/>\n<meta property=\"og:locale\" content=\"pt_BR\" \/>\n<meta property=\"og:type\" content=\"article\" \/>\n<meta property=\"og:title\" content=\"Linhas de Esperan\u00e7a: Volunt\u00e1rias doam 250 pe\u00e7as e aquecem cora\u00e7\u00f5es na Santa Casa de Po\u00e7os - Federassantas\" \/>\n<meta property=\"og:description\" content=\"A Santa Casa de Po\u00e7os de Caldas recebeu uma doa\u00e7\u00e3o especial: cerca de 250 pe\u00e7as feitas \u00e0 m\u00e3o em tric\u00f4 e croch\u00ea, como roupinhas de beb\u00ea, agasalhos, meias, sapatinhos, cachec\u00f3is e gorros \u2014 todas confeccionadas com carinho por um grupo de volunt\u00e1rias do Sesc Po\u00e7os. Cada ponto, cada la\u00e7ada, carregava hist\u00f3rias de supera\u00e7\u00e3o, solidariedade e [&hellip;]\" \/>\n<meta property=\"og:url\" content=\"https:\/\/www.federassantas.org.br\/novosite\/linhas-de-esperanca-voluntarias-doam-250-pecas-e-aquecem-coracoes-na-santa-casa-de-pocos\/\" \/>\n<meta property=\"og:site_name\" content=\"Federassantas\" \/>\n<meta property=\"article:published_time\" content=\"2025-07-14T15:13:55+00:00\" \/>\n<meta property=\"og:image\" content=\"https:\/\/www.federassantas.org.br\/novosite\/wp-content\/uploads\/2025\/07\/TAMANHO-PARA-BANNER-SITE-13.png\" \/>\n\t<meta property=\"og:image:width\" content=\"1120\" \/>\n\t<meta property=\"og:image:height\" content=\"730\" \/>\n\t<meta property=\"og:image:type\" content=\"image\/png\" \/>\n<meta name=\"author\" content=\"admin-federas\" \/>\n<meta name=\"twitter:card\" content=\"summary_large_image\" \/>\n<meta name=\"twitter:label1\" content=\"Escrito por\" \/>\n\t<meta name=\"twitter:data1\" content=\"admin-federas\" \/>\n\t<meta name=\"twitter:label2\" content=\"Est. tempo de leitura\" \/>\n\t<meta name=\"twitter:data2\" content=\"3 minutos\" \/>\n<script type=\"application\/ld+json\" class=\"yoast-schema-graph\">{\"@context\":\"https:\/\/schema.org\",\"@graph\":[{\"@type\":\"Article\",\"@id\":\"https:\/\/www.federassantas.org.br\/novosite\/linhas-de-esperanca-voluntarias-doam-250-pecas-e-aquecem-coracoes-na-santa-casa-de-pocos\/#article\",\"isPartOf\":{\"@id\":\"https:\/\/www.federassantas.org.br\/novosite\/linhas-de-esperanca-voluntarias-doam-250-pecas-e-aquecem-coracoes-na-santa-casa-de-pocos\/\"},\"author\":{\"name\":\"admin-federas\",\"@id\":\"https:\/\/www.federassantas.org.br\/novosite\/#\/schema\/person\/75fed98158349313fe56175f232f513c\"},\"headline\":\"Linhas de Esperan\u00e7a: Volunt\u00e1rias doam 250 pe\u00e7as e aquecem cora\u00e7\u00f5es na Santa Casa de Po\u00e7os\",\"datePublished\":\"2025-07-14T15:13:55+00:00\",\"mainEntityOfPage\":{\"@id\":\"https:\/\/www.federassantas.org.br\/novosite\/linhas-de-esperanca-voluntarias-doam-250-pecas-e-aquecem-coracoes-na-santa-casa-de-pocos\/\"},\"wordCount\":529,\"commentCount\":0,\"publisher\":{\"@id\":\"https:\/\/www.federassantas.org.br\/novosite\/#organization\"},\"image\":{\"@id\":\"https:\/\/www.federassantas.org.br\/novosite\/linhas-de-esperanca-voluntarias-doam-250-pecas-e-aquecem-coracoes-na-santa-casa-de-pocos\/#primaryimage\"},\"thumbnailUrl\":\"https:\/\/www.federassantas.org.br\/novosite\/wp-content\/uploads\/2025\/07\/TAMANHO-PARA-BANNER-SITE-13.png\",\"articleSection\":[\"Not\u00edcias\"],\"inLanguage\":\"pt-BR\",\"potentialAction\":[{\"@type\":\"CommentAction\",\"name\":\"Comment\",\"target\":[\"https:\/\/www.federassantas.org.br\/novosite\/linhas-de-esperanca-voluntarias-doam-250-pecas-e-aquecem-coracoes-na-santa-casa-de-pocos\/#respond\"]}]},{\"@type\":\"WebPage\",\"@id\":\"https:\/\/www.federassantas.org.br\/novosite\/linhas-de-esperanca-voluntarias-doam-250-pecas-e-aquecem-coracoes-na-santa-casa-de-pocos\/\",\"url\":\"https:\/\/www.federassantas.org.br\/novosite\/linhas-de-esperanca-voluntarias-doam-250-pecas-e-aquecem-coracoes-na-santa-casa-de-pocos\/\",\"name\":\"Linhas de Esperan\u00e7a: Volunt\u00e1rias doam 250 pe\u00e7as e aquecem cora\u00e7\u00f5es na Santa Casa de Po\u00e7os - Federassantas\",\"isPartOf\":{\"@id\":\"https:\/\/www.federassantas.org.br\/novosite\/#website\"},\"primaryImageOfPage\":{\"@id\":\"https:\/\/www.federassantas.org.br\/novosite\/linhas-de-esperanca-voluntarias-doam-250-pecas-e-aquecem-coracoes-na-santa-casa-de-pocos\/#primaryimage\"},\"image\":{\"@id\":\"https:\/\/www.federassantas.org.br\/novosite\/linhas-de-esperanca-voluntarias-doam-250-pecas-e-aquecem-coracoes-na-santa-casa-de-pocos\/#primaryimage\"},\"thumbnailUrl\":\"https:\/\/www.federassantas.org.br\/novosite\/wp-content\/uploads\/2025\/07\/TAMANHO-PARA-BANNER-SITE-13.png\",\"datePublished\":\"2025-07-14T15:13:55+00:00\",\"breadcrumb\":{\"@id\":\"https:\/\/www.federassantas.org.br\/novosite\/linhas-de-esperanca-voluntarias-doam-250-pecas-e-aquecem-coracoes-na-santa-casa-de-pocos\/#breadcrumb\"},\"inLanguage\":\"pt-BR\",\"potentialAction\":[{\"@type\":\"ReadAction\",\"target\":[\"https:\/\/www.federassantas.org.br\/novosite\/linhas-de-esperanca-voluntarias-doam-250-pecas-e-aquecem-coracoes-na-santa-casa-de-pocos\/\"]}]},{\"@type\":\"ImageObject\",\"inLanguage\":\"pt-BR\",\"@id\":\"https:\/\/www.federassantas.org.br\/novosite\/linhas-de-esperanca-voluntarias-doam-250-pecas-e-aquecem-coracoes-na-santa-casa-de-pocos\/#primaryimage\",\"url\":\"https:\/\/www.federassantas.org.br\/novosite\/wp-content\/uploads\/2025\/07\/TAMANHO-PARA-BANNER-SITE-13.png\",\"contentUrl\":\"https:\/\/www.federassantas.org.br\/novosite\/wp-content\/uploads\/2025\/07\/TAMANHO-PARA-BANNER-SITE-13.png\",\"width\":1120,\"height\":730},{\"@type\":\"BreadcrumbList\",\"@id\":\"https:\/\/www.federassantas.org.br\/novosite\/linhas-de-esperanca-voluntarias-doam-250-pecas-e-aquecem-coracoes-na-santa-casa-de-pocos\/#breadcrumb\",\"itemListElement\":[{\"@type\":\"ListItem\",\"position\":1,\"name\":\"In\u00edcio\",\"item\":\"https:\/\/www.federassantas.org.br\/novosite\/\"},{\"@type\":\"ListItem\",\"position\":2,\"name\":\"Linhas de Esperan\u00e7a: Volunt\u00e1rias doam 250 pe\u00e7as e aquecem cora\u00e7\u00f5es na Santa Casa de Po\u00e7os\"}]},{\"@type\":\"WebSite\",\"@id\":\"https:\/\/www.federassantas.org.br\/novosite\/#website\",\"url\":\"https:\/\/www.federassantas.org.br\/novosite\/\",\"name\":\"Federassantas\",\"description\":\"Fed. das Santas Casas e Hospitais Filantr\u00f3picos de MG\",\"publisher\":{\"@id\":\"https:\/\/www.federassantas.org.br\/novosite\/#organization\"},\"potentialAction\":[{\"@type\":\"SearchAction\",\"target\":{\"@type\":\"EntryPoint\",\"urlTemplate\":\"https:\/\/www.federassantas.org.br\/novosite\/?s={search_term_string}\"},\"query-input\":{\"@type\":\"PropertyValueSpecification\",\"valueRequired\":true,\"valueName\":\"search_term_string\"}}],\"inLanguage\":\"pt-BR\"},{\"@type\":\"Organization\",\"@id\":\"https:\/\/www.federassantas.org.br\/novosite\/#organization\",\"name\":\"Federassantas\",\"url\":\"https:\/\/www.federassantas.org.br\/novosite\/\",\"logo\":{\"@type\":\"ImageObject\",\"inLanguage\":\"pt-BR\",\"@id\":\"https:\/\/www.federassantas.org.br\/novosite\/#\/schema\/logo\/image\/\",\"url\":\"https:\/\/www.federassantas.org.br\/novosite\/wp-content\/uploads\/2021\/12\/logo.png\",\"contentUrl\":\"https:\/\/www.federassantas.org.br\/novosite\/wp-content\/uploads\/2021\/12\/logo.png\",\"width\":243,\"height\":59,\"caption\":\"Federassantas\"},\"image\":{\"@id\":\"https:\/\/www.federassantas.org.br\/novosite\/#\/schema\/logo\/image\/\"}},{\"@type\":\"Person\",\"@id\":\"https:\/\/www.federassantas.org.br\/novosite\/#\/schema\/person\/75fed98158349313fe56175f232f513c\",\"name\":\"admin-federas\",\"image\":{\"@type\":\"ImageObject\",\"inLanguage\":\"pt-BR\",\"@id\":\"https:\/\/www.federassantas.org.br\/novosite\/#\/schema\/person\/image\/\",\"url\":\"https:\/\/secure.gravatar.com\/avatar\/2a02d7dda59fe8dc6b7ffd3f652e2efede5ccf0dd89dfdc8137c5517f3de8407?s=96&d=mm&r=g\",\"contentUrl\":\"https:\/\/secure.gravatar.com\/avatar\/2a02d7dda59fe8dc6b7ffd3f652e2efede5ccf0dd89dfdc8137c5517f3de8407?s=96&d=mm&r=g\",\"caption\":\"admin-federas\"},\"sameAs\":[\"https:\/\/www.federassantas.org.br\/novosite\/\"],\"url\":\"https:\/\/www.federassantas.org.br\/novosite\/author\/admin-federas\/\"}]}<\/script>\n<!-- \/ Yoast SEO plugin. -->","yoast_head_json":{"title":"Linhas de Esperan\u00e7a: Volunt\u00e1rias doam 250 pe\u00e7as e aquecem cora\u00e7\u00f5es na Santa Casa de Po\u00e7os - Federassantas","robots":{"index":"index","follow":"follow","max-snippet":"max-snippet:-1","max-image-preview":"max-image-preview:large","max-video-preview":"max-video-preview:-1"},"canonical":"https:\/\/www.federassantas.org.br\/novosite\/linhas-de-esperanca-voluntarias-doam-250-pecas-e-aquecem-coracoes-na-santa-casa-de-pocos\/","og_locale":"pt_BR","og_type":"article","og_title":"Linhas de Esperan\u00e7a: Volunt\u00e1rias doam 250 pe\u00e7as e aquecem cora\u00e7\u00f5es na Santa Casa de Po\u00e7os - Federassantas","og_description":"A Santa Casa de Po\u00e7os de Caldas recebeu uma doa\u00e7\u00e3o especial: cerca de 250 pe\u00e7as feitas \u00e0 m\u00e3o em tric\u00f4 e croch\u00ea, como roupinhas de beb\u00ea, agasalhos, meias, sapatinhos, cachec\u00f3is e gorros \u2014 todas confeccionadas com carinho por um grupo de volunt\u00e1rias do Sesc Po\u00e7os. Cada ponto, cada la\u00e7ada, carregava hist\u00f3rias de supera\u00e7\u00e3o, solidariedade e [&hellip;]","og_url":"https:\/\/www.federassantas.org.br\/novosite\/linhas-de-esperanca-voluntarias-doam-250-pecas-e-aquecem-coracoes-na-santa-casa-de-pocos\/","og_site_name":"Federassantas","article_published_time":"2025-07-14T15:13:55+00:00","og_image":[{"width":1120,"height":730,"url":"https:\/\/www.federassantas.org.br\/novosite\/wp-content\/uploads\/2025\/07\/TAMANHO-PARA-BANNER-SITE-13.png","type":"image\/png"}],"author":"admin-federas","twitter_card":"summary_large_image","twitter_misc":{"Escrito por":"admin-federas","Est. tempo de leitura":"3 minutos"},"schema":{"@context":"https:\/\/schema.org","@graph":[{"@type":"Article","@id":"https:\/\/www.federassantas.org.br\/novosite\/linhas-de-esperanca-voluntarias-doam-250-pecas-e-aquecem-coracoes-na-santa-casa-de-pocos\/#article","isPartOf":{"@id":"https:\/\/www.federassantas.org.br\/novosite\/linhas-de-esperanca-voluntarias-doam-250-pecas-e-aquecem-coracoes-na-santa-casa-de-pocos\/"},"author":{"name":"admin-federas","@id":"https:\/\/www.federassantas.org.br\/novosite\/#\/schema\/person\/75fed98158349313fe56175f232f513c"},"headline":"Linhas de Esperan\u00e7a: Volunt\u00e1rias doam 250 pe\u00e7as e aquecem cora\u00e7\u00f5es na Santa Casa de Po\u00e7os","datePublished":"2025-07-14T15:13:55+00:00","mainEntityOfPage":{"@id":"https:\/\/www.federassantas.org.br\/novosite\/linhas-de-esperanca-voluntarias-doam-250-pecas-e-aquecem-coracoes-na-santa-casa-de-pocos\/"},"wordCount":529,"commentCount":0,"publisher":{"@id":"https:\/\/www.federassantas.org.br\/novosite\/#organization"},"image":{"@id":"https:\/\/www.federassantas.org.br\/novosite\/linhas-de-esperanca-voluntarias-doam-250-pecas-e-aquecem-coracoes-na-santa-casa-de-pocos\/#primaryimage"},"thumbnailUrl":"https:\/\/www.federassantas.org.br\/novosite\/wp-content\/uploads\/2025\/07\/TAMANHO-PARA-BANNER-SITE-13.png","articleSection":["Not\u00edcias"],"inLanguage":"pt-BR","potentialAction":[{"@type":"CommentAction","name":"Comment","target":["https:\/\/www.federassantas.org.br\/novosite\/linhas-de-esperanca-voluntarias-doam-250-pecas-e-aquecem-coracoes-na-santa-casa-de-pocos\/#respond"]}]},{"@type":"WebPage","@id":"https:\/\/www.federassantas.org.br\/novosite\/linhas-de-esperanca-voluntarias-doam-250-pecas-e-aquecem-coracoes-na-santa-casa-de-pocos\/","url":"https:\/\/www.federassantas.org.br\/novosite\/linhas-de-esperanca-voluntarias-doam-250-pecas-e-aquecem-coracoes-na-santa-casa-de-pocos\/","name":"Linhas de Esperan\u00e7a: Volunt\u00e1rias doam 250 pe\u00e7as e aquecem cora\u00e7\u00f5es na Santa Casa de Po\u00e7os - Federassantas","isPartOf":{"@id":"https:\/\/www.federassantas.org.br\/novosite\/#website"},"primaryImageOfPage":{"@id":"https:\/\/www.federassantas.org.br\/novosite\/linhas-de-esperanca-voluntarias-doam-250-pecas-e-aquecem-coracoes-na-santa-casa-de-pocos\/#primaryimage"},"image":{"@id":"https:\/\/www.federassantas.org.br\/novosite\/linhas-de-esperanca-voluntarias-doam-250-pecas-e-aquecem-coracoes-na-santa-casa-de-pocos\/#primaryimage"},"thumbnailUrl":"https:\/\/www.federassantas.org.br\/novosite\/wp-content\/uploads\/2025\/07\/TAMANHO-PARA-BANNER-SITE-13.png","datePublished":"2025-07-14T15:13:55+00:00","breadcrumb":{"@id":"https:\/\/www.federassantas.org.br\/novosite\/linhas-de-esperanca-voluntarias-doam-250-pecas-e-aquecem-coracoes-na-santa-casa-de-pocos\/#breadcrumb"},"inLanguage":"pt-BR","potentialAction":[{"@type":"ReadAction","target":["https:\/\/www.federassantas.org.br\/novosite\/linhas-de-esperanca-voluntarias-doam-250-pecas-e-aquecem-coracoes-na-santa-casa-de-pocos\/"]}]},{"@type":"ImageObject","inLanguage":"pt-BR","@id":"https:\/\/www.federassantas.org.br\/novosite\/linhas-de-esperanca-voluntarias-doam-250-pecas-e-aquecem-coracoes-na-santa-casa-de-pocos\/#primaryimage","url":"https:\/\/www.federassantas.org.br\/novosite\/wp-content\/uploads\/2025\/07\/TAMANHO-PARA-BANNER-SITE-13.png","contentUrl":"https:\/\/www.federassantas.org.br\/novosite\/wp-content\/uploads\/2025\/07\/TAMANHO-PARA-BANNER-SITE-13.png","width":1120,"height":730},{"@type":"BreadcrumbList","@id":"https:\/\/www.federassantas.org.br\/novosite\/linhas-de-esperanca-voluntarias-doam-250-pecas-e-aquecem-coracoes-na-santa-casa-de-pocos\/#breadcrumb","itemListElement":[{"@type":"ListItem","position":1,"name":"In\u00edcio","item":"https:\/\/www.federassantas.org.br\/novosite\/"},{"@type":"ListItem","position":2,"name":"Linhas de Esperan\u00e7a: Volunt\u00e1rias doam 250 pe\u00e7as e aquecem cora\u00e7\u00f5es na Santa Casa de Po\u00e7os"}]},{"@type":"WebSite","@id":"https:\/\/www.federassantas.org.br\/novosite\/#website","url":"https:\/\/www.federassantas.org.br\/novosite\/","name":"Federassantas","description":"Fed. das Santas Casas e Hospitais Filantr\u00f3picos de MG","publisher":{"@id":"https:\/\/www.federassantas.org.br\/novosite\/#organization"},"potentialAction":[{"@type":"SearchAction","target":{"@type":"EntryPoint","urlTemplate":"https:\/\/www.federassantas.org.br\/novosite\/?s={search_term_string}"},"query-input":{"@type":"PropertyValueSpecification","valueRequired":true,"valueName":"search_term_string"}}],"inLanguage":"pt-BR"},{"@type":"Organization","@id":"https:\/\/www.federassantas.org.br\/novosite\/#organization","name":"Federassantas","url":"https:\/\/www.federassantas.org.br\/novosite\/","logo":{"@type":"ImageObject","inLanguage":"pt-BR","@id":"https:\/\/www.federassantas.org.br\/novosite\/#\/schema\/logo\/image\/","url":"https:\/\/www.federassantas.org.br\/novosite\/wp-content\/uploads\/2021\/12\/logo.png","contentUrl":"https:\/\/www.federassantas.org.br\/novosite\/wp-content\/uploads\/2021\/12\/logo.png","width":243,"height":59,"caption":"Federassantas"},"image":{"@id":"https:\/\/www.federassantas.org.br\/novosite\/#\/schema\/logo\/image\/"}},{"@type":"Person","@id":"https:\/\/www.federassantas.org.br\/novosite\/#\/schema\/person\/75fed98158349313fe56175f232f513c","name":"admin-federas","image":{"@type":"ImageObject","inLanguage":"pt-BR","@id":"https:\/\/www.federassantas.org.br\/novosite\/#\/schema\/person\/image\/","url":"https:\/\/secure.gravatar.com\/avatar\/2a02d7dda59fe8dc6b7ffd3f652e2efede5ccf0dd89dfdc8137c5517f3de8407?s=96&d=mm&r=g","contentUrl":"https:\/\/secure.gravatar.com\/avatar\/2a02d7dda59fe8dc6b7ffd3f652e2efede5ccf0dd89dfdc8137c5517f3de8407?s=96&d=mm&r=g","caption":"admin-federas"},"sameAs":["https:\/\/www.federassantas.org.br\/novosite\/"],"url":"https:\/\/www.federassantas.org.br\/novosite\/author\/admin-federas\/"}]}},"_links":{"self":[{"href":"https:\/\/www.federassantas.org.br\/novosite\/wp-json\/wp\/v2\/posts\/38193","targetHints":{"allow":["GET"]}}],"collection":[{"href":"https:\/\/www.federassantas.org.br\/novosite\/wp-json\/wp\/v2\/posts"}],"about":[{"href":"https:\/\/www.federassantas.org.br\/novosite\/wp-json\/wp\/v2\/types\/post"}],"author":[{"embeddable":true,"href":"https:\/\/www.federassantas.org.br\/novosite\/wp-json\/wp\/v2\/users\/1"}],"replies":[{"embeddable":true,"href":"https:\/\/www.federassantas.org.br\/novosite\/wp-json\/wp\/v2\/comments?post=38193"}],"version-history":[{"count":8,"href":"https:\/\/www.federassantas.org.br\/novosite\/wp-json\/wp\/v2\/posts\/38193\/revisions"}],"predecessor-version":[{"id":38204,"href":"https:\/\/www.federassantas.org.br\/novosite\/wp-json\/wp\/v2\/posts\/38193\/revisions\/38204"}],"wp:featuredmedia":[{"embeddable":true,"href":"https:\/\/www.federassantas.org.br\/novosite\/wp-json\/wp\/v2\/media\/38203"}],"wp:attachment":[{"href":"https:\/\/www.federassantas.org.br\/novosite\/wp-json\/wp\/v2\/media?parent=38193"}],"wp:term":[{"taxonomy":"category","embeddable":true,"href":"https:\/\/www.federassantas.org.br\/novosite\/wp-json\/wp\/v2\/categories?post=38193"},{"taxonomy":"post_tag","embeddable":true,"href":"https:\/\/www.federassantas.org.br\/novosite\/wp-json\/wp\/v2\/tags?post=38193"}],"curies":[{"name":"wp","href":"https:\/\/api.w.org\/{rel}","templated":true}]}}