{"id":38221,"date":"2025-07-18T15:46:35","date_gmt":"2025-07-18T18:46:35","guid":{"rendered":"https:\/\/www.federassantas.org.br\/novosite\/?p=38221"},"modified":"2025-07-18T15:46:35","modified_gmt":"2025-07-18T18:46:35","slug":"com-recursos-do-ministerio-publico-santa-casa-bh-inaugura-unidade-transitoria","status":"publish","type":"post","link":"https:\/\/www.federassantas.org.br\/novosite\/com-recursos-do-ministerio-publico-santa-casa-bh-inaugura-unidade-transitoria\/","title":{"rendered":"Com recursos do Minist\u00e9rio P\u00fablico, Santa Casa BH inaugura unidade transit\u00f3ria"},"content":{"rendered":"\t\t<div data-elementor-type=\"wp-post\" data-elementor-id=\"38221\" class=\"elementor elementor-38221\" data-elementor-post-type=\"post\">\n\t\t\t\t\t\t<section class=\"elementor-section elementor-top-section elementor-element elementor-element-0df1b40 elementor-section-boxed elementor-section-height-default elementor-section-height-default\" data-id=\"0df1b40\" data-element_type=\"section\" data-e-type=\"section\">\n\t\t\t\t\t\t<div class=\"elementor-container elementor-column-gap-default\">\n\t\t\t\t\t<div class=\"elementor-column elementor-col-100 elementor-top-column elementor-element elementor-element-978ddd9\" data-id=\"978ddd9\" data-element_type=\"column\" data-e-type=\"column\">\n\t\t\t<div class=\"elementor-widget-wrap elementor-element-populated\">\n\t\t\t\t\t\t<div class=\"elementor-element elementor-element-692e529 elementor-widget elementor-widget-text-editor\" data-id=\"692e529\" data-element_type=\"widget\" data-e-type=\"widget\" data-widget_type=\"text-editor.default\">\n\t\t\t\t<div class=\"elementor-widget-container\">\n\t\t\t\t\t\t\t\t\t<div>A sa\u00fade n\u00e3o pode parar e a Santa Casa BH n\u00e3o para de unir esfor\u00e7os para garantir que isso jamais aconte\u00e7a. \u00c9 assim h\u00e1 126 anos. Na \u00faltima sexta-feira, dia 4, o evento de entrega da reforma da unidade transit\u00f3ria renovou esse compromisso que atravessa s\u00e9culos. A reforma do espa\u00e7o da ala D do 7\u00ba andar do Hospital de Alta Complexidade100% SUS vai permitir que o atendimento seja feito sem interrup\u00e7\u00f5es durante as obras de interven\u00e7\u00e3o na institui\u00e7\u00e3o. E este legado entregue aos mineiros j\u00e1 est\u00e1 apto para ser utilizado, j\u00e1 que a UTI Neonatal passar\u00e1 por reformas em breve.\u00a0<br \/><br \/><\/div><div>A cerim\u00f4nia de inaugura\u00e7\u00e3o do Flores de Abril \u2013 nome dado ao projeto da entrega da unidade \u2013 contou com a presen\u00e7a de representantes da Santa Casa BH, entre eles o provedor Roberto Otto, e do Minist\u00e9rio P\u00fablico de Minas Gerais, que financiou a execu\u00e7\u00e3o das obras, com um aporte de R$ 4,3 milh\u00f5es. A unidade transit\u00f3ria tem capacidade de abrigar 15 leitos de cuidado intensivo ou 29 enfermarias. O novo espa\u00e7o \u00e9 fundamental para que outras unidades tamb\u00e9m passem por reformas regulares de melhoria e moderniza\u00e7\u00e3o, vitais para a manuten\u00e7\u00e3o dos servi\u00e7os e atendimentos de qualidade que tornam a Santa Casa BH refer\u00eancia no estado.\u00a0\u00a0<br \/><br \/><\/div><div><b>Manuten\u00e7\u00e3o do atendimento em momentos adversos<br \/><\/b>\u00a0<\/div><div>O provedor lembra que a utiliza\u00e7\u00e3o da unidade transit\u00f3ria vai al\u00e9m de momentos de reformas de outras unidades. <strong>\u201cExistem demandas urgentes da nossa sociedade, como em caso de pandemia ou crise respirat\u00f3ria, como a que vivemos h\u00e1 pouco tempo, que tamb\u00e9m exigem a amplia\u00e7\u00e3o de leitos. E n\u00f3s, aqui da Santa Casa BH, ficamos com essa responsabilidade de operar esse espa\u00e7o em todos esses momentos da forma mais eficiente poss\u00edvel\u201d<\/strong> garante.\u00a0<\/div><div>J\u00e1 o procurador-geral de Justi\u00e7a de Minas Gerais, Paulo de Tarso, destacou que a entrega do Flores de Abril \u00e9 a continuidade de um trabalho desenvolvido.<strong> \u201cPara n\u00f3s \u00e9 fundamental, enquanto institui\u00e7\u00e3o p\u00fablica, participar de a\u00e7\u00f5es como essa, para que a Santa Casa BH possa continuar esse trabalho de amplitude maravilhoso que atende a toda a comunidade\u201d<\/strong>, enfatiza.\u00a0<br \/><br \/><\/div><div><b>Refer\u00eancia em cuidados neonatais<\/b>\u00a0<br \/><br \/><\/div><div>A UTI Neonatal ser\u00e1 reformada para atender \u00e0s normas da Vigil\u00e2ncia Sanit\u00e1ria, com melhorias na climatiza\u00e7\u00e3o, ilumina\u00e7\u00e3o, ac\u00fastica e na instala\u00e7\u00e3o de leitos isolados. Refer\u00eancia no estado, ela disp\u00f5e de 65 leitos, sendo 30 de alojamento conjunto, 15 de cuidados intermedi\u00e1rios e 20 de terapia intensiva. Por ano, s\u00e3o realizados cerca de 3300 partos, sendo 1700 deles considerados de alto risco, seja por prematuridade, malforma\u00e7\u00f5es cardiovasculares, gastrointestinais, geniturin\u00e1rios e neurol\u00f3gicos.\u00a0\u00a0<br \/><br \/><\/div><div><b>Projeto Flores de Abril<\/b>\u00a0<br \/><br \/><\/div><div>Os recursos para o Projeto Flores de Abril \u2014 uma refer\u00eancia ao verso da m\u00fasica \u201cQuem sabe isso quer dizer amor\u201d, de L\u00f4 Borges e M\u00e1rcio Borges \u2014 foram disponibilizados por meio do Semente, o n\u00facleo de projetos socioambientais do Minist\u00e9rio P\u00fablico de Minas Gerais. Os valores decorrem do cumprimento de presta\u00e7\u00f5es a t\u00edtulo de repara\u00e7\u00e3o, nos moldes da Responsabilidade 360\u00ba, do dano social e moral coletivo advindos das condutas il\u00edcitas, direcionadas pelos Promotores de Justi\u00e7a. Todo o projeto \u00e9 monitorado por uma equipe multidisciplinar, o que garante transpar\u00eancia e seguran\u00e7a no processo.\u00a0<strong>\u201cContar com o apoio da institui\u00e7\u00e3o que \u00e9 a representa\u00e7\u00e3o m\u00e1xima da defesa dos direitos dos cidad\u00e3os e dos interesses da sociedade tem um significado enorme para n\u00f3s. Juntos, transformaremos a vida de milhares de fam\u00edlias e isso n\u00e3o tem pre\u00e7o\u201d<\/strong>, conclui Roberto Otto.\u00a0<\/div>\t\t\t\t\t\t\t\t<\/div>\n\t\t\t\t<\/div>\n\t\t\t\t\t<\/div>\n\t\t<\/div>\n\t\t\t\t\t<\/div>\n\t\t<\/section>\n\t\t\t\t<\/div>\n\t\t","protected":false},"excerpt":{"rendered":"<p>A sa\u00fade n\u00e3o pode parar e a Santa Casa BH n\u00e3o para de unir esfor\u00e7os para garantir que isso jamais aconte\u00e7a. \u00c9 assim h\u00e1 126 anos. Na \u00faltima sexta-feira, dia 4, o evento de entrega da reforma da unidade transit\u00f3ria renovou esse compromisso que atravessa s\u00e9culos. A reforma do espa\u00e7o da ala D do 7\u00ba [&hellip;]<\/p>\n","protected":false},"author":1,"featured_media":38227,"comment_status":"open","ping_status":"open","sticky":false,"template":"","format":"standard","meta":{"footnotes":""},"categories":[140],"tags":[],"class_list":["post-38221","post","type-post","status-publish","format-standard","has-post-thumbnail","hentry","category-noticias"],"yoast_head":"<!-- This site is optimized with the Yoast SEO plugin v26.9 - https:\/\/yoast.com\/product\/yoast-seo-wordpress\/ -->\n<title>Com recursos do Minist\u00e9rio P\u00fablico, Santa Casa BH inaugura unidade transit\u00f3ria - Federassantas<\/title>\n<meta name=\"robots\" content=\"index, follow, max-snippet:-1, max-image-preview:large, max-video-preview:-1\" \/>\n<link rel=\"canonical\" href=\"https:\/\/www.federassantas.org.br\/novosite\/com-recursos-do-ministerio-publico-santa-casa-bh-inaugura-unidade-transitoria\/\" \/>\n<meta property=\"og:locale\" content=\"pt_BR\" \/>\n<meta property=\"og:type\" content=\"article\" \/>\n<meta property=\"og:title\" content=\"Com recursos do Minist\u00e9rio P\u00fablico, Santa Casa BH inaugura unidade transit\u00f3ria - Federassantas\" \/>\n<meta property=\"og:description\" content=\"A sa\u00fade n\u00e3o pode parar e a Santa Casa BH n\u00e3o para de unir esfor\u00e7os para garantir que isso jamais aconte\u00e7a. \u00c9 assim h\u00e1 126 anos. Na \u00faltima sexta-feira, dia 4, o evento de entrega da reforma da unidade transit\u00f3ria renovou esse compromisso que atravessa s\u00e9culos. A reforma do espa\u00e7o da ala D do 7\u00ba [&hellip;]\" \/>\n<meta property=\"og:url\" content=\"https:\/\/www.federassantas.org.br\/novosite\/com-recursos-do-ministerio-publico-santa-casa-bh-inaugura-unidade-transitoria\/\" \/>\n<meta property=\"og:site_name\" content=\"Federassantas\" \/>\n<meta property=\"article:published_time\" content=\"2025-07-18T18:46:35+00:00\" \/>\n<meta property=\"og:image\" content=\"https:\/\/www.federassantas.org.br\/novosite\/wp-content\/uploads\/2025\/07\/TAMANHO-PARA-BANNER-SITE-15.png\" \/>\n\t<meta property=\"og:image:width\" content=\"1120\" \/>\n\t<meta property=\"og:image:height\" content=\"730\" \/>\n\t<meta property=\"og:image:type\" content=\"image\/png\" \/>\n<meta name=\"author\" content=\"admin-federas\" \/>\n<meta name=\"twitter:card\" content=\"summary_large_image\" \/>\n<meta name=\"twitter:label1\" content=\"Escrito por\" \/>\n\t<meta name=\"twitter:data1\" content=\"admin-federas\" \/>\n\t<meta name=\"twitter:label2\" content=\"Est. tempo de leitura\" \/>\n\t<meta name=\"twitter:data2\" content=\"4 minutos\" \/>\n<script type=\"application\/ld+json\" class=\"yoast-schema-graph\">{\"@context\":\"https:\/\/schema.org\",\"@graph\":[{\"@type\":\"Article\",\"@id\":\"https:\/\/www.federassantas.org.br\/novosite\/com-recursos-do-ministerio-publico-santa-casa-bh-inaugura-unidade-transitoria\/#article\",\"isPartOf\":{\"@id\":\"https:\/\/www.federassantas.org.br\/novosite\/com-recursos-do-ministerio-publico-santa-casa-bh-inaugura-unidade-transitoria\/\"},\"author\":{\"name\":\"admin-federas\",\"@id\":\"https:\/\/www.federassantas.org.br\/novosite\/#\/schema\/person\/75fed98158349313fe56175f232f513c\"},\"headline\":\"Com recursos do Minist\u00e9rio P\u00fablico, Santa Casa BH inaugura unidade transit\u00f3ria\",\"datePublished\":\"2025-07-18T18:46:35+00:00\",\"mainEntityOfPage\":{\"@id\":\"https:\/\/www.federassantas.org.br\/novosite\/com-recursos-do-ministerio-publico-santa-casa-bh-inaugura-unidade-transitoria\/\"},\"wordCount\":622,\"commentCount\":0,\"publisher\":{\"@id\":\"https:\/\/www.federassantas.org.br\/novosite\/#organization\"},\"image\":{\"@id\":\"https:\/\/www.federassantas.org.br\/novosite\/com-recursos-do-ministerio-publico-santa-casa-bh-inaugura-unidade-transitoria\/#primaryimage\"},\"thumbnailUrl\":\"https:\/\/www.federassantas.org.br\/novosite\/wp-content\/uploads\/2025\/07\/TAMANHO-PARA-BANNER-SITE-15.png\",\"articleSection\":[\"Not\u00edcias\"],\"inLanguage\":\"pt-BR\",\"potentialAction\":[{\"@type\":\"CommentAction\",\"name\":\"Comment\",\"target\":[\"https:\/\/www.federassantas.org.br\/novosite\/com-recursos-do-ministerio-publico-santa-casa-bh-inaugura-unidade-transitoria\/#respond\"]}]},{\"@type\":\"WebPage\",\"@id\":\"https:\/\/www.federassantas.org.br\/novosite\/com-recursos-do-ministerio-publico-santa-casa-bh-inaugura-unidade-transitoria\/\",\"url\":\"https:\/\/www.federassantas.org.br\/novosite\/com-recursos-do-ministerio-publico-santa-casa-bh-inaugura-unidade-transitoria\/\",\"name\":\"Com recursos do Minist\u00e9rio P\u00fablico, Santa Casa BH inaugura unidade transit\u00f3ria - Federassantas\",\"isPartOf\":{\"@id\":\"https:\/\/www.federassantas.org.br\/novosite\/#website\"},\"primaryImageOfPage\":{\"@id\":\"https:\/\/www.federassantas.org.br\/novosite\/com-recursos-do-ministerio-publico-santa-casa-bh-inaugura-unidade-transitoria\/#primaryimage\"},\"image\":{\"@id\":\"https:\/\/www.federassantas.org.br\/novosite\/com-recursos-do-ministerio-publico-santa-casa-bh-inaugura-unidade-transitoria\/#primaryimage\"},\"thumbnailUrl\":\"https:\/\/www.federassantas.org.br\/novosite\/wp-content\/uploads\/2025\/07\/TAMANHO-PARA-BANNER-SITE-15.png\",\"datePublished\":\"2025-07-18T18:46:35+00:00\",\"breadcrumb\":{\"@id\":\"https:\/\/www.federassantas.org.br\/novosite\/com-recursos-do-ministerio-publico-santa-casa-bh-inaugura-unidade-transitoria\/#breadcrumb\"},\"inLanguage\":\"pt-BR\",\"potentialAction\":[{\"@type\":\"ReadAction\",\"target\":[\"https:\/\/www.federassantas.org.br\/novosite\/com-recursos-do-ministerio-publico-santa-casa-bh-inaugura-unidade-transitoria\/\"]}]},{\"@type\":\"ImageObject\",\"inLanguage\":\"pt-BR\",\"@id\":\"https:\/\/www.federassantas.org.br\/novosite\/com-recursos-do-ministerio-publico-santa-casa-bh-inaugura-unidade-transitoria\/#primaryimage\",\"url\":\"https:\/\/www.federassantas.org.br\/novosite\/wp-content\/uploads\/2025\/07\/TAMANHO-PARA-BANNER-SITE-15.png\",\"contentUrl\":\"https:\/\/www.federassantas.org.br\/novosite\/wp-content\/uploads\/2025\/07\/TAMANHO-PARA-BANNER-SITE-15.png\",\"width\":1120,\"height\":730},{\"@type\":\"BreadcrumbList\",\"@id\":\"https:\/\/www.federassantas.org.br\/novosite\/com-recursos-do-ministerio-publico-santa-casa-bh-inaugura-unidade-transitoria\/#breadcrumb\",\"itemListElement\":[{\"@type\":\"ListItem\",\"position\":1,\"name\":\"In\u00edcio\",\"item\":\"https:\/\/www.federassantas.org.br\/novosite\/\"},{\"@type\":\"ListItem\",\"position\":2,\"name\":\"Com recursos do Minist\u00e9rio P\u00fablico, Santa Casa BH inaugura unidade transit\u00f3ria\"}]},{\"@type\":\"WebSite\",\"@id\":\"https:\/\/www.federassantas.org.br\/novosite\/#website\",\"url\":\"https:\/\/www.federassantas.org.br\/novosite\/\",\"name\":\"Federassantas\",\"description\":\"Fed. das Santas Casas e Hospitais Filantr\u00f3picos de MG\",\"publisher\":{\"@id\":\"https:\/\/www.federassantas.org.br\/novosite\/#organization\"},\"potentialAction\":[{\"@type\":\"SearchAction\",\"target\":{\"@type\":\"EntryPoint\",\"urlTemplate\":\"https:\/\/www.federassantas.org.br\/novosite\/?s={search_term_string}\"},\"query-input\":{\"@type\":\"PropertyValueSpecification\",\"valueRequired\":true,\"valueName\":\"search_term_string\"}}],\"inLanguage\":\"pt-BR\"},{\"@type\":\"Organization\",\"@id\":\"https:\/\/www.federassantas.org.br\/novosite\/#organization\",\"name\":\"Federassantas\",\"url\":\"https:\/\/www.federassantas.org.br\/novosite\/\",\"logo\":{\"@type\":\"ImageObject\",\"inLanguage\":\"pt-BR\",\"@id\":\"https:\/\/www.federassantas.org.br\/novosite\/#\/schema\/logo\/image\/\",\"url\":\"https:\/\/www.federassantas.org.br\/novosite\/wp-content\/uploads\/2021\/12\/logo.png\",\"contentUrl\":\"https:\/\/www.federassantas.org.br\/novosite\/wp-content\/uploads\/2021\/12\/logo.png\",\"width\":243,\"height\":59,\"caption\":\"Federassantas\"},\"image\":{\"@id\":\"https:\/\/www.federassantas.org.br\/novosite\/#\/schema\/logo\/image\/\"}},{\"@type\":\"Person\",\"@id\":\"https:\/\/www.federassantas.org.br\/novosite\/#\/schema\/person\/75fed98158349313fe56175f232f513c\",\"name\":\"admin-federas\",\"image\":{\"@type\":\"ImageObject\",\"inLanguage\":\"pt-BR\",\"@id\":\"https:\/\/www.federassantas.org.br\/novosite\/#\/schema\/person\/image\/\",\"url\":\"https:\/\/secure.gravatar.com\/avatar\/2a02d7dda59fe8dc6b7ffd3f652e2efede5ccf0dd89dfdc8137c5517f3de8407?s=96&d=mm&r=g\",\"contentUrl\":\"https:\/\/secure.gravatar.com\/avatar\/2a02d7dda59fe8dc6b7ffd3f652e2efede5ccf0dd89dfdc8137c5517f3de8407?s=96&d=mm&r=g\",\"caption\":\"admin-federas\"},\"sameAs\":[\"https:\/\/www.federassantas.org.br\/novosite\/\"],\"url\":\"https:\/\/www.federassantas.org.br\/novosite\/author\/admin-federas\/\"}]}<\/script>\n<!-- \/ Yoast SEO plugin. -->","yoast_head_json":{"title":"Com recursos do Minist\u00e9rio P\u00fablico, Santa Casa BH inaugura unidade transit\u00f3ria - Federassantas","robots":{"index":"index","follow":"follow","max-snippet":"max-snippet:-1","max-image-preview":"max-image-preview:large","max-video-preview":"max-video-preview:-1"},"canonical":"https:\/\/www.federassantas.org.br\/novosite\/com-recursos-do-ministerio-publico-santa-casa-bh-inaugura-unidade-transitoria\/","og_locale":"pt_BR","og_type":"article","og_title":"Com recursos do Minist\u00e9rio P\u00fablico, Santa Casa BH inaugura unidade transit\u00f3ria - Federassantas","og_description":"A sa\u00fade n\u00e3o pode parar e a Santa Casa BH n\u00e3o para de unir esfor\u00e7os para garantir que isso jamais aconte\u00e7a. \u00c9 assim h\u00e1 126 anos. Na \u00faltima sexta-feira, dia 4, o evento de entrega da reforma da unidade transit\u00f3ria renovou esse compromisso que atravessa s\u00e9culos. A reforma do espa\u00e7o da ala D do 7\u00ba [&hellip;]","og_url":"https:\/\/www.federassantas.org.br\/novosite\/com-recursos-do-ministerio-publico-santa-casa-bh-inaugura-unidade-transitoria\/","og_site_name":"Federassantas","article_published_time":"2025-07-18T18:46:35+00:00","og_image":[{"width":1120,"height":730,"url":"https:\/\/www.federassantas.org.br\/novosite\/wp-content\/uploads\/2025\/07\/TAMANHO-PARA-BANNER-SITE-15.png","type":"image\/png"}],"author":"admin-federas","twitter_card":"summary_large_image","twitter_misc":{"Escrito por":"admin-federas","Est. tempo de leitura":"4 minutos"},"schema":{"@context":"https:\/\/schema.org","@graph":[{"@type":"Article","@id":"https:\/\/www.federassantas.org.br\/novosite\/com-recursos-do-ministerio-publico-santa-casa-bh-inaugura-unidade-transitoria\/#article","isPartOf":{"@id":"https:\/\/www.federassantas.org.br\/novosite\/com-recursos-do-ministerio-publico-santa-casa-bh-inaugura-unidade-transitoria\/"},"author":{"name":"admin-federas","@id":"https:\/\/www.federassantas.org.br\/novosite\/#\/schema\/person\/75fed98158349313fe56175f232f513c"},"headline":"Com recursos do Minist\u00e9rio P\u00fablico, Santa Casa BH inaugura unidade transit\u00f3ria","datePublished":"2025-07-18T18:46:35+00:00","mainEntityOfPage":{"@id":"https:\/\/www.federassantas.org.br\/novosite\/com-recursos-do-ministerio-publico-santa-casa-bh-inaugura-unidade-transitoria\/"},"wordCount":622,"commentCount":0,"publisher":{"@id":"https:\/\/www.federassantas.org.br\/novosite\/#organization"},"image":{"@id":"https:\/\/www.federassantas.org.br\/novosite\/com-recursos-do-ministerio-publico-santa-casa-bh-inaugura-unidade-transitoria\/#primaryimage"},"thumbnailUrl":"https:\/\/www.federassantas.org.br\/novosite\/wp-content\/uploads\/2025\/07\/TAMANHO-PARA-BANNER-SITE-15.png","articleSection":["Not\u00edcias"],"inLanguage":"pt-BR","potentialAction":[{"@type":"CommentAction","name":"Comment","target":["https:\/\/www.federassantas.org.br\/novosite\/com-recursos-do-ministerio-publico-santa-casa-bh-inaugura-unidade-transitoria\/#respond"]}]},{"@type":"WebPage","@id":"https:\/\/www.federassantas.org.br\/novosite\/com-recursos-do-ministerio-publico-santa-casa-bh-inaugura-unidade-transitoria\/","url":"https:\/\/www.federassantas.org.br\/novosite\/com-recursos-do-ministerio-publico-santa-casa-bh-inaugura-unidade-transitoria\/","name":"Com recursos do Minist\u00e9rio P\u00fablico, Santa Casa BH inaugura unidade transit\u00f3ria - Federassantas","isPartOf":{"@id":"https:\/\/www.federassantas.org.br\/novosite\/#website"},"primaryImageOfPage":{"@id":"https:\/\/www.federassantas.org.br\/novosite\/com-recursos-do-ministerio-publico-santa-casa-bh-inaugura-unidade-transitoria\/#primaryimage"},"image":{"@id":"https:\/\/www.federassantas.org.br\/novosite\/com-recursos-do-ministerio-publico-santa-casa-bh-inaugura-unidade-transitoria\/#primaryimage"},"thumbnailUrl":"https:\/\/www.federassantas.org.br\/novosite\/wp-content\/uploads\/2025\/07\/TAMANHO-PARA-BANNER-SITE-15.png","datePublished":"2025-07-18T18:46:35+00:00","breadcrumb":{"@id":"https:\/\/www.federassantas.org.br\/novosite\/com-recursos-do-ministerio-publico-santa-casa-bh-inaugura-unidade-transitoria\/#breadcrumb"},"inLanguage":"pt-BR","potentialAction":[{"@type":"ReadAction","target":["https:\/\/www.federassantas.org.br\/novosite\/com-recursos-do-ministerio-publico-santa-casa-bh-inaugura-unidade-transitoria\/"]}]},{"@type":"ImageObject","inLanguage":"pt-BR","@id":"https:\/\/www.federassantas.org.br\/novosite\/com-recursos-do-ministerio-publico-santa-casa-bh-inaugura-unidade-transitoria\/#primaryimage","url":"https:\/\/www.federassantas.org.br\/novosite\/wp-content\/uploads\/2025\/07\/TAMANHO-PARA-BANNER-SITE-15.png","contentUrl":"https:\/\/www.federassantas.org.br\/novosite\/wp-content\/uploads\/2025\/07\/TAMANHO-PARA-BANNER-SITE-15.png","width":1120,"height":730},{"@type":"BreadcrumbList","@id":"https:\/\/www.federassantas.org.br\/novosite\/com-recursos-do-ministerio-publico-santa-casa-bh-inaugura-unidade-transitoria\/#breadcrumb","itemListElement":[{"@type":"ListItem","position":1,"name":"In\u00edcio","item":"https:\/\/www.federassantas.org.br\/novosite\/"},{"@type":"ListItem","position":2,"name":"Com recursos do Minist\u00e9rio P\u00fablico, Santa Casa BH inaugura unidade transit\u00f3ria"}]},{"@type":"WebSite","@id":"https:\/\/www.federassantas.org.br\/novosite\/#website","url":"https:\/\/www.federassantas.org.br\/novosite\/","name":"Federassantas","description":"Fed. das Santas Casas e Hospitais Filantr\u00f3picos de MG","publisher":{"@id":"https:\/\/www.federassantas.org.br\/novosite\/#organization"},"potentialAction":[{"@type":"SearchAction","target":{"@type":"EntryPoint","urlTemplate":"https:\/\/www.federassantas.org.br\/novosite\/?s={search_term_string}"},"query-input":{"@type":"PropertyValueSpecification","valueRequired":true,"valueName":"search_term_string"}}],"inLanguage":"pt-BR"},{"@type":"Organization","@id":"https:\/\/www.federassantas.org.br\/novosite\/#organization","name":"Federassantas","url":"https:\/\/www.federassantas.org.br\/novosite\/","logo":{"@type":"ImageObject","inLanguage":"pt-BR","@id":"https:\/\/www.federassantas.org.br\/novosite\/#\/schema\/logo\/image\/","url":"https:\/\/www.federassantas.org.br\/novosite\/wp-content\/uploads\/2021\/12\/logo.png","contentUrl":"https:\/\/www.federassantas.org.br\/novosite\/wp-content\/uploads\/2021\/12\/logo.png","width":243,"height":59,"caption":"Federassantas"},"image":{"@id":"https:\/\/www.federassantas.org.br\/novosite\/#\/schema\/logo\/image\/"}},{"@type":"Person","@id":"https:\/\/www.federassantas.org.br\/novosite\/#\/schema\/person\/75fed98158349313fe56175f232f513c","name":"admin-federas","image":{"@type":"ImageObject","inLanguage":"pt-BR","@id":"https:\/\/www.federassantas.org.br\/novosite\/#\/schema\/person\/image\/","url":"https:\/\/secure.gravatar.com\/avatar\/2a02d7dda59fe8dc6b7ffd3f652e2efede5ccf0dd89dfdc8137c5517f3de8407?s=96&d=mm&r=g","contentUrl":"https:\/\/secure.gravatar.com\/avatar\/2a02d7dda59fe8dc6b7ffd3f652e2efede5ccf0dd89dfdc8137c5517f3de8407?s=96&d=mm&r=g","caption":"admin-federas"},"sameAs":["https:\/\/www.federassantas.org.br\/novosite\/"],"url":"https:\/\/www.federassantas.org.br\/novosite\/author\/admin-federas\/"}]}},"_links":{"self":[{"href":"https:\/\/www.federassantas.org.br\/novosite\/wp-json\/wp\/v2\/posts\/38221","targetHints":{"allow":["GET"]}}],"collection":[{"href":"https:\/\/www.federassantas.org.br\/novosite\/wp-json\/wp\/v2\/posts"}],"about":[{"href":"https:\/\/www.federassantas.org.br\/novosite\/wp-json\/wp\/v2\/types\/post"}],"author":[{"embeddable":true,"href":"https:\/\/www.federassantas.org.br\/novosite\/wp-json\/wp\/v2\/users\/1"}],"replies":[{"embeddable":true,"href":"https:\/\/www.federassantas.org.br\/novosite\/wp-json\/wp\/v2\/comments?post=38221"}],"version-history":[{"count":5,"href":"https:\/\/www.federassantas.org.br\/novosite\/wp-json\/wp\/v2\/posts\/38221\/revisions"}],"predecessor-version":[{"id":38237,"href":"https:\/\/www.federassantas.org.br\/novosite\/wp-json\/wp\/v2\/posts\/38221\/revisions\/38237"}],"wp:featuredmedia":[{"embeddable":true,"href":"https:\/\/www.federassantas.org.br\/novosite\/wp-json\/wp\/v2\/media\/38227"}],"wp:attachment":[{"href":"https:\/\/www.federassantas.org.br\/novosite\/wp-json\/wp\/v2\/media?parent=38221"}],"wp:term":[{"taxonomy":"category","embeddable":true,"href":"https:\/\/www.federassantas.org.br\/novosite\/wp-json\/wp\/v2\/categories?post=38221"},{"taxonomy":"post_tag","embeddable":true,"href":"https:\/\/www.federassantas.org.br\/novosite\/wp-json\/wp\/v2\/tags?post=38221"}],"curies":[{"name":"wp","href":"https:\/\/api.w.org\/{rel}","templated":true}]}}