{"id":38230,"date":"2025-07-18T15:50:49","date_gmt":"2025-07-18T18:50:49","guid":{"rendered":"https:\/\/www.federassantas.org.br\/novosite\/?p=38230"},"modified":"2025-07-18T15:50:49","modified_gmt":"2025-07-18T18:50:49","slug":"hospital-sao-francisco-promove-mededu-summit-um-novo-olhar-para-a-educacao-em-saude","status":"publish","type":"post","link":"https:\/\/www.federassantas.org.br\/novosite\/hospital-sao-francisco-promove-mededu-summit-um-novo-olhar-para-a-educacao-em-saude\/","title":{"rendered":"Hospital S\u00e3o Francisco promove MedEdu Summit: um novo olhar para a educa\u00e7\u00e3o em sa\u00fade"},"content":{"rendered":"\t\t<div data-elementor-type=\"wp-post\" data-elementor-id=\"38230\" class=\"elementor elementor-38230\" data-elementor-post-type=\"post\">\n\t\t\t\t\t\t<section class=\"elementor-section elementor-top-section elementor-element elementor-element-1d92eb3 elementor-section-boxed elementor-section-height-default elementor-section-height-default\" data-id=\"1d92eb3\" data-element_type=\"section\" data-e-type=\"section\">\n\t\t\t\t\t\t<div class=\"elementor-container elementor-column-gap-default\">\n\t\t\t\t\t<div class=\"elementor-column elementor-col-100 elementor-top-column elementor-element elementor-element-6b3841c\" data-id=\"6b3841c\" data-element_type=\"column\" data-e-type=\"column\">\n\t\t\t<div class=\"elementor-widget-wrap elementor-element-populated\">\n\t\t\t\t\t\t<div class=\"elementor-element elementor-element-6bc4265 elementor-widget elementor-widget-text-editor\" data-id=\"6bc4265\" data-element_type=\"widget\" data-e-type=\"widget\" data-widget_type=\"text-editor.default\">\n\t\t\t\t<div class=\"elementor-widget-container\">\n\t\t\t\t\t\t\t\t\t<p><strong>O Hospital S\u00e3o Francisco (HSF) est\u00e1 recebendo inscri\u00e7\u00f5es para\u00a0<\/strong>o\u00a0<strong>MedEdu Summit 2025<\/strong>, um evento que acontece no dia 9 de agosto e promete provocar reflex\u00f5es e inspirar transforma\u00e7\u00f5es na forma como se ensina e se aprende sa\u00fade no Brasil. As inscri\u00e7\u00f5es podem ser feitas no link\u00a0<a href=\"https:\/\/www.sympla.com.br\/evento\/mededu-summit-um-olhar-inovador-na-educacao-em-saude\/2979617?share_id=copiarlink\" target=\"_blank\" rel=\"noopener\" data-saferedirecturl=\"https:\/\/www.google.com\/url?q=https:\/\/www.sympla.com.br\/evento\/mededu-summit-um-olhar-inovador-na-educacao-em-saude\/2979617?share_id%3Dcopiarlink&amp;source=gmail&amp;ust=1752940296568000&amp;usg=AOvVaw0x89F2yfSTQj-nqS_QaZAI\">https:\/\/www.sympla.com.br\/<wbr \/>evento\/mededu-summit-um-olhar-<wbr \/>inovador-na-educacao-em-saude\/<wbr \/>2979617?share_id=copiarlink<\/a>.<br \/><br \/>Com o tema \u201c<strong>Olhar Inovador na Educa\u00e7\u00e3o em Sa\u00fade<\/strong>\u201d, o encontro ser\u00e1 realizado no\u00a0<strong>Parque Tecnol\u00f3gico de Belo Horizonte (BH-TEC)<\/strong>, reunindo especialistas, educadores, gestores e autoridades da \u00e1rea para debater solu\u00e7\u00f5es e pr\u00e1ticas que atendam \u00e0s necessidades do Sistema \u00danico de Sa\u00fade (SUS) e das novas gera\u00e7\u00f5es de profissionais. A\u00a0gerente de Governan\u00e7a Corporativa, Inova\u00e7\u00e3o, Pesquisa e\u00a0Ensino do HSF<b>,\u00a0<\/b>Camila Rinco, explica que o o MedEdu Summit se apresenta como um espa\u00e7o de\u00a0troca, constru\u00e7\u00e3o coletiva e inova\u00e7\u00e3o, onde ser\u00e1 poss\u00edvel discutir o futuro da educa\u00e7\u00e3o m\u00e9dica sob m\u00faltiplas perspectivas.<br \/><br \/><b>Programa\u00e7\u00e3o<\/b><br \/><br \/>No dia 9 de agosto, a programa\u00e7\u00e3o com o credenciamento a partir das 7h.\u00a0 A \u00a0abertura oficial est\u00e1 marcada para \u00e0s 08h e ser\u00e1 feita pelos superintendentes do Hospital S\u00e3o Francisco. Um dos destaques do evento \u00e9 a\u00a0<strong>mesa-redonda sobre a resid\u00eancia m\u00e9dica e seus desafios frente \u00e0 pr\u00e1tica cl\u00ednica contempor\u00e2nea<\/strong>, que contar\u00e1 com a participa\u00e7\u00e3o de renomados coordenadores de programas como Anestesiologia, Cirurgia, Cardiologia, Oncologia e Cl\u00ednica M\u00e9dica.<br \/><br \/>Em seguida, o futurista e especialista em inova\u00e7\u00e3o\u00a0<strong>Mauro Carrusca<\/strong>\u00a0abordar\u00e1 os\u00a0<strong>avan\u00e7os tecnol\u00f3gicos na educa\u00e7\u00e3o m\u00e9dica<\/strong>, trazendo insights sobre como as novas ferramentas est\u00e3o moldando o ensino da sa\u00fade. Ap\u00f3s o coffee break, o foco ser\u00e1 a tecnologia e seus impactos no setor. O m\u00e9dico e pesquisador\u00a0<strong>Dr. Ant\u00f4nio Carlos Toledo Jr.<\/strong>\u00a0apresentar\u00e1 a palestra \u201c<strong>IA e Educa\u00e7\u00e3o na Sa\u00fade<\/strong>\u201d, discutindo como a intelig\u00eancia artificial pode apoiar a forma\u00e7\u00e3o e a pr\u00e1tica profissional.<br \/><br \/>Na sequ\u00eancia, duas mesas-redondas colocam no centro do debate os desafios da educa\u00e7\u00e3o m\u00e9dica para as pr\u00f3ximas gera\u00e7\u00f5es e o impacto social da forma\u00e7\u00e3o em sa\u00fade \u2014 com participa\u00e7\u00e3o de docentes da UFMG, FELUMA e outros convidados de destaque.\u00a0<strong>Garanta sua participa\u00e7\u00e3o e venha contribuir com uma forma\u00e7\u00e3o mais humana, eficiente e conectada com os desafios do nosso tempo.<br \/><br \/><\/strong>Fonte: Assessoria de Comunica\u00e7\u00e3o do Hospital S\u00e3o Francisco<\/p>\t\t\t\t\t\t\t\t<\/div>\n\t\t\t\t<\/div>\n\t\t\t\t\t<\/div>\n\t\t<\/div>\n\t\t\t\t\t<\/div>\n\t\t<\/section>\n\t\t\t\t<\/div>\n\t\t","protected":false},"excerpt":{"rendered":"<p>O Hospital S\u00e3o Francisco (HSF) est\u00e1 recebendo inscri\u00e7\u00f5es para\u00a0o\u00a0MedEdu Summit 2025, um evento que acontece no dia 9 de agosto e promete provocar reflex\u00f5es e inspirar transforma\u00e7\u00f5es na forma como se ensina e se aprende sa\u00fade no Brasil. As inscri\u00e7\u00f5es podem ser feitas no link\u00a0https:\/\/www.sympla.com.br\/evento\/mededu-summit-um-olhar-inovador-na-educacao-em-saude\/2979617?share_id=copiarlink. Com o tema \u201cOlhar Inovador na Educa\u00e7\u00e3o em Sa\u00fade\u201d, o [&hellip;]<\/p>\n","protected":false},"author":1,"featured_media":38228,"comment_status":"open","ping_status":"open","sticky":false,"template":"","format":"standard","meta":{"footnotes":""},"categories":[140],"tags":[],"class_list":["post-38230","post","type-post","status-publish","format-standard","has-post-thumbnail","hentry","category-noticias"],"yoast_head":"<!-- This site is optimized with the Yoast SEO plugin v26.9 - https:\/\/yoast.com\/product\/yoast-seo-wordpress\/ -->\n<title>Hospital S\u00e3o Francisco promove MedEdu Summit: um novo olhar para a educa\u00e7\u00e3o em sa\u00fade - Federassantas<\/title>\n<meta name=\"robots\" content=\"index, follow, max-snippet:-1, max-image-preview:large, max-video-preview:-1\" \/>\n<link rel=\"canonical\" href=\"https:\/\/www.federassantas.org.br\/novosite\/hospital-sao-francisco-promove-mededu-summit-um-novo-olhar-para-a-educacao-em-saude\/\" \/>\n<meta property=\"og:locale\" content=\"pt_BR\" \/>\n<meta property=\"og:type\" content=\"article\" \/>\n<meta property=\"og:title\" content=\"Hospital S\u00e3o Francisco promove MedEdu Summit: um novo olhar para a educa\u00e7\u00e3o em sa\u00fade - Federassantas\" \/>\n<meta property=\"og:description\" content=\"O Hospital S\u00e3o Francisco (HSF) est\u00e1 recebendo inscri\u00e7\u00f5es para\u00a0o\u00a0MedEdu Summit 2025, um evento que acontece no dia 9 de agosto e promete provocar reflex\u00f5es e inspirar transforma\u00e7\u00f5es na forma como se ensina e se aprende sa\u00fade no Brasil. As inscri\u00e7\u00f5es podem ser feitas no link\u00a0https:\/\/www.sympla.com.br\/evento\/mededu-summit-um-olhar-inovador-na-educacao-em-saude\/2979617?share_id=copiarlink. Com o tema \u201cOlhar Inovador na Educa\u00e7\u00e3o em Sa\u00fade\u201d, o [&hellip;]\" \/>\n<meta property=\"og:url\" content=\"https:\/\/www.federassantas.org.br\/novosite\/hospital-sao-francisco-promove-mededu-summit-um-novo-olhar-para-a-educacao-em-saude\/\" \/>\n<meta property=\"og:site_name\" content=\"Federassantas\" \/>\n<meta property=\"article:published_time\" content=\"2025-07-18T18:50:49+00:00\" \/>\n<meta property=\"og:image\" content=\"https:\/\/www.federassantas.org.br\/novosite\/wp-content\/uploads\/2025\/07\/TAMANHO-PARA-BANNER-SITE-16.png\" \/>\n\t<meta property=\"og:image:width\" content=\"1120\" \/>\n\t<meta property=\"og:image:height\" content=\"730\" \/>\n\t<meta property=\"og:image:type\" content=\"image\/png\" \/>\n<meta name=\"author\" content=\"admin-federas\" \/>\n<meta name=\"twitter:card\" content=\"summary_large_image\" \/>\n<meta name=\"twitter:label1\" content=\"Escrito por\" \/>\n\t<meta name=\"twitter:data1\" content=\"admin-federas\" \/>\n\t<meta name=\"twitter:label2\" content=\"Est. tempo de leitura\" \/>\n\t<meta name=\"twitter:data2\" content=\"2 minutos\" \/>\n<script type=\"application\/ld+json\" class=\"yoast-schema-graph\">{\"@context\":\"https:\/\/schema.org\",\"@graph\":[{\"@type\":\"Article\",\"@id\":\"https:\/\/www.federassantas.org.br\/novosite\/hospital-sao-francisco-promove-mededu-summit-um-novo-olhar-para-a-educacao-em-saude\/#article\",\"isPartOf\":{\"@id\":\"https:\/\/www.federassantas.org.br\/novosite\/hospital-sao-francisco-promove-mededu-summit-um-novo-olhar-para-a-educacao-em-saude\/\"},\"author\":{\"name\":\"admin-federas\",\"@id\":\"https:\/\/www.federassantas.org.br\/novosite\/#\/schema\/person\/75fed98158349313fe56175f232f513c\"},\"headline\":\"Hospital S\u00e3o Francisco promove MedEdu Summit: um novo olhar para a educa\u00e7\u00e3o em sa\u00fade\",\"datePublished\":\"2025-07-18T18:50:49+00:00\",\"mainEntityOfPage\":{\"@id\":\"https:\/\/www.federassantas.org.br\/novosite\/hospital-sao-francisco-promove-mededu-summit-um-novo-olhar-para-a-educacao-em-saude\/\"},\"wordCount\":430,\"commentCount\":0,\"publisher\":{\"@id\":\"https:\/\/www.federassantas.org.br\/novosite\/#organization\"},\"image\":{\"@id\":\"https:\/\/www.federassantas.org.br\/novosite\/hospital-sao-francisco-promove-mededu-summit-um-novo-olhar-para-a-educacao-em-saude\/#primaryimage\"},\"thumbnailUrl\":\"https:\/\/www.federassantas.org.br\/novosite\/wp-content\/uploads\/2025\/07\/TAMANHO-PARA-BANNER-SITE-16.png\",\"articleSection\":[\"Not\u00edcias\"],\"inLanguage\":\"pt-BR\",\"potentialAction\":[{\"@type\":\"CommentAction\",\"name\":\"Comment\",\"target\":[\"https:\/\/www.federassantas.org.br\/novosite\/hospital-sao-francisco-promove-mededu-summit-um-novo-olhar-para-a-educacao-em-saude\/#respond\"]}]},{\"@type\":\"WebPage\",\"@id\":\"https:\/\/www.federassantas.org.br\/novosite\/hospital-sao-francisco-promove-mededu-summit-um-novo-olhar-para-a-educacao-em-saude\/\",\"url\":\"https:\/\/www.federassantas.org.br\/novosite\/hospital-sao-francisco-promove-mededu-summit-um-novo-olhar-para-a-educacao-em-saude\/\",\"name\":\"Hospital S\u00e3o Francisco promove MedEdu Summit: um novo olhar para a educa\u00e7\u00e3o em sa\u00fade - Federassantas\",\"isPartOf\":{\"@id\":\"https:\/\/www.federassantas.org.br\/novosite\/#website\"},\"primaryImageOfPage\":{\"@id\":\"https:\/\/www.federassantas.org.br\/novosite\/hospital-sao-francisco-promove-mededu-summit-um-novo-olhar-para-a-educacao-em-saude\/#primaryimage\"},\"image\":{\"@id\":\"https:\/\/www.federassantas.org.br\/novosite\/hospital-sao-francisco-promove-mededu-summit-um-novo-olhar-para-a-educacao-em-saude\/#primaryimage\"},\"thumbnailUrl\":\"https:\/\/www.federassantas.org.br\/novosite\/wp-content\/uploads\/2025\/07\/TAMANHO-PARA-BANNER-SITE-16.png\",\"datePublished\":\"2025-07-18T18:50:49+00:00\",\"breadcrumb\":{\"@id\":\"https:\/\/www.federassantas.org.br\/novosite\/hospital-sao-francisco-promove-mededu-summit-um-novo-olhar-para-a-educacao-em-saude\/#breadcrumb\"},\"inLanguage\":\"pt-BR\",\"potentialAction\":[{\"@type\":\"ReadAction\",\"target\":[\"https:\/\/www.federassantas.org.br\/novosite\/hospital-sao-francisco-promove-mededu-summit-um-novo-olhar-para-a-educacao-em-saude\/\"]}]},{\"@type\":\"ImageObject\",\"inLanguage\":\"pt-BR\",\"@id\":\"https:\/\/www.federassantas.org.br\/novosite\/hospital-sao-francisco-promove-mededu-summit-um-novo-olhar-para-a-educacao-em-saude\/#primaryimage\",\"url\":\"https:\/\/www.federassantas.org.br\/novosite\/wp-content\/uploads\/2025\/07\/TAMANHO-PARA-BANNER-SITE-16.png\",\"contentUrl\":\"https:\/\/www.federassantas.org.br\/novosite\/wp-content\/uploads\/2025\/07\/TAMANHO-PARA-BANNER-SITE-16.png\",\"width\":1120,\"height\":730},{\"@type\":\"BreadcrumbList\",\"@id\":\"https:\/\/www.federassantas.org.br\/novosite\/hospital-sao-francisco-promove-mededu-summit-um-novo-olhar-para-a-educacao-em-saude\/#breadcrumb\",\"itemListElement\":[{\"@type\":\"ListItem\",\"position\":1,\"name\":\"In\u00edcio\",\"item\":\"https:\/\/www.federassantas.org.br\/novosite\/\"},{\"@type\":\"ListItem\",\"position\":2,\"name\":\"Hospital S\u00e3o Francisco promove MedEdu Summit: um novo olhar para a educa\u00e7\u00e3o em sa\u00fade\"}]},{\"@type\":\"WebSite\",\"@id\":\"https:\/\/www.federassantas.org.br\/novosite\/#website\",\"url\":\"https:\/\/www.federassantas.org.br\/novosite\/\",\"name\":\"Federassantas\",\"description\":\"Fed. das Santas Casas e Hospitais Filantr\u00f3picos de MG\",\"publisher\":{\"@id\":\"https:\/\/www.federassantas.org.br\/novosite\/#organization\"},\"potentialAction\":[{\"@type\":\"SearchAction\",\"target\":{\"@type\":\"EntryPoint\",\"urlTemplate\":\"https:\/\/www.federassantas.org.br\/novosite\/?s={search_term_string}\"},\"query-input\":{\"@type\":\"PropertyValueSpecification\",\"valueRequired\":true,\"valueName\":\"search_term_string\"}}],\"inLanguage\":\"pt-BR\"},{\"@type\":\"Organization\",\"@id\":\"https:\/\/www.federassantas.org.br\/novosite\/#organization\",\"name\":\"Federassantas\",\"url\":\"https:\/\/www.federassantas.org.br\/novosite\/\",\"logo\":{\"@type\":\"ImageObject\",\"inLanguage\":\"pt-BR\",\"@id\":\"https:\/\/www.federassantas.org.br\/novosite\/#\/schema\/logo\/image\/\",\"url\":\"https:\/\/www.federassantas.org.br\/novosite\/wp-content\/uploads\/2021\/12\/logo.png\",\"contentUrl\":\"https:\/\/www.federassantas.org.br\/novosite\/wp-content\/uploads\/2021\/12\/logo.png\",\"width\":243,\"height\":59,\"caption\":\"Federassantas\"},\"image\":{\"@id\":\"https:\/\/www.federassantas.org.br\/novosite\/#\/schema\/logo\/image\/\"}},{\"@type\":\"Person\",\"@id\":\"https:\/\/www.federassantas.org.br\/novosite\/#\/schema\/person\/75fed98158349313fe56175f232f513c\",\"name\":\"admin-federas\",\"image\":{\"@type\":\"ImageObject\",\"inLanguage\":\"pt-BR\",\"@id\":\"https:\/\/www.federassantas.org.br\/novosite\/#\/schema\/person\/image\/\",\"url\":\"https:\/\/secure.gravatar.com\/avatar\/2a02d7dda59fe8dc6b7ffd3f652e2efede5ccf0dd89dfdc8137c5517f3de8407?s=96&d=mm&r=g\",\"contentUrl\":\"https:\/\/secure.gravatar.com\/avatar\/2a02d7dda59fe8dc6b7ffd3f652e2efede5ccf0dd89dfdc8137c5517f3de8407?s=96&d=mm&r=g\",\"caption\":\"admin-federas\"},\"sameAs\":[\"https:\/\/www.federassantas.org.br\/novosite\/\"],\"url\":\"https:\/\/www.federassantas.org.br\/novosite\/author\/admin-federas\/\"}]}<\/script>\n<!-- \/ Yoast SEO plugin. -->","yoast_head_json":{"title":"Hospital S\u00e3o Francisco promove MedEdu Summit: um novo olhar para a educa\u00e7\u00e3o em sa\u00fade - Federassantas","robots":{"index":"index","follow":"follow","max-snippet":"max-snippet:-1","max-image-preview":"max-image-preview:large","max-video-preview":"max-video-preview:-1"},"canonical":"https:\/\/www.federassantas.org.br\/novosite\/hospital-sao-francisco-promove-mededu-summit-um-novo-olhar-para-a-educacao-em-saude\/","og_locale":"pt_BR","og_type":"article","og_title":"Hospital S\u00e3o Francisco promove MedEdu Summit: um novo olhar para a educa\u00e7\u00e3o em sa\u00fade - Federassantas","og_description":"O Hospital S\u00e3o Francisco (HSF) est\u00e1 recebendo inscri\u00e7\u00f5es para\u00a0o\u00a0MedEdu Summit 2025, um evento que acontece no dia 9 de agosto e promete provocar reflex\u00f5es e inspirar transforma\u00e7\u00f5es na forma como se ensina e se aprende sa\u00fade no Brasil. As inscri\u00e7\u00f5es podem ser feitas no link\u00a0https:\/\/www.sympla.com.br\/evento\/mededu-summit-um-olhar-inovador-na-educacao-em-saude\/2979617?share_id=copiarlink. Com o tema \u201cOlhar Inovador na Educa\u00e7\u00e3o em Sa\u00fade\u201d, o [&hellip;]","og_url":"https:\/\/www.federassantas.org.br\/novosite\/hospital-sao-francisco-promove-mededu-summit-um-novo-olhar-para-a-educacao-em-saude\/","og_site_name":"Federassantas","article_published_time":"2025-07-18T18:50:49+00:00","og_image":[{"width":1120,"height":730,"url":"https:\/\/www.federassantas.org.br\/novosite\/wp-content\/uploads\/2025\/07\/TAMANHO-PARA-BANNER-SITE-16.png","type":"image\/png"}],"author":"admin-federas","twitter_card":"summary_large_image","twitter_misc":{"Escrito por":"admin-federas","Est. tempo de leitura":"2 minutos"},"schema":{"@context":"https:\/\/schema.org","@graph":[{"@type":"Article","@id":"https:\/\/www.federassantas.org.br\/novosite\/hospital-sao-francisco-promove-mededu-summit-um-novo-olhar-para-a-educacao-em-saude\/#article","isPartOf":{"@id":"https:\/\/www.federassantas.org.br\/novosite\/hospital-sao-francisco-promove-mededu-summit-um-novo-olhar-para-a-educacao-em-saude\/"},"author":{"name":"admin-federas","@id":"https:\/\/www.federassantas.org.br\/novosite\/#\/schema\/person\/75fed98158349313fe56175f232f513c"},"headline":"Hospital S\u00e3o Francisco promove MedEdu Summit: um novo olhar para a educa\u00e7\u00e3o em sa\u00fade","datePublished":"2025-07-18T18:50:49+00:00","mainEntityOfPage":{"@id":"https:\/\/www.federassantas.org.br\/novosite\/hospital-sao-francisco-promove-mededu-summit-um-novo-olhar-para-a-educacao-em-saude\/"},"wordCount":430,"commentCount":0,"publisher":{"@id":"https:\/\/www.federassantas.org.br\/novosite\/#organization"},"image":{"@id":"https:\/\/www.federassantas.org.br\/novosite\/hospital-sao-francisco-promove-mededu-summit-um-novo-olhar-para-a-educacao-em-saude\/#primaryimage"},"thumbnailUrl":"https:\/\/www.federassantas.org.br\/novosite\/wp-content\/uploads\/2025\/07\/TAMANHO-PARA-BANNER-SITE-16.png","articleSection":["Not\u00edcias"],"inLanguage":"pt-BR","potentialAction":[{"@type":"CommentAction","name":"Comment","target":["https:\/\/www.federassantas.org.br\/novosite\/hospital-sao-francisco-promove-mededu-summit-um-novo-olhar-para-a-educacao-em-saude\/#respond"]}]},{"@type":"WebPage","@id":"https:\/\/www.federassantas.org.br\/novosite\/hospital-sao-francisco-promove-mededu-summit-um-novo-olhar-para-a-educacao-em-saude\/","url":"https:\/\/www.federassantas.org.br\/novosite\/hospital-sao-francisco-promove-mededu-summit-um-novo-olhar-para-a-educacao-em-saude\/","name":"Hospital S\u00e3o Francisco promove MedEdu Summit: um novo olhar para a educa\u00e7\u00e3o em sa\u00fade - Federassantas","isPartOf":{"@id":"https:\/\/www.federassantas.org.br\/novosite\/#website"},"primaryImageOfPage":{"@id":"https:\/\/www.federassantas.org.br\/novosite\/hospital-sao-francisco-promove-mededu-summit-um-novo-olhar-para-a-educacao-em-saude\/#primaryimage"},"image":{"@id":"https:\/\/www.federassantas.org.br\/novosite\/hospital-sao-francisco-promove-mededu-summit-um-novo-olhar-para-a-educacao-em-saude\/#primaryimage"},"thumbnailUrl":"https:\/\/www.federassantas.org.br\/novosite\/wp-content\/uploads\/2025\/07\/TAMANHO-PARA-BANNER-SITE-16.png","datePublished":"2025-07-18T18:50:49+00:00","breadcrumb":{"@id":"https:\/\/www.federassantas.org.br\/novosite\/hospital-sao-francisco-promove-mededu-summit-um-novo-olhar-para-a-educacao-em-saude\/#breadcrumb"},"inLanguage":"pt-BR","potentialAction":[{"@type":"ReadAction","target":["https:\/\/www.federassantas.org.br\/novosite\/hospital-sao-francisco-promove-mededu-summit-um-novo-olhar-para-a-educacao-em-saude\/"]}]},{"@type":"ImageObject","inLanguage":"pt-BR","@id":"https:\/\/www.federassantas.org.br\/novosite\/hospital-sao-francisco-promove-mededu-summit-um-novo-olhar-para-a-educacao-em-saude\/#primaryimage","url":"https:\/\/www.federassantas.org.br\/novosite\/wp-content\/uploads\/2025\/07\/TAMANHO-PARA-BANNER-SITE-16.png","contentUrl":"https:\/\/www.federassantas.org.br\/novosite\/wp-content\/uploads\/2025\/07\/TAMANHO-PARA-BANNER-SITE-16.png","width":1120,"height":730},{"@type":"BreadcrumbList","@id":"https:\/\/www.federassantas.org.br\/novosite\/hospital-sao-francisco-promove-mededu-summit-um-novo-olhar-para-a-educacao-em-saude\/#breadcrumb","itemListElement":[{"@type":"ListItem","position":1,"name":"In\u00edcio","item":"https:\/\/www.federassantas.org.br\/novosite\/"},{"@type":"ListItem","position":2,"name":"Hospital S\u00e3o Francisco promove MedEdu Summit: um novo olhar para a educa\u00e7\u00e3o em sa\u00fade"}]},{"@type":"WebSite","@id":"https:\/\/www.federassantas.org.br\/novosite\/#website","url":"https:\/\/www.federassantas.org.br\/novosite\/","name":"Federassantas","description":"Fed. das Santas Casas e Hospitais Filantr\u00f3picos de MG","publisher":{"@id":"https:\/\/www.federassantas.org.br\/novosite\/#organization"},"potentialAction":[{"@type":"SearchAction","target":{"@type":"EntryPoint","urlTemplate":"https:\/\/www.federassantas.org.br\/novosite\/?s={search_term_string}"},"query-input":{"@type":"PropertyValueSpecification","valueRequired":true,"valueName":"search_term_string"}}],"inLanguage":"pt-BR"},{"@type":"Organization","@id":"https:\/\/www.federassantas.org.br\/novosite\/#organization","name":"Federassantas","url":"https:\/\/www.federassantas.org.br\/novosite\/","logo":{"@type":"ImageObject","inLanguage":"pt-BR","@id":"https:\/\/www.federassantas.org.br\/novosite\/#\/schema\/logo\/image\/","url":"https:\/\/www.federassantas.org.br\/novosite\/wp-content\/uploads\/2021\/12\/logo.png","contentUrl":"https:\/\/www.federassantas.org.br\/novosite\/wp-content\/uploads\/2021\/12\/logo.png","width":243,"height":59,"caption":"Federassantas"},"image":{"@id":"https:\/\/www.federassantas.org.br\/novosite\/#\/schema\/logo\/image\/"}},{"@type":"Person","@id":"https:\/\/www.federassantas.org.br\/novosite\/#\/schema\/person\/75fed98158349313fe56175f232f513c","name":"admin-federas","image":{"@type":"ImageObject","inLanguage":"pt-BR","@id":"https:\/\/www.federassantas.org.br\/novosite\/#\/schema\/person\/image\/","url":"https:\/\/secure.gravatar.com\/avatar\/2a02d7dda59fe8dc6b7ffd3f652e2efede5ccf0dd89dfdc8137c5517f3de8407?s=96&d=mm&r=g","contentUrl":"https:\/\/secure.gravatar.com\/avatar\/2a02d7dda59fe8dc6b7ffd3f652e2efede5ccf0dd89dfdc8137c5517f3de8407?s=96&d=mm&r=g","caption":"admin-federas"},"sameAs":["https:\/\/www.federassantas.org.br\/novosite\/"],"url":"https:\/\/www.federassantas.org.br\/novosite\/author\/admin-federas\/"}]}},"_links":{"self":[{"href":"https:\/\/www.federassantas.org.br\/novosite\/wp-json\/wp\/v2\/posts\/38230","targetHints":{"allow":["GET"]}}],"collection":[{"href":"https:\/\/www.federassantas.org.br\/novosite\/wp-json\/wp\/v2\/posts"}],"about":[{"href":"https:\/\/www.federassantas.org.br\/novosite\/wp-json\/wp\/v2\/types\/post"}],"author":[{"embeddable":true,"href":"https:\/\/www.federassantas.org.br\/novosite\/wp-json\/wp\/v2\/users\/1"}],"replies":[{"embeddable":true,"href":"https:\/\/www.federassantas.org.br\/novosite\/wp-json\/wp\/v2\/comments?post=38230"}],"version-history":[{"count":4,"href":"https:\/\/www.federassantas.org.br\/novosite\/wp-json\/wp\/v2\/posts\/38230\/revisions"}],"predecessor-version":[{"id":38236,"href":"https:\/\/www.federassantas.org.br\/novosite\/wp-json\/wp\/v2\/posts\/38230\/revisions\/38236"}],"wp:featuredmedia":[{"embeddable":true,"href":"https:\/\/www.federassantas.org.br\/novosite\/wp-json\/wp\/v2\/media\/38228"}],"wp:attachment":[{"href":"https:\/\/www.federassantas.org.br\/novosite\/wp-json\/wp\/v2\/media?parent=38230"}],"wp:term":[{"taxonomy":"category","embeddable":true,"href":"https:\/\/www.federassantas.org.br\/novosite\/wp-json\/wp\/v2\/categories?post=38230"},{"taxonomy":"post_tag","embeddable":true,"href":"https:\/\/www.federassantas.org.br\/novosite\/wp-json\/wp\/v2\/tags?post=38230"}],"curies":[{"name":"wp","href":"https:\/\/api.w.org\/{rel}","templated":true}]}}