{"id":38300,"date":"2025-07-25T14:06:24","date_gmt":"2025-07-25T17:06:24","guid":{"rendered":"https:\/\/www.federassantas.org.br\/novosite\/?p=38300"},"modified":"2025-07-25T14:13:32","modified_gmt":"2025-07-25T17:13:32","slug":"unimed-bh-investe-na-qualificacao-da-desospitalizacao-com-apoio-da-eficiencia-hospitalista1","status":"publish","type":"post","link":"https:\/\/www.federassantas.org.br\/novosite\/unimed-bh-investe-na-qualificacao-da-desospitalizacao-com-apoio-da-eficiencia-hospitalista1\/","title":{"rendered":"Unimed-BH investe na qualifica\u00e7\u00e3o da desospitaliza\u00e7\u00e3o com apoio da Efici\u00eancia Hospitalista"},"content":{"rendered":"\t\t<div data-elementor-type=\"wp-post\" data-elementor-id=\"38300\" class=\"elementor elementor-38300\" data-elementor-post-type=\"post\">\n\t\t\t\t\t\t<section class=\"elementor-section elementor-top-section elementor-element elementor-element-3707923 elementor-section-boxed elementor-section-height-default elementor-section-height-default\" data-id=\"3707923\" data-element_type=\"section\" data-e-type=\"section\">\n\t\t\t\t\t\t<div class=\"elementor-container elementor-column-gap-default\">\n\t\t\t\t\t<div class=\"elementor-column elementor-col-100 elementor-top-column elementor-element elementor-element-8dade1c\" data-id=\"8dade1c\" data-element_type=\"column\" data-e-type=\"column\">\n\t\t\t<div class=\"elementor-widget-wrap elementor-element-populated\">\n\t\t\t\t\t\t<div class=\"elementor-element elementor-element-8f10280 elementor-widget elementor-widget-text-editor\" data-id=\"8f10280\" data-element_type=\"widget\" data-e-type=\"widget\" data-widget_type=\"text-editor.default\">\n\t\t\t\t<div class=\"elementor-widget-container\">\n\t\t\t\t\t\t\t\t\t<p>A Unimed-BH deu mais um passo estrat\u00e9gico para qualificar a gest\u00e3o do cuidado hospitalar ao implementar, em parceria com a Efici\u00eancia Hospitalista\u00ae, um programa educacional focado em transformar a auditoria cl\u00ednica ou concorrente em uma auditoria hospitalista, com aprofundamento de conhecimento em desospitaliza\u00e7\u00e3o eficiente, transi\u00e7\u00e3o segura do cuidado e coordena\u00e7\u00e3o do cuidado.<\/p><p>O projeto \u00e9 realizado por meio da EH Academy, a plataforma exclusiva de educa\u00e7\u00e3o da Efici\u00eancia Hospitalista, e oferece uma forma\u00e7\u00e3o completa com dura\u00e7\u00e3o de 6 meses e carga hor\u00e1ria de 100 horas. A capacita\u00e7\u00e3o inclui tr\u00eas Workshops Presenciais ao longo do percurso.<\/p><p>No m\u00eas de junho, foi realizado o primeiro Workshop Presencial do programa, reunindo equipes multiprofissionais da Unimed-BH para um dia de imers\u00e3o pr\u00e1tica nos temas de planejamento de altas, integra\u00e7\u00e3o com a rede de cuidado e modelos de gest\u00e3o hospitalista. O encontro contou com din\u00e2micas interativas, estudos de caso e discuss\u00f5es sobre os principais desafios na desospitaliza\u00e7\u00e3o segura de pacientes complexos.<\/p><p>A iniciativa integra um conjunto de a\u00e7\u00f5es voltadas \u00e0 ado\u00e7\u00e3o do modelo hospitalista, com \u00eanfase no cuidado de pacientes cl\u00ednicos e cir\u00fargicos complexos. O objetivo \u00e9 promover uma assist\u00eancia mais resolutiva, segura e sustent\u00e1vel, com foco na transi\u00e7\u00e3o qualificada para o cuidado domiciliar ou ambulatorial.<\/p><p>\u201cA desospitaliza\u00e7\u00e3o eficiente \u00e9 um dos pilares para garantir a sustentabilidade do sistema de sa\u00fade. Com um modelo centrado no paciente e uma equipe preparada, conseguimos reduzir reinterna\u00e7\u00f5es, melhorar desfechos cl\u00ednicos e otimizar o uso de leitos\u201d, destacou o Dr. Vin\u00edcius Sabedot, Gerente M\u00e9dico de Opera\u00e7\u00f5es da Efici\u00eancia Hospitalista.<\/p><p>A parceria entre Unimed-BH e Efici\u00eancia Hospitalista refor\u00e7a o compromisso com a qualifica\u00e7\u00e3o cont\u00ednua das equipes assistenciais e com a busca por solu\u00e7\u00f5es inovadoras para os desafios da gest\u00e3o hospitalar.<\/p><p>Quer conhecer como a Efici\u00eancia Hospitalista pode apoiar sua institui\u00e7\u00e3o em Minas Gerais?<\/p><p>Agende uma reuni\u00e3o e descubra as solu\u00e7\u00f5es personalizadas para Escrit\u00f3rio de Gest\u00e3o de Altas\u00ae, Medicina Hospitalista, NIR, Telemedicina, auditoria hospitalista e muito mais.<\/p><p>comercial@eficienciahospitalar.com.br<\/p><p>www.eficienciahospitalar.com.br<\/p><p>WhatsApp: +55 51 98916.6654<\/p><p>Telefone: 51 3779.8884<\/p>\t\t\t\t\t\t\t\t<\/div>\n\t\t\t\t<\/div>\n\t\t\t\t\t<\/div>\n\t\t<\/div>\n\t\t\t\t\t<\/div>\n\t\t<\/section>\n\t\t\t\t<\/div>\n\t\t","protected":false},"excerpt":{"rendered":"<p>A Unimed-BH deu mais um passo estrat\u00e9gico para qualificar a gest\u00e3o do cuidado hospitalar ao implementar, em parceria com a Efici\u00eancia Hospitalista\u00ae, um programa educacional focado em transformar a auditoria cl\u00ednica ou concorrente em uma auditoria hospitalista, com aprofundamento de conhecimento em desospitaliza\u00e7\u00e3o eficiente, transi\u00e7\u00e3o segura do cuidado e coordena\u00e7\u00e3o do cuidado. O projeto \u00e9 [&hellip;]<\/p>\n","protected":false},"author":1,"featured_media":38264,"comment_status":"open","ping_status":"open","sticky":false,"template":"","format":"standard","meta":{"footnotes":""},"categories":[140],"tags":[],"class_list":["post-38300","post","type-post","status-publish","format-standard","has-post-thumbnail","hentry","category-noticias"],"yoast_head":"<!-- This site is optimized with the Yoast SEO plugin v26.9 - https:\/\/yoast.com\/product\/yoast-seo-wordpress\/ -->\n<title>Unimed-BH investe na qualifica\u00e7\u00e3o da desospitaliza\u00e7\u00e3o com apoio da Efici\u00eancia Hospitalista - Federassantas<\/title>\n<meta name=\"robots\" content=\"index, follow, max-snippet:-1, max-image-preview:large, max-video-preview:-1\" \/>\n<link rel=\"canonical\" href=\"https:\/\/www.federassantas.org.br\/novosite\/unimed-bh-investe-na-qualificacao-da-desospitalizacao-com-apoio-da-eficiencia-hospitalista1\/\" \/>\n<meta property=\"og:locale\" content=\"pt_BR\" \/>\n<meta property=\"og:type\" content=\"article\" \/>\n<meta property=\"og:title\" content=\"Unimed-BH investe na qualifica\u00e7\u00e3o da desospitaliza\u00e7\u00e3o com apoio da Efici\u00eancia Hospitalista - Federassantas\" \/>\n<meta property=\"og:description\" content=\"A Unimed-BH deu mais um passo estrat\u00e9gico para qualificar a gest\u00e3o do cuidado hospitalar ao implementar, em parceria com a Efici\u00eancia Hospitalista\u00ae, um programa educacional focado em transformar a auditoria cl\u00ednica ou concorrente em uma auditoria hospitalista, com aprofundamento de conhecimento em desospitaliza\u00e7\u00e3o eficiente, transi\u00e7\u00e3o segura do cuidado e coordena\u00e7\u00e3o do cuidado. O projeto \u00e9 [&hellip;]\" \/>\n<meta property=\"og:url\" content=\"https:\/\/www.federassantas.org.br\/novosite\/unimed-bh-investe-na-qualificacao-da-desospitalizacao-com-apoio-da-eficiencia-hospitalista1\/\" \/>\n<meta property=\"og:site_name\" content=\"Federassantas\" \/>\n<meta property=\"article:published_time\" content=\"2025-07-25T17:06:24+00:00\" \/>\n<meta property=\"article:modified_time\" content=\"2025-07-25T17:13:32+00:00\" \/>\n<meta property=\"og:image\" content=\"https:\/\/www.federassantas.org.br\/novosite\/wp-content\/uploads\/2025\/07\/TAMANHO-PARA-BANNER-SITE-27.png\" \/>\n\t<meta property=\"og:image:width\" content=\"1120\" \/>\n\t<meta property=\"og:image:height\" content=\"730\" \/>\n\t<meta property=\"og:image:type\" content=\"image\/png\" \/>\n<meta name=\"author\" content=\"admin-federas\" \/>\n<meta name=\"twitter:card\" content=\"summary_large_image\" \/>\n<meta name=\"twitter:label1\" content=\"Escrito por\" \/>\n\t<meta name=\"twitter:data1\" content=\"admin-federas\" \/>\n\t<meta name=\"twitter:label2\" content=\"Est. tempo de leitura\" \/>\n\t<meta name=\"twitter:data2\" content=\"2 minutos\" \/>\n<script type=\"application\/ld+json\" class=\"yoast-schema-graph\">{\"@context\":\"https:\/\/schema.org\",\"@graph\":[{\"@type\":\"Article\",\"@id\":\"https:\/\/www.federassantas.org.br\/novosite\/unimed-bh-investe-na-qualificacao-da-desospitalizacao-com-apoio-da-eficiencia-hospitalista1\/#article\",\"isPartOf\":{\"@id\":\"https:\/\/www.federassantas.org.br\/novosite\/unimed-bh-investe-na-qualificacao-da-desospitalizacao-com-apoio-da-eficiencia-hospitalista1\/\"},\"author\":{\"name\":\"admin-federas\",\"@id\":\"https:\/\/www.federassantas.org.br\/novosite\/#\/schema\/person\/75fed98158349313fe56175f232f513c\"},\"headline\":\"Unimed-BH investe na qualifica\u00e7\u00e3o da desospitaliza\u00e7\u00e3o com apoio da Efici\u00eancia Hospitalista\",\"datePublished\":\"2025-07-25T17:06:24+00:00\",\"dateModified\":\"2025-07-25T17:13:32+00:00\",\"mainEntityOfPage\":{\"@id\":\"https:\/\/www.federassantas.org.br\/novosite\/unimed-bh-investe-na-qualificacao-da-desospitalizacao-com-apoio-da-eficiencia-hospitalista1\/\"},\"wordCount\":383,\"commentCount\":0,\"publisher\":{\"@id\":\"https:\/\/www.federassantas.org.br\/novosite\/#organization\"},\"image\":{\"@id\":\"https:\/\/www.federassantas.org.br\/novosite\/unimed-bh-investe-na-qualificacao-da-desospitalizacao-com-apoio-da-eficiencia-hospitalista1\/#primaryimage\"},\"thumbnailUrl\":\"https:\/\/www.federassantas.org.br\/novosite\/wp-content\/uploads\/2025\/07\/TAMANHO-PARA-BANNER-SITE-27.png\",\"articleSection\":[\"Not\u00edcias\"],\"inLanguage\":\"pt-BR\",\"potentialAction\":[{\"@type\":\"CommentAction\",\"name\":\"Comment\",\"target\":[\"https:\/\/www.federassantas.org.br\/novosite\/unimed-bh-investe-na-qualificacao-da-desospitalizacao-com-apoio-da-eficiencia-hospitalista1\/#respond\"]}]},{\"@type\":\"WebPage\",\"@id\":\"https:\/\/www.federassantas.org.br\/novosite\/unimed-bh-investe-na-qualificacao-da-desospitalizacao-com-apoio-da-eficiencia-hospitalista1\/\",\"url\":\"https:\/\/www.federassantas.org.br\/novosite\/unimed-bh-investe-na-qualificacao-da-desospitalizacao-com-apoio-da-eficiencia-hospitalista1\/\",\"name\":\"Unimed-BH investe na qualifica\u00e7\u00e3o da desospitaliza\u00e7\u00e3o com apoio da Efici\u00eancia Hospitalista - Federassantas\",\"isPartOf\":{\"@id\":\"https:\/\/www.federassantas.org.br\/novosite\/#website\"},\"primaryImageOfPage\":{\"@id\":\"https:\/\/www.federassantas.org.br\/novosite\/unimed-bh-investe-na-qualificacao-da-desospitalizacao-com-apoio-da-eficiencia-hospitalista1\/#primaryimage\"},\"image\":{\"@id\":\"https:\/\/www.federassantas.org.br\/novosite\/unimed-bh-investe-na-qualificacao-da-desospitalizacao-com-apoio-da-eficiencia-hospitalista1\/#primaryimage\"},\"thumbnailUrl\":\"https:\/\/www.federassantas.org.br\/novosite\/wp-content\/uploads\/2025\/07\/TAMANHO-PARA-BANNER-SITE-27.png\",\"datePublished\":\"2025-07-25T17:06:24+00:00\",\"dateModified\":\"2025-07-25T17:13:32+00:00\",\"breadcrumb\":{\"@id\":\"https:\/\/www.federassantas.org.br\/novosite\/unimed-bh-investe-na-qualificacao-da-desospitalizacao-com-apoio-da-eficiencia-hospitalista1\/#breadcrumb\"},\"inLanguage\":\"pt-BR\",\"potentialAction\":[{\"@type\":\"ReadAction\",\"target\":[\"https:\/\/www.federassantas.org.br\/novosite\/unimed-bh-investe-na-qualificacao-da-desospitalizacao-com-apoio-da-eficiencia-hospitalista1\/\"]}]},{\"@type\":\"ImageObject\",\"inLanguage\":\"pt-BR\",\"@id\":\"https:\/\/www.federassantas.org.br\/novosite\/unimed-bh-investe-na-qualificacao-da-desospitalizacao-com-apoio-da-eficiencia-hospitalista1\/#primaryimage\",\"url\":\"https:\/\/www.federassantas.org.br\/novosite\/wp-content\/uploads\/2025\/07\/TAMANHO-PARA-BANNER-SITE-27.png\",\"contentUrl\":\"https:\/\/www.federassantas.org.br\/novosite\/wp-content\/uploads\/2025\/07\/TAMANHO-PARA-BANNER-SITE-27.png\",\"width\":1120,\"height\":730},{\"@type\":\"BreadcrumbList\",\"@id\":\"https:\/\/www.federassantas.org.br\/novosite\/unimed-bh-investe-na-qualificacao-da-desospitalizacao-com-apoio-da-eficiencia-hospitalista1\/#breadcrumb\",\"itemListElement\":[{\"@type\":\"ListItem\",\"position\":1,\"name\":\"In\u00edcio\",\"item\":\"https:\/\/www.federassantas.org.br\/novosite\/\"},{\"@type\":\"ListItem\",\"position\":2,\"name\":\"Unimed-BH investe na qualifica\u00e7\u00e3o da desospitaliza\u00e7\u00e3o com apoio da Efici\u00eancia Hospitalista\"}]},{\"@type\":\"WebSite\",\"@id\":\"https:\/\/www.federassantas.org.br\/novosite\/#website\",\"url\":\"https:\/\/www.federassantas.org.br\/novosite\/\",\"name\":\"Federassantas\",\"description\":\"Fed. das Santas Casas e Hospitais Filantr\u00f3picos de MG\",\"publisher\":{\"@id\":\"https:\/\/www.federassantas.org.br\/novosite\/#organization\"},\"potentialAction\":[{\"@type\":\"SearchAction\",\"target\":{\"@type\":\"EntryPoint\",\"urlTemplate\":\"https:\/\/www.federassantas.org.br\/novosite\/?s={search_term_string}\"},\"query-input\":{\"@type\":\"PropertyValueSpecification\",\"valueRequired\":true,\"valueName\":\"search_term_string\"}}],\"inLanguage\":\"pt-BR\"},{\"@type\":\"Organization\",\"@id\":\"https:\/\/www.federassantas.org.br\/novosite\/#organization\",\"name\":\"Federassantas\",\"url\":\"https:\/\/www.federassantas.org.br\/novosite\/\",\"logo\":{\"@type\":\"ImageObject\",\"inLanguage\":\"pt-BR\",\"@id\":\"https:\/\/www.federassantas.org.br\/novosite\/#\/schema\/logo\/image\/\",\"url\":\"https:\/\/www.federassantas.org.br\/novosite\/wp-content\/uploads\/2021\/12\/logo.png\",\"contentUrl\":\"https:\/\/www.federassantas.org.br\/novosite\/wp-content\/uploads\/2021\/12\/logo.png\",\"width\":243,\"height\":59,\"caption\":\"Federassantas\"},\"image\":{\"@id\":\"https:\/\/www.federassantas.org.br\/novosite\/#\/schema\/logo\/image\/\"}},{\"@type\":\"Person\",\"@id\":\"https:\/\/www.federassantas.org.br\/novosite\/#\/schema\/person\/75fed98158349313fe56175f232f513c\",\"name\":\"admin-federas\",\"image\":{\"@type\":\"ImageObject\",\"inLanguage\":\"pt-BR\",\"@id\":\"https:\/\/www.federassantas.org.br\/novosite\/#\/schema\/person\/image\/\",\"url\":\"https:\/\/secure.gravatar.com\/avatar\/2a02d7dda59fe8dc6b7ffd3f652e2efede5ccf0dd89dfdc8137c5517f3de8407?s=96&d=mm&r=g\",\"contentUrl\":\"https:\/\/secure.gravatar.com\/avatar\/2a02d7dda59fe8dc6b7ffd3f652e2efede5ccf0dd89dfdc8137c5517f3de8407?s=96&d=mm&r=g\",\"caption\":\"admin-federas\"},\"sameAs\":[\"https:\/\/www.federassantas.org.br\/novosite\/\"],\"url\":\"https:\/\/www.federassantas.org.br\/novosite\/author\/admin-federas\/\"}]}<\/script>\n<!-- \/ Yoast SEO plugin. -->","yoast_head_json":{"title":"Unimed-BH investe na qualifica\u00e7\u00e3o da desospitaliza\u00e7\u00e3o com apoio da Efici\u00eancia Hospitalista - Federassantas","robots":{"index":"index","follow":"follow","max-snippet":"max-snippet:-1","max-image-preview":"max-image-preview:large","max-video-preview":"max-video-preview:-1"},"canonical":"https:\/\/www.federassantas.org.br\/novosite\/unimed-bh-investe-na-qualificacao-da-desospitalizacao-com-apoio-da-eficiencia-hospitalista1\/","og_locale":"pt_BR","og_type":"article","og_title":"Unimed-BH investe na qualifica\u00e7\u00e3o da desospitaliza\u00e7\u00e3o com apoio da Efici\u00eancia Hospitalista - Federassantas","og_description":"A Unimed-BH deu mais um passo estrat\u00e9gico para qualificar a gest\u00e3o do cuidado hospitalar ao implementar, em parceria com a Efici\u00eancia Hospitalista\u00ae, um programa educacional focado em transformar a auditoria cl\u00ednica ou concorrente em uma auditoria hospitalista, com aprofundamento de conhecimento em desospitaliza\u00e7\u00e3o eficiente, transi\u00e7\u00e3o segura do cuidado e coordena\u00e7\u00e3o do cuidado. O projeto \u00e9 [&hellip;]","og_url":"https:\/\/www.federassantas.org.br\/novosite\/unimed-bh-investe-na-qualificacao-da-desospitalizacao-com-apoio-da-eficiencia-hospitalista1\/","og_site_name":"Federassantas","article_published_time":"2025-07-25T17:06:24+00:00","article_modified_time":"2025-07-25T17:13:32+00:00","og_image":[{"width":1120,"height":730,"url":"https:\/\/www.federassantas.org.br\/novosite\/wp-content\/uploads\/2025\/07\/TAMANHO-PARA-BANNER-SITE-27.png","type":"image\/png"}],"author":"admin-federas","twitter_card":"summary_large_image","twitter_misc":{"Escrito por":"admin-federas","Est. tempo de leitura":"2 minutos"},"schema":{"@context":"https:\/\/schema.org","@graph":[{"@type":"Article","@id":"https:\/\/www.federassantas.org.br\/novosite\/unimed-bh-investe-na-qualificacao-da-desospitalizacao-com-apoio-da-eficiencia-hospitalista1\/#article","isPartOf":{"@id":"https:\/\/www.federassantas.org.br\/novosite\/unimed-bh-investe-na-qualificacao-da-desospitalizacao-com-apoio-da-eficiencia-hospitalista1\/"},"author":{"name":"admin-federas","@id":"https:\/\/www.federassantas.org.br\/novosite\/#\/schema\/person\/75fed98158349313fe56175f232f513c"},"headline":"Unimed-BH investe na qualifica\u00e7\u00e3o da desospitaliza\u00e7\u00e3o com apoio da Efici\u00eancia Hospitalista","datePublished":"2025-07-25T17:06:24+00:00","dateModified":"2025-07-25T17:13:32+00:00","mainEntityOfPage":{"@id":"https:\/\/www.federassantas.org.br\/novosite\/unimed-bh-investe-na-qualificacao-da-desospitalizacao-com-apoio-da-eficiencia-hospitalista1\/"},"wordCount":383,"commentCount":0,"publisher":{"@id":"https:\/\/www.federassantas.org.br\/novosite\/#organization"},"image":{"@id":"https:\/\/www.federassantas.org.br\/novosite\/unimed-bh-investe-na-qualificacao-da-desospitalizacao-com-apoio-da-eficiencia-hospitalista1\/#primaryimage"},"thumbnailUrl":"https:\/\/www.federassantas.org.br\/novosite\/wp-content\/uploads\/2025\/07\/TAMANHO-PARA-BANNER-SITE-27.png","articleSection":["Not\u00edcias"],"inLanguage":"pt-BR","potentialAction":[{"@type":"CommentAction","name":"Comment","target":["https:\/\/www.federassantas.org.br\/novosite\/unimed-bh-investe-na-qualificacao-da-desospitalizacao-com-apoio-da-eficiencia-hospitalista1\/#respond"]}]},{"@type":"WebPage","@id":"https:\/\/www.federassantas.org.br\/novosite\/unimed-bh-investe-na-qualificacao-da-desospitalizacao-com-apoio-da-eficiencia-hospitalista1\/","url":"https:\/\/www.federassantas.org.br\/novosite\/unimed-bh-investe-na-qualificacao-da-desospitalizacao-com-apoio-da-eficiencia-hospitalista1\/","name":"Unimed-BH investe na qualifica\u00e7\u00e3o da desospitaliza\u00e7\u00e3o com apoio da Efici\u00eancia Hospitalista - Federassantas","isPartOf":{"@id":"https:\/\/www.federassantas.org.br\/novosite\/#website"},"primaryImageOfPage":{"@id":"https:\/\/www.federassantas.org.br\/novosite\/unimed-bh-investe-na-qualificacao-da-desospitalizacao-com-apoio-da-eficiencia-hospitalista1\/#primaryimage"},"image":{"@id":"https:\/\/www.federassantas.org.br\/novosite\/unimed-bh-investe-na-qualificacao-da-desospitalizacao-com-apoio-da-eficiencia-hospitalista1\/#primaryimage"},"thumbnailUrl":"https:\/\/www.federassantas.org.br\/novosite\/wp-content\/uploads\/2025\/07\/TAMANHO-PARA-BANNER-SITE-27.png","datePublished":"2025-07-25T17:06:24+00:00","dateModified":"2025-07-25T17:13:32+00:00","breadcrumb":{"@id":"https:\/\/www.federassantas.org.br\/novosite\/unimed-bh-investe-na-qualificacao-da-desospitalizacao-com-apoio-da-eficiencia-hospitalista1\/#breadcrumb"},"inLanguage":"pt-BR","potentialAction":[{"@type":"ReadAction","target":["https:\/\/www.federassantas.org.br\/novosite\/unimed-bh-investe-na-qualificacao-da-desospitalizacao-com-apoio-da-eficiencia-hospitalista1\/"]}]},{"@type":"ImageObject","inLanguage":"pt-BR","@id":"https:\/\/www.federassantas.org.br\/novosite\/unimed-bh-investe-na-qualificacao-da-desospitalizacao-com-apoio-da-eficiencia-hospitalista1\/#primaryimage","url":"https:\/\/www.federassantas.org.br\/novosite\/wp-content\/uploads\/2025\/07\/TAMANHO-PARA-BANNER-SITE-27.png","contentUrl":"https:\/\/www.federassantas.org.br\/novosite\/wp-content\/uploads\/2025\/07\/TAMANHO-PARA-BANNER-SITE-27.png","width":1120,"height":730},{"@type":"BreadcrumbList","@id":"https:\/\/www.federassantas.org.br\/novosite\/unimed-bh-investe-na-qualificacao-da-desospitalizacao-com-apoio-da-eficiencia-hospitalista1\/#breadcrumb","itemListElement":[{"@type":"ListItem","position":1,"name":"In\u00edcio","item":"https:\/\/www.federassantas.org.br\/novosite\/"},{"@type":"ListItem","position":2,"name":"Unimed-BH investe na qualifica\u00e7\u00e3o da desospitaliza\u00e7\u00e3o com apoio da Efici\u00eancia Hospitalista"}]},{"@type":"WebSite","@id":"https:\/\/www.federassantas.org.br\/novosite\/#website","url":"https:\/\/www.federassantas.org.br\/novosite\/","name":"Federassantas","description":"Fed. das Santas Casas e Hospitais Filantr\u00f3picos de MG","publisher":{"@id":"https:\/\/www.federassantas.org.br\/novosite\/#organization"},"potentialAction":[{"@type":"SearchAction","target":{"@type":"EntryPoint","urlTemplate":"https:\/\/www.federassantas.org.br\/novosite\/?s={search_term_string}"},"query-input":{"@type":"PropertyValueSpecification","valueRequired":true,"valueName":"search_term_string"}}],"inLanguage":"pt-BR"},{"@type":"Organization","@id":"https:\/\/www.federassantas.org.br\/novosite\/#organization","name":"Federassantas","url":"https:\/\/www.federassantas.org.br\/novosite\/","logo":{"@type":"ImageObject","inLanguage":"pt-BR","@id":"https:\/\/www.federassantas.org.br\/novosite\/#\/schema\/logo\/image\/","url":"https:\/\/www.federassantas.org.br\/novosite\/wp-content\/uploads\/2021\/12\/logo.png","contentUrl":"https:\/\/www.federassantas.org.br\/novosite\/wp-content\/uploads\/2021\/12\/logo.png","width":243,"height":59,"caption":"Federassantas"},"image":{"@id":"https:\/\/www.federassantas.org.br\/novosite\/#\/schema\/logo\/image\/"}},{"@type":"Person","@id":"https:\/\/www.federassantas.org.br\/novosite\/#\/schema\/person\/75fed98158349313fe56175f232f513c","name":"admin-federas","image":{"@type":"ImageObject","inLanguage":"pt-BR","@id":"https:\/\/www.federassantas.org.br\/novosite\/#\/schema\/person\/image\/","url":"https:\/\/secure.gravatar.com\/avatar\/2a02d7dda59fe8dc6b7ffd3f652e2efede5ccf0dd89dfdc8137c5517f3de8407?s=96&d=mm&r=g","contentUrl":"https:\/\/secure.gravatar.com\/avatar\/2a02d7dda59fe8dc6b7ffd3f652e2efede5ccf0dd89dfdc8137c5517f3de8407?s=96&d=mm&r=g","caption":"admin-federas"},"sameAs":["https:\/\/www.federassantas.org.br\/novosite\/"],"url":"https:\/\/www.federassantas.org.br\/novosite\/author\/admin-federas\/"}]}},"_links":{"self":[{"href":"https:\/\/www.federassantas.org.br\/novosite\/wp-json\/wp\/v2\/posts\/38300","targetHints":{"allow":["GET"]}}],"collection":[{"href":"https:\/\/www.federassantas.org.br\/novosite\/wp-json\/wp\/v2\/posts"}],"about":[{"href":"https:\/\/www.federassantas.org.br\/novosite\/wp-json\/wp\/v2\/types\/post"}],"author":[{"embeddable":true,"href":"https:\/\/www.federassantas.org.br\/novosite\/wp-json\/wp\/v2\/users\/1"}],"replies":[{"embeddable":true,"href":"https:\/\/www.federassantas.org.br\/novosite\/wp-json\/wp\/v2\/comments?post=38300"}],"version-history":[{"count":9,"href":"https:\/\/www.federassantas.org.br\/novosite\/wp-json\/wp\/v2\/posts\/38300\/revisions"}],"predecessor-version":[{"id":38310,"href":"https:\/\/www.federassantas.org.br\/novosite\/wp-json\/wp\/v2\/posts\/38300\/revisions\/38310"}],"wp:featuredmedia":[{"embeddable":true,"href":"https:\/\/www.federassantas.org.br\/novosite\/wp-json\/wp\/v2\/media\/38264"}],"wp:attachment":[{"href":"https:\/\/www.federassantas.org.br\/novosite\/wp-json\/wp\/v2\/media?parent=38300"}],"wp:term":[{"taxonomy":"category","embeddable":true,"href":"https:\/\/www.federassantas.org.br\/novosite\/wp-json\/wp\/v2\/categories?post=38300"},{"taxonomy":"post_tag","embeddable":true,"href":"https:\/\/www.federassantas.org.br\/novosite\/wp-json\/wp\/v2\/tags?post=38300"}],"curies":[{"name":"wp","href":"https:\/\/api.w.org\/{rel}","templated":true}]}}