{"id":38311,"date":"2025-07-28T17:21:18","date_gmt":"2025-07-28T20:21:18","guid":{"rendered":"https:\/\/www.federassantas.org.br\/novosite\/?p=38311"},"modified":"2025-07-28T17:21:18","modified_gmt":"2025-07-28T20:21:18","slug":"hospital-evangelico-de-bh-oferece-cuidado-paliativo-ampliado-para-pacientes-e-acolhe-familiares","status":"publish","type":"post","link":"https:\/\/www.federassantas.org.br\/novosite\/hospital-evangelico-de-bh-oferece-cuidado-paliativo-ampliado-para-pacientes-e-acolhe-familiares\/","title":{"rendered":"Hospital Evang\u00e9lico de BH oferece cuidado paliativo  ampliado para pacientes e acolhe familiares"},"content":{"rendered":"\t\t<div data-elementor-type=\"wp-post\" data-elementor-id=\"38311\" class=\"elementor elementor-38311\" data-elementor-post-type=\"post\">\n\t\t\t\t\t\t<section class=\"elementor-section elementor-top-section elementor-element elementor-element-111ba1e elementor-section-boxed elementor-section-height-default elementor-section-height-default\" data-id=\"111ba1e\" data-element_type=\"section\" data-e-type=\"section\">\n\t\t\t\t\t\t<div class=\"elementor-container elementor-column-gap-default\">\n\t\t\t\t\t<div class=\"elementor-column elementor-col-100 elementor-top-column elementor-element elementor-element-b70a8bd\" data-id=\"b70a8bd\" data-element_type=\"column\" data-e-type=\"column\">\n\t\t\t<div class=\"elementor-widget-wrap elementor-element-populated\">\n\t\t\t\t\t\t<div class=\"elementor-element elementor-element-eaa409e elementor-widget elementor-widget-text-editor\" data-id=\"eaa409e\" data-element_type=\"widget\" data-e-type=\"widget\" data-widget_type=\"text-editor.default\">\n\t\t\t\t<div class=\"elementor-widget-container\">\n\t\t\t\t\t\t\t\t\t<p style=\"font-weight: 400;\">O cuidado paliativo ainda \u00e9 um tema cercado por muitas d\u00favidas. Para muita gente, alcan\u00e7a apenas pessoas que est\u00e3o nos \u00faltimos dias de vida. Na pr\u00e1tica, vai al\u00e9m j\u00e1 que tamb\u00e9m oferece suporte integral para aliviar sintomas e melhorar a qualidade de vida de pacientes que convivem com doen\u00e7as cr\u00f4nicas ou incur\u00e1veis como doen\u00e7as renais cr\u00f4nicas (DRC), diabetes, hipertens\u00e3o, c\u00e2ncer e cardiopatias, entre outras.<\/p><p style=\"font-weight: 400;\">\u00c9 com essa vis\u00e3o ampliada de atendimento que o Hospital Evang\u00e9lico de Belo Horizonte (HE), na regi\u00e3o Centro-Sul da capital mineira, oferece o cuidado paliativo multidisciplinar durante o per\u00edodo da interna\u00e7\u00e3o de pacientes para os quais esse acompanhamento \u00e9 necess\u00e1rio. A institui\u00e7\u00e3o filantr\u00f3pica destina 75% da sua capacidade de atendimento ao Sistema \u00danico de Sa\u00fade (SUS) e desde 2023, tem o Grupo de Trabalho Paliativo (GT Paliativo), que avalia e acompanha cada caso eleg\u00edvel a esse tipo de acompanhamento.<\/p><p style=\"font-weight: 400;\">A iniciativa do HE se antecipa \u00e0 Pol\u00edtica Nacional de Cuidados Paliativos (PNCP), oficializada no \u00e2mbito do SUS em maio do ano passado. <strong>\u201cOs cuidados paliativos colocam o paciente no centro das decis\u00f5es, oferecendo um olhar multidisciplinar que busca n\u00e3o apenas tratar sintomas, mas tamb\u00e9m garantir a dignidade e o bem-estar em todas as etapas do tratamento\u201d<\/strong>, explica a m\u00e9dica do Hospital Evang\u00e9lico de BH, Ana Laura Rabelo.<\/p><p style=\"font-weight: 400;\">Al\u00e9m do manejo cl\u00ednico de sintomas como dores, desconfortos, falta de ar, tratamento de escaras, controle de n\u00e1useas e dos quadros de perda de apetite, entre outros, o trabalho do GT Paliativo envolve acompanhamento psicol\u00f3gico, suporte nutricional, fisioterapia e atendimento espiritual, sempre adaptado \u00e0s necessidades e desejos expressos pelo paciente e pelos familiares.<\/p><p style=\"font-weight: 400;\">Outro diferencial \u00e9 o acolhimento direto aos acompanhantes, com conversas esclarecedoras e entrega de material informativo sobre a proposta de cuidados da institui\u00e7\u00e3o filantr\u00f3pica, para que todos compreendam como o processo \u00e9 conduzido, desde a interna\u00e7\u00e3o at\u00e9 a alta hospitalar \u2014 ou, quando for o caso &#8211; at\u00e9 o fim da vida, sempre de maneira serena e respeitosa.\u00a0<strong>\u201cAcreditamos que uma experi\u00eancia positiva durante a interna\u00e7\u00e3o \u00e9 fundamental para que o desfecho dos casos aconte\u00e7a de forma harmoniosa, minimizando traumas para pacientes e seus familiares\u201d<\/strong>, completa a m\u00e9dica.<\/p><p style=\"font-weight: 400;\">Fonte: Divulga\u00e7\u00e3o\/HE<\/p>\t\t\t\t\t\t\t\t<\/div>\n\t\t\t\t<\/div>\n\t\t\t\t\t<\/div>\n\t\t<\/div>\n\t\t\t\t\t<\/div>\n\t\t<\/section>\n\t\t\t\t<\/div>\n\t\t","protected":false},"excerpt":{"rendered":"<p>O cuidado paliativo ainda \u00e9 um tema cercado por muitas d\u00favidas. Para muita gente, alcan\u00e7a apenas pessoas que est\u00e3o nos \u00faltimos dias de vida. Na pr\u00e1tica, vai al\u00e9m j\u00e1 que tamb\u00e9m oferece suporte integral para aliviar sintomas e melhorar a qualidade de vida de pacientes que convivem com doen\u00e7as cr\u00f4nicas ou incur\u00e1veis como doen\u00e7as renais [&hellip;]<\/p>\n","protected":false},"author":1,"featured_media":38317,"comment_status":"open","ping_status":"open","sticky":false,"template":"","format":"standard","meta":{"footnotes":""},"categories":[140],"tags":[],"class_list":["post-38311","post","type-post","status-publish","format-standard","has-post-thumbnail","hentry","category-noticias"],"yoast_head":"<!-- This site is optimized with the Yoast SEO plugin v26.9 - https:\/\/yoast.com\/product\/yoast-seo-wordpress\/ -->\n<title>Hospital Evang\u00e9lico de BH oferece cuidado paliativo ampliado para pacientes e acolhe familiares - Federassantas<\/title>\n<meta name=\"robots\" content=\"index, follow, max-snippet:-1, max-image-preview:large, max-video-preview:-1\" \/>\n<link rel=\"canonical\" href=\"https:\/\/www.federassantas.org.br\/novosite\/hospital-evangelico-de-bh-oferece-cuidado-paliativo-ampliado-para-pacientes-e-acolhe-familiares\/\" \/>\n<meta property=\"og:locale\" content=\"pt_BR\" \/>\n<meta property=\"og:type\" content=\"article\" \/>\n<meta property=\"og:title\" content=\"Hospital Evang\u00e9lico de BH oferece cuidado paliativo ampliado para pacientes e acolhe familiares - Federassantas\" \/>\n<meta property=\"og:description\" content=\"O cuidado paliativo ainda \u00e9 um tema cercado por muitas d\u00favidas. Para muita gente, alcan\u00e7a apenas pessoas que est\u00e3o nos \u00faltimos dias de vida. Na pr\u00e1tica, vai al\u00e9m j\u00e1 que tamb\u00e9m oferece suporte integral para aliviar sintomas e melhorar a qualidade de vida de pacientes que convivem com doen\u00e7as cr\u00f4nicas ou incur\u00e1veis como doen\u00e7as renais [&hellip;]\" \/>\n<meta property=\"og:url\" content=\"https:\/\/www.federassantas.org.br\/novosite\/hospital-evangelico-de-bh-oferece-cuidado-paliativo-ampliado-para-pacientes-e-acolhe-familiares\/\" \/>\n<meta property=\"og:site_name\" content=\"Federassantas\" \/>\n<meta property=\"article:published_time\" content=\"2025-07-28T20:21:18+00:00\" \/>\n<meta property=\"og:image\" content=\"https:\/\/www.federassantas.org.br\/novosite\/wp-content\/uploads\/2025\/07\/TAMANHO-PARA-BANNER-SITE-18.png\" \/>\n\t<meta property=\"og:image:width\" content=\"1120\" \/>\n\t<meta property=\"og:image:height\" content=\"730\" \/>\n\t<meta property=\"og:image:type\" content=\"image\/png\" \/>\n<meta name=\"author\" content=\"admin-federas\" \/>\n<meta name=\"twitter:card\" content=\"summary_large_image\" \/>\n<meta name=\"twitter:label1\" content=\"Escrito por\" \/>\n\t<meta name=\"twitter:data1\" content=\"admin-federas\" \/>\n\t<meta name=\"twitter:label2\" content=\"Est. tempo de leitura\" \/>\n\t<meta name=\"twitter:data2\" content=\"2 minutos\" \/>\n<script type=\"application\/ld+json\" class=\"yoast-schema-graph\">{\"@context\":\"https:\/\/schema.org\",\"@graph\":[{\"@type\":\"Article\",\"@id\":\"https:\/\/www.federassantas.org.br\/novosite\/hospital-evangelico-de-bh-oferece-cuidado-paliativo-ampliado-para-pacientes-e-acolhe-familiares\/#article\",\"isPartOf\":{\"@id\":\"https:\/\/www.federassantas.org.br\/novosite\/hospital-evangelico-de-bh-oferece-cuidado-paliativo-ampliado-para-pacientes-e-acolhe-familiares\/\"},\"author\":{\"name\":\"admin-federas\",\"@id\":\"https:\/\/www.federassantas.org.br\/novosite\/#\/schema\/person\/75fed98158349313fe56175f232f513c\"},\"headline\":\"Hospital Evang\u00e9lico de BH oferece cuidado paliativo ampliado para pacientes e acolhe familiares\",\"datePublished\":\"2025-07-28T20:21:18+00:00\",\"mainEntityOfPage\":{\"@id\":\"https:\/\/www.federassantas.org.br\/novosite\/hospital-evangelico-de-bh-oferece-cuidado-paliativo-ampliado-para-pacientes-e-acolhe-familiares\/\"},\"wordCount\":400,\"commentCount\":0,\"publisher\":{\"@id\":\"https:\/\/www.federassantas.org.br\/novosite\/#organization\"},\"image\":{\"@id\":\"https:\/\/www.federassantas.org.br\/novosite\/hospital-evangelico-de-bh-oferece-cuidado-paliativo-ampliado-para-pacientes-e-acolhe-familiares\/#primaryimage\"},\"thumbnailUrl\":\"https:\/\/www.federassantas.org.br\/novosite\/wp-content\/uploads\/2025\/07\/TAMANHO-PARA-BANNER-SITE-18.png\",\"articleSection\":[\"Not\u00edcias\"],\"inLanguage\":\"pt-BR\",\"potentialAction\":[{\"@type\":\"CommentAction\",\"name\":\"Comment\",\"target\":[\"https:\/\/www.federassantas.org.br\/novosite\/hospital-evangelico-de-bh-oferece-cuidado-paliativo-ampliado-para-pacientes-e-acolhe-familiares\/#respond\"]}]},{\"@type\":\"WebPage\",\"@id\":\"https:\/\/www.federassantas.org.br\/novosite\/hospital-evangelico-de-bh-oferece-cuidado-paliativo-ampliado-para-pacientes-e-acolhe-familiares\/\",\"url\":\"https:\/\/www.federassantas.org.br\/novosite\/hospital-evangelico-de-bh-oferece-cuidado-paliativo-ampliado-para-pacientes-e-acolhe-familiares\/\",\"name\":\"Hospital Evang\u00e9lico de BH oferece cuidado paliativo ampliado para pacientes e acolhe familiares - Federassantas\",\"isPartOf\":{\"@id\":\"https:\/\/www.federassantas.org.br\/novosite\/#website\"},\"primaryImageOfPage\":{\"@id\":\"https:\/\/www.federassantas.org.br\/novosite\/hospital-evangelico-de-bh-oferece-cuidado-paliativo-ampliado-para-pacientes-e-acolhe-familiares\/#primaryimage\"},\"image\":{\"@id\":\"https:\/\/www.federassantas.org.br\/novosite\/hospital-evangelico-de-bh-oferece-cuidado-paliativo-ampliado-para-pacientes-e-acolhe-familiares\/#primaryimage\"},\"thumbnailUrl\":\"https:\/\/www.federassantas.org.br\/novosite\/wp-content\/uploads\/2025\/07\/TAMANHO-PARA-BANNER-SITE-18.png\",\"datePublished\":\"2025-07-28T20:21:18+00:00\",\"breadcrumb\":{\"@id\":\"https:\/\/www.federassantas.org.br\/novosite\/hospital-evangelico-de-bh-oferece-cuidado-paliativo-ampliado-para-pacientes-e-acolhe-familiares\/#breadcrumb\"},\"inLanguage\":\"pt-BR\",\"potentialAction\":[{\"@type\":\"ReadAction\",\"target\":[\"https:\/\/www.federassantas.org.br\/novosite\/hospital-evangelico-de-bh-oferece-cuidado-paliativo-ampliado-para-pacientes-e-acolhe-familiares\/\"]}]},{\"@type\":\"ImageObject\",\"inLanguage\":\"pt-BR\",\"@id\":\"https:\/\/www.federassantas.org.br\/novosite\/hospital-evangelico-de-bh-oferece-cuidado-paliativo-ampliado-para-pacientes-e-acolhe-familiares\/#primaryimage\",\"url\":\"https:\/\/www.federassantas.org.br\/novosite\/wp-content\/uploads\/2025\/07\/TAMANHO-PARA-BANNER-SITE-18.png\",\"contentUrl\":\"https:\/\/www.federassantas.org.br\/novosite\/wp-content\/uploads\/2025\/07\/TAMANHO-PARA-BANNER-SITE-18.png\",\"width\":1120,\"height\":730},{\"@type\":\"BreadcrumbList\",\"@id\":\"https:\/\/www.federassantas.org.br\/novosite\/hospital-evangelico-de-bh-oferece-cuidado-paliativo-ampliado-para-pacientes-e-acolhe-familiares\/#breadcrumb\",\"itemListElement\":[{\"@type\":\"ListItem\",\"position\":1,\"name\":\"In\u00edcio\",\"item\":\"https:\/\/www.federassantas.org.br\/novosite\/\"},{\"@type\":\"ListItem\",\"position\":2,\"name\":\"Hospital Evang\u00e9lico de BH oferece cuidado paliativo ampliado para pacientes e acolhe familiares\"}]},{\"@type\":\"WebSite\",\"@id\":\"https:\/\/www.federassantas.org.br\/novosite\/#website\",\"url\":\"https:\/\/www.federassantas.org.br\/novosite\/\",\"name\":\"Federassantas\",\"description\":\"Fed. das Santas Casas e Hospitais Filantr\u00f3picos de MG\",\"publisher\":{\"@id\":\"https:\/\/www.federassantas.org.br\/novosite\/#organization\"},\"potentialAction\":[{\"@type\":\"SearchAction\",\"target\":{\"@type\":\"EntryPoint\",\"urlTemplate\":\"https:\/\/www.federassantas.org.br\/novosite\/?s={search_term_string}\"},\"query-input\":{\"@type\":\"PropertyValueSpecification\",\"valueRequired\":true,\"valueName\":\"search_term_string\"}}],\"inLanguage\":\"pt-BR\"},{\"@type\":\"Organization\",\"@id\":\"https:\/\/www.federassantas.org.br\/novosite\/#organization\",\"name\":\"Federassantas\",\"url\":\"https:\/\/www.federassantas.org.br\/novosite\/\",\"logo\":{\"@type\":\"ImageObject\",\"inLanguage\":\"pt-BR\",\"@id\":\"https:\/\/www.federassantas.org.br\/novosite\/#\/schema\/logo\/image\/\",\"url\":\"https:\/\/www.federassantas.org.br\/novosite\/wp-content\/uploads\/2021\/12\/logo.png\",\"contentUrl\":\"https:\/\/www.federassantas.org.br\/novosite\/wp-content\/uploads\/2021\/12\/logo.png\",\"width\":243,\"height\":59,\"caption\":\"Federassantas\"},\"image\":{\"@id\":\"https:\/\/www.federassantas.org.br\/novosite\/#\/schema\/logo\/image\/\"}},{\"@type\":\"Person\",\"@id\":\"https:\/\/www.federassantas.org.br\/novosite\/#\/schema\/person\/75fed98158349313fe56175f232f513c\",\"name\":\"admin-federas\",\"image\":{\"@type\":\"ImageObject\",\"inLanguage\":\"pt-BR\",\"@id\":\"https:\/\/www.federassantas.org.br\/novosite\/#\/schema\/person\/image\/\",\"url\":\"https:\/\/secure.gravatar.com\/avatar\/2a02d7dda59fe8dc6b7ffd3f652e2efede5ccf0dd89dfdc8137c5517f3de8407?s=96&d=mm&r=g\",\"contentUrl\":\"https:\/\/secure.gravatar.com\/avatar\/2a02d7dda59fe8dc6b7ffd3f652e2efede5ccf0dd89dfdc8137c5517f3de8407?s=96&d=mm&r=g\",\"caption\":\"admin-federas\"},\"sameAs\":[\"https:\/\/www.federassantas.org.br\/novosite\/\"],\"url\":\"https:\/\/www.federassantas.org.br\/novosite\/author\/admin-federas\/\"}]}<\/script>\n<!-- \/ Yoast SEO plugin. -->","yoast_head_json":{"title":"Hospital Evang\u00e9lico de BH oferece cuidado paliativo ampliado para pacientes e acolhe familiares - Federassantas","robots":{"index":"index","follow":"follow","max-snippet":"max-snippet:-1","max-image-preview":"max-image-preview:large","max-video-preview":"max-video-preview:-1"},"canonical":"https:\/\/www.federassantas.org.br\/novosite\/hospital-evangelico-de-bh-oferece-cuidado-paliativo-ampliado-para-pacientes-e-acolhe-familiares\/","og_locale":"pt_BR","og_type":"article","og_title":"Hospital Evang\u00e9lico de BH oferece cuidado paliativo ampliado para pacientes e acolhe familiares - Federassantas","og_description":"O cuidado paliativo ainda \u00e9 um tema cercado por muitas d\u00favidas. Para muita gente, alcan\u00e7a apenas pessoas que est\u00e3o nos \u00faltimos dias de vida. Na pr\u00e1tica, vai al\u00e9m j\u00e1 que tamb\u00e9m oferece suporte integral para aliviar sintomas e melhorar a qualidade de vida de pacientes que convivem com doen\u00e7as cr\u00f4nicas ou incur\u00e1veis como doen\u00e7as renais [&hellip;]","og_url":"https:\/\/www.federassantas.org.br\/novosite\/hospital-evangelico-de-bh-oferece-cuidado-paliativo-ampliado-para-pacientes-e-acolhe-familiares\/","og_site_name":"Federassantas","article_published_time":"2025-07-28T20:21:18+00:00","og_image":[{"width":1120,"height":730,"url":"https:\/\/www.federassantas.org.br\/novosite\/wp-content\/uploads\/2025\/07\/TAMANHO-PARA-BANNER-SITE-18.png","type":"image\/png"}],"author":"admin-federas","twitter_card":"summary_large_image","twitter_misc":{"Escrito por":"admin-federas","Est. tempo de leitura":"2 minutos"},"schema":{"@context":"https:\/\/schema.org","@graph":[{"@type":"Article","@id":"https:\/\/www.federassantas.org.br\/novosite\/hospital-evangelico-de-bh-oferece-cuidado-paliativo-ampliado-para-pacientes-e-acolhe-familiares\/#article","isPartOf":{"@id":"https:\/\/www.federassantas.org.br\/novosite\/hospital-evangelico-de-bh-oferece-cuidado-paliativo-ampliado-para-pacientes-e-acolhe-familiares\/"},"author":{"name":"admin-federas","@id":"https:\/\/www.federassantas.org.br\/novosite\/#\/schema\/person\/75fed98158349313fe56175f232f513c"},"headline":"Hospital Evang\u00e9lico de BH oferece cuidado paliativo ampliado para pacientes e acolhe familiares","datePublished":"2025-07-28T20:21:18+00:00","mainEntityOfPage":{"@id":"https:\/\/www.federassantas.org.br\/novosite\/hospital-evangelico-de-bh-oferece-cuidado-paliativo-ampliado-para-pacientes-e-acolhe-familiares\/"},"wordCount":400,"commentCount":0,"publisher":{"@id":"https:\/\/www.federassantas.org.br\/novosite\/#organization"},"image":{"@id":"https:\/\/www.federassantas.org.br\/novosite\/hospital-evangelico-de-bh-oferece-cuidado-paliativo-ampliado-para-pacientes-e-acolhe-familiares\/#primaryimage"},"thumbnailUrl":"https:\/\/www.federassantas.org.br\/novosite\/wp-content\/uploads\/2025\/07\/TAMANHO-PARA-BANNER-SITE-18.png","articleSection":["Not\u00edcias"],"inLanguage":"pt-BR","potentialAction":[{"@type":"CommentAction","name":"Comment","target":["https:\/\/www.federassantas.org.br\/novosite\/hospital-evangelico-de-bh-oferece-cuidado-paliativo-ampliado-para-pacientes-e-acolhe-familiares\/#respond"]}]},{"@type":"WebPage","@id":"https:\/\/www.federassantas.org.br\/novosite\/hospital-evangelico-de-bh-oferece-cuidado-paliativo-ampliado-para-pacientes-e-acolhe-familiares\/","url":"https:\/\/www.federassantas.org.br\/novosite\/hospital-evangelico-de-bh-oferece-cuidado-paliativo-ampliado-para-pacientes-e-acolhe-familiares\/","name":"Hospital Evang\u00e9lico de BH oferece cuidado paliativo ampliado para pacientes e acolhe familiares - Federassantas","isPartOf":{"@id":"https:\/\/www.federassantas.org.br\/novosite\/#website"},"primaryImageOfPage":{"@id":"https:\/\/www.federassantas.org.br\/novosite\/hospital-evangelico-de-bh-oferece-cuidado-paliativo-ampliado-para-pacientes-e-acolhe-familiares\/#primaryimage"},"image":{"@id":"https:\/\/www.federassantas.org.br\/novosite\/hospital-evangelico-de-bh-oferece-cuidado-paliativo-ampliado-para-pacientes-e-acolhe-familiares\/#primaryimage"},"thumbnailUrl":"https:\/\/www.federassantas.org.br\/novosite\/wp-content\/uploads\/2025\/07\/TAMANHO-PARA-BANNER-SITE-18.png","datePublished":"2025-07-28T20:21:18+00:00","breadcrumb":{"@id":"https:\/\/www.federassantas.org.br\/novosite\/hospital-evangelico-de-bh-oferece-cuidado-paliativo-ampliado-para-pacientes-e-acolhe-familiares\/#breadcrumb"},"inLanguage":"pt-BR","potentialAction":[{"@type":"ReadAction","target":["https:\/\/www.federassantas.org.br\/novosite\/hospital-evangelico-de-bh-oferece-cuidado-paliativo-ampliado-para-pacientes-e-acolhe-familiares\/"]}]},{"@type":"ImageObject","inLanguage":"pt-BR","@id":"https:\/\/www.federassantas.org.br\/novosite\/hospital-evangelico-de-bh-oferece-cuidado-paliativo-ampliado-para-pacientes-e-acolhe-familiares\/#primaryimage","url":"https:\/\/www.federassantas.org.br\/novosite\/wp-content\/uploads\/2025\/07\/TAMANHO-PARA-BANNER-SITE-18.png","contentUrl":"https:\/\/www.federassantas.org.br\/novosite\/wp-content\/uploads\/2025\/07\/TAMANHO-PARA-BANNER-SITE-18.png","width":1120,"height":730},{"@type":"BreadcrumbList","@id":"https:\/\/www.federassantas.org.br\/novosite\/hospital-evangelico-de-bh-oferece-cuidado-paliativo-ampliado-para-pacientes-e-acolhe-familiares\/#breadcrumb","itemListElement":[{"@type":"ListItem","position":1,"name":"In\u00edcio","item":"https:\/\/www.federassantas.org.br\/novosite\/"},{"@type":"ListItem","position":2,"name":"Hospital Evang\u00e9lico de BH oferece cuidado paliativo ampliado para pacientes e acolhe familiares"}]},{"@type":"WebSite","@id":"https:\/\/www.federassantas.org.br\/novosite\/#website","url":"https:\/\/www.federassantas.org.br\/novosite\/","name":"Federassantas","description":"Fed. das Santas Casas e Hospitais Filantr\u00f3picos de MG","publisher":{"@id":"https:\/\/www.federassantas.org.br\/novosite\/#organization"},"potentialAction":[{"@type":"SearchAction","target":{"@type":"EntryPoint","urlTemplate":"https:\/\/www.federassantas.org.br\/novosite\/?s={search_term_string}"},"query-input":{"@type":"PropertyValueSpecification","valueRequired":true,"valueName":"search_term_string"}}],"inLanguage":"pt-BR"},{"@type":"Organization","@id":"https:\/\/www.federassantas.org.br\/novosite\/#organization","name":"Federassantas","url":"https:\/\/www.federassantas.org.br\/novosite\/","logo":{"@type":"ImageObject","inLanguage":"pt-BR","@id":"https:\/\/www.federassantas.org.br\/novosite\/#\/schema\/logo\/image\/","url":"https:\/\/www.federassantas.org.br\/novosite\/wp-content\/uploads\/2021\/12\/logo.png","contentUrl":"https:\/\/www.federassantas.org.br\/novosite\/wp-content\/uploads\/2021\/12\/logo.png","width":243,"height":59,"caption":"Federassantas"},"image":{"@id":"https:\/\/www.federassantas.org.br\/novosite\/#\/schema\/logo\/image\/"}},{"@type":"Person","@id":"https:\/\/www.federassantas.org.br\/novosite\/#\/schema\/person\/75fed98158349313fe56175f232f513c","name":"admin-federas","image":{"@type":"ImageObject","inLanguage":"pt-BR","@id":"https:\/\/www.federassantas.org.br\/novosite\/#\/schema\/person\/image\/","url":"https:\/\/secure.gravatar.com\/avatar\/2a02d7dda59fe8dc6b7ffd3f652e2efede5ccf0dd89dfdc8137c5517f3de8407?s=96&d=mm&r=g","contentUrl":"https:\/\/secure.gravatar.com\/avatar\/2a02d7dda59fe8dc6b7ffd3f652e2efede5ccf0dd89dfdc8137c5517f3de8407?s=96&d=mm&r=g","caption":"admin-federas"},"sameAs":["https:\/\/www.federassantas.org.br\/novosite\/"],"url":"https:\/\/www.federassantas.org.br\/novosite\/author\/admin-federas\/"}]}},"_links":{"self":[{"href":"https:\/\/www.federassantas.org.br\/novosite\/wp-json\/wp\/v2\/posts\/38311","targetHints":{"allow":["GET"]}}],"collection":[{"href":"https:\/\/www.federassantas.org.br\/novosite\/wp-json\/wp\/v2\/posts"}],"about":[{"href":"https:\/\/www.federassantas.org.br\/novosite\/wp-json\/wp\/v2\/types\/post"}],"author":[{"embeddable":true,"href":"https:\/\/www.federassantas.org.br\/novosite\/wp-json\/wp\/v2\/users\/1"}],"replies":[{"embeddable":true,"href":"https:\/\/www.federassantas.org.br\/novosite\/wp-json\/wp\/v2\/comments?post=38311"}],"version-history":[{"count":13,"href":"https:\/\/www.federassantas.org.br\/novosite\/wp-json\/wp\/v2\/posts\/38311\/revisions"}],"predecessor-version":[{"id":38328,"href":"https:\/\/www.federassantas.org.br\/novosite\/wp-json\/wp\/v2\/posts\/38311\/revisions\/38328"}],"wp:featuredmedia":[{"embeddable":true,"href":"https:\/\/www.federassantas.org.br\/novosite\/wp-json\/wp\/v2\/media\/38317"}],"wp:attachment":[{"href":"https:\/\/www.federassantas.org.br\/novosite\/wp-json\/wp\/v2\/media?parent=38311"}],"wp:term":[{"taxonomy":"category","embeddable":true,"href":"https:\/\/www.federassantas.org.br\/novosite\/wp-json\/wp\/v2\/categories?post=38311"},{"taxonomy":"post_tag","embeddable":true,"href":"https:\/\/www.federassantas.org.br\/novosite\/wp-json\/wp\/v2\/tags?post=38311"}],"curies":[{"name":"wp","href":"https:\/\/api.w.org\/{rel}","templated":true}]}}