{"id":38339,"date":"2025-08-01T16:13:49","date_gmt":"2025-08-01T19:13:49","guid":{"rendered":"https:\/\/www.federassantas.org.br\/novosite\/?p=38339"},"modified":"2025-08-01T16:13:49","modified_gmt":"2025-08-01T19:13:49","slug":"4a-corrida-mario-penna-movimentara-a-pampulha-no-dia-25-de-outubro-com-esporte-saude-e-solidariedade","status":"publish","type":"post","link":"https:\/\/www.federassantas.org.br\/novosite\/4a-corrida-mario-penna-movimentara-a-pampulha-no-dia-25-de-outubro-com-esporte-saude-e-solidariedade\/","title":{"rendered":"4\u00aa Corrida M\u00e1rio Penna movimentar\u00e1 a Pampulha no dia 25 de outubro com esporte, sa\u00fade e solidariedade"},"content":{"rendered":"\t\t<div data-elementor-type=\"wp-post\" data-elementor-id=\"38339\" class=\"elementor elementor-38339\" data-elementor-post-type=\"post\">\n\t\t\t\t\t\t<section class=\"elementor-section elementor-top-section elementor-element elementor-element-9a216fd elementor-section-boxed elementor-section-height-default elementor-section-height-default\" data-id=\"9a216fd\" data-element_type=\"section\" data-e-type=\"section\">\n\t\t\t\t\t\t<div class=\"elementor-container elementor-column-gap-default\">\n\t\t\t\t\t<div class=\"elementor-column elementor-col-100 elementor-top-column elementor-element elementor-element-98280f8\" data-id=\"98280f8\" data-element_type=\"column\" data-e-type=\"column\">\n\t\t\t<div class=\"elementor-widget-wrap elementor-element-populated\">\n\t\t\t\t\t\t<div class=\"elementor-element elementor-element-d670c6c elementor-widget elementor-widget-text-editor\" data-id=\"d670c6c\" data-element_type=\"widget\" data-e-type=\"widget\" data-widget_type=\"text-editor.default\">\n\t\t\t\t<div class=\"elementor-widget-container\">\n\t\t\t\t\t\t\t\t\t<div>A Corrida M\u00e1rio Penna chega \u00e0 sua 4\u00aa edi\u00e7\u00e3o com ainda mais energia e prop\u00f3sito. Neste ano, com o tema \u201cUnidos pela vida. Juntos contra o c\u00e2ncer\u201d, o evento ser\u00e1 realizado no dia 25 de outubro, a partir das 8h, na Nova Pra\u00e7a da Pampulha, e prop\u00f5e uma manh\u00e3 dedicada \u00e0 sa\u00fade, conscientiza\u00e7\u00e3o e apoio ao enfrentamento do c\u00e2ncer. A expectativa \u00e9 reunir 2.500 participantes, encerrando simbolicamente a campanha Outubro Rosa e dando in\u00edcio ao Novembro Azul, que promove a conscientiza\u00e7\u00e3o sobre o c\u00e2ncer de mama e pr\u00f3stata, respectivamente.<\/div><div>\u00a0<\/div><div>A programa\u00e7\u00e3o inclui percursos de 2 km para caminhada, 5 km e 10 km para corrida, al\u00e9m da Corrida Kids, voltada para crian\u00e7as nascidas entre 2012 a 2021. Todos os atletas recebem uma medalha de participa\u00e7\u00e3o, e os tr\u00eas primeiros colocados gerais (masculino e feminino) nas categorias de 10 km e 5 km ser\u00e3o premiados com trof\u00e9us. Informa\u00e7\u00f5es completas sobre o regulamento est\u00e3o dispon\u00edveis no site\u00a0<a href=\"https:\/\/www.tbhesportes.com.br\/corridamariopenna\/\" target=\"_blank\" rel=\"noopener\" data-saferedirecturl=\"https:\/\/www.google.com\/url?q=https:\/\/www.tbhesportes.com.br\/corridamariopenna\/&amp;source=gmail&amp;ust=1754159880173000&amp;usg=AOvVaw15DB5DGTP9DNXe7Ap6pHKX\">https:\/\/www.tbhesportes.com.<wbr \/>br.<\/a><\/div><div>\u00a0<\/div><div>Os participantes receber\u00e3o um kit composto por camiseta oficial, sacola personalizada, meias tem\u00e1ticas da Corrida, al\u00e9m de outros brindes especiais preparados para tornar a experi\u00eancia ainda mais marcante.<\/div><div>\u00a0<\/div><div>Al\u00e9m de incentivar a pr\u00e1tica de atividades f\u00edsicas como forma de preven\u00e7\u00e3o e promo\u00e7\u00e3o da sa\u00fade, a 4\u00aa Corrida M\u00e1rio Penna refor\u00e7a seu compromisso com a solidariedade. Em 2025, o Hospital Luxemburgo d\u00e1 um passo importante rumo \u00e0 transforma\u00e7\u00e3o do \u00a0Instituto em uma unidade 100% SUS. Toda a renda arrecadada ser\u00e1 destinada integralmente a melhorias na estrutura e no atendimento oncol\u00f3gico prestado a pacientes do Sistema \u00danico de Sa\u00fade em Minas Gerais.<\/div><div>\u00a0<\/div><div>A corrida tamb\u00e9m abre espa\u00e7o para o engajamento de empresas e patrocinadores, que podem apoiar a causa e participar do evento com ativa\u00e7\u00f5es de marca e itens promocionais no kit dos participantes. Interessados podem entrar em contato pelos e-mails:\u00a0<a href=\"mailto:eventos@mariopenna.org.br\" target=\"_blank\" rel=\"noopener\">eventos@mariopenna.org.br<\/a>\u00a0e\u00a0<a href=\"mailto:giovana.coutinho@mariopenna.org.br\" target=\"_blank\" rel=\"noopener\">giovana.coutinho@mariopenna.<wbr \/>org.br<\/a>.<\/div><div>\u00a0<\/div><div><b>Cronograma do evento<\/b><\/div><ul><li><div role=\"presentation\">07h \u2013 Abertura da Arena<\/div><\/li><li><div role=\"presentation\">07h50 \u2013 Alongamento coletivo<\/div><\/li><li><div role=\"presentation\">08h \u2013 Largada Corrida 10 km, 5 km e Caminhada 2 km<\/div><\/li><li><div role=\"presentation\">09h30 \u2013 In\u00edcio da premia\u00e7\u00e3o e sorteios<\/div><\/li><li><div role=\"presentation\">10h \u2013 Largada Corrida Kids<\/div><\/li><\/ul><div>\u00a0<\/div><div><b>Valores de inscri\u00e7\u00e3o:<\/b><\/div><ul><li><div role=\"presentation\">1\u00ba lote: R$ 95 \u2013 at\u00e9 20\/08<\/div><\/li><li><div role=\"presentation\">2\u00ba lote: R$ 105 \u2013 at\u00e9 16\/09<\/div><\/li><li><div role=\"presentation\">3\u00ba lote: R$ 115 \u2013 at\u00e9 10\/10<\/div><\/li><li><div role=\"presentation\">4\u00ba lote: R$ 125 \u2013 at\u00e9 24\/10 ou enquanto houver vagas<\/div><\/li><\/ul><div>Crian\u00e7as pagam os mesmos valores.<\/div><div>\u00a0<\/div><div><b>Sobre o Instituto M\u00e1rio Penna<\/b><\/div><div>Com mais de cinco d\u00e9cadas de hist\u00f3ria e cerca de 390 mil atendimentos realizados em 2024, o Instituto M\u00e1rio Penna mant\u00e9m o compromisso com o tratamento humanizado, a inova\u00e7\u00e3o constante e o cuidado integral \u00e0s pessoas que enfrentam o c\u00e2ncer. A institui\u00e7\u00e3o re\u00fane cinco unidades: Hospital Luxemburgo, Casa de Apoio Beatriz Ferraz, N\u00facleo de Especialidades Oncol\u00f3gicas (NEO), N\u00facleo de Excel\u00eancia em Sa\u00fade (NEXS) e o N\u00facleo de Ensino, Pesquisa e Inova\u00e7\u00e3o (NEPI).<\/div><div>\u00a0<\/div><div>Somente em 2024, foram realizadas 47.662 sess\u00f5es de quimioterapia, 45.314 sess\u00f5es de radioterapia, 14.438 mamografias, 09 transplantes de medula \u00f3ssea e 113.713 exames de imagem. O Hospital Luxemburgo \u00e9 reconhecido como CACON (Centro de Assist\u00eancia de Alta Complexidade em Oncologia) pelo Minist\u00e9rio da Sa\u00fade, com infraestrutura moderna e corpo cl\u00ednico altamente capacitado.<\/div><div>\u00a0<\/div><div>Este ano, a institui\u00e7\u00e3o anunciou a implanta\u00e7\u00e3o de uma nova unidade hospitalar na Avenida Raja Gab\u00e1glia, uma das principais vias de Belo Horizonte. O novo hospital funcionar\u00e1 em um pr\u00e9dio j\u00e1 existente, que est\u00e1 passando por adequa\u00e7\u00f5es estruturais e tecnol\u00f3gicas para garantir a melhor estrutura assistencial de atendimento.<\/div><div>\u00a0<\/div><div>Para que o Hospital Luxemburgo conclua sua transi\u00e7\u00e3o para 100% SUS, a nova unidade absorver\u00e1 os pacientes da sa\u00fade suplementar e particulares, mantendo a realiza\u00e7\u00e3o dos atendimentos e os pilares da Rede M\u00e1rio Penna. Essa realoca\u00e7\u00e3o \u00e9 o que garantir\u00e1 o f\u00f4lego financeiro necess\u00e1rio para a expans\u00e3o dos atendimentos do SUS, sem comprometer a qualidade dos servi\u00e7os prestados \u00e0 popula\u00e7\u00e3o que depende do sistema p\u00fablico de sa\u00fade.<\/div><div>\u00a0<\/div><div>Servi\u00e7o:\u00a0<\/div><ul><li><div role=\"presentation\">4\u00aa Corrida M\u00e1rio Penna<\/div><\/li><li><div role=\"presentation\">Data: 25\/10\/2025<\/div><\/li><li><div role=\"presentation\">Hor\u00e1rio: A partir das 7h\u00a0<\/div><\/li><li><div role=\"presentation\">Local: Nova Pra\u00e7a da Pampulha<\/div><\/li><li><div role=\"presentation\">Contato:\u00a0<a href=\"mailto:eventos@mariopenna.org.br\" target=\"_blank\" rel=\"noopener\">eventos@mariopenna.org.br<\/a>\u00a0e\u00a0<a href=\"mailto:giovana.coutinho@mariopenna.org.br\" target=\"_blank\" rel=\"noopener\">giovana.coutinho@mariopenna.<wbr \/>org.br<\/a>.<\/div><\/li><li><div role=\"presentation\">Link de inscri\u00e7\u00e3o:\u00a0<a id=\"m_-1286060465962817719LPlnk719981\" href=\"https:\/\/www.tbhesportes.com.br\/corridamariopenna\/\" target=\"_blank\" rel=\"noopener\" data-saferedirecturl=\"https:\/\/www.google.com\/url?q=https:\/\/www.tbhesportes.com.br\/corridamariopenna\/&amp;source=gmail&amp;ust=1754159880174000&amp;usg=AOvVaw0OgJYMc_UKIq7GdZXUgq6D\">https:\/\/www.tbhesportes.com.<wbr \/>br\/corridamariopenna\/<\/a><\/div><\/li><\/ul><p>Fonte: Assessoria de Comunica\u00e7\u00e3o Hospital M\u00e1rio Penna<\/p>\t\t\t\t\t\t\t\t<\/div>\n\t\t\t\t<\/div>\n\t\t\t\t\t<\/div>\n\t\t<\/div>\n\t\t\t\t\t<\/div>\n\t\t<\/section>\n\t\t\t\t<\/div>\n\t\t","protected":false},"excerpt":{"rendered":"<p>A Corrida M\u00e1rio Penna chega \u00e0 sua 4\u00aa edi\u00e7\u00e3o com ainda mais energia e prop\u00f3sito. Neste ano, com o tema \u201cUnidos pela vida. Juntos contra o c\u00e2ncer\u201d, o evento ser\u00e1 realizado no dia 25 de outubro, a partir das 8h, na Nova Pra\u00e7a da Pampulha, e prop\u00f5e uma manh\u00e3 dedicada \u00e0 sa\u00fade, conscientiza\u00e7\u00e3o e apoio [&hellip;]<\/p>\n","protected":false},"author":1,"featured_media":38345,"comment_status":"open","ping_status":"open","sticky":false,"template":"","format":"standard","meta":{"footnotes":""},"categories":[140],"tags":[],"class_list":["post-38339","post","type-post","status-publish","format-standard","has-post-thumbnail","hentry","category-noticias"],"yoast_head":"<!-- This site is optimized with the Yoast SEO plugin v26.9 - https:\/\/yoast.com\/product\/yoast-seo-wordpress\/ -->\n<title>4\u00aa Corrida M\u00e1rio Penna movimentar\u00e1 a Pampulha no dia 25 de outubro com esporte, sa\u00fade e solidariedade - Federassantas<\/title>\n<meta name=\"robots\" content=\"index, follow, max-snippet:-1, max-image-preview:large, max-video-preview:-1\" \/>\n<link rel=\"canonical\" href=\"https:\/\/www.federassantas.org.br\/novosite\/4a-corrida-mario-penna-movimentara-a-pampulha-no-dia-25-de-outubro-com-esporte-saude-e-solidariedade\/\" \/>\n<meta property=\"og:locale\" content=\"pt_BR\" \/>\n<meta property=\"og:type\" content=\"article\" \/>\n<meta property=\"og:title\" content=\"4\u00aa Corrida M\u00e1rio Penna movimentar\u00e1 a Pampulha no dia 25 de outubro com esporte, sa\u00fade e solidariedade - Federassantas\" \/>\n<meta property=\"og:description\" content=\"A Corrida M\u00e1rio Penna chega \u00e0 sua 4\u00aa edi\u00e7\u00e3o com ainda mais energia e prop\u00f3sito. Neste ano, com o tema \u201cUnidos pela vida. Juntos contra o c\u00e2ncer\u201d, o evento ser\u00e1 realizado no dia 25 de outubro, a partir das 8h, na Nova Pra\u00e7a da Pampulha, e prop\u00f5e uma manh\u00e3 dedicada \u00e0 sa\u00fade, conscientiza\u00e7\u00e3o e apoio [&hellip;]\" \/>\n<meta property=\"og:url\" content=\"https:\/\/www.federassantas.org.br\/novosite\/4a-corrida-mario-penna-movimentara-a-pampulha-no-dia-25-de-outubro-com-esporte-saude-e-solidariedade\/\" \/>\n<meta property=\"og:site_name\" content=\"Federassantas\" \/>\n<meta property=\"article:published_time\" content=\"2025-08-01T19:13:49+00:00\" \/>\n<meta property=\"og:image\" content=\"https:\/\/www.federassantas.org.br\/novosite\/wp-content\/uploads\/2025\/08\/TAMANHO-PARA-BANNER-SITE-20.png\" \/>\n\t<meta property=\"og:image:width\" content=\"1120\" \/>\n\t<meta property=\"og:image:height\" content=\"730\" \/>\n\t<meta property=\"og:image:type\" content=\"image\/png\" \/>\n<meta name=\"author\" content=\"admin-federas\" \/>\n<meta name=\"twitter:card\" content=\"summary_large_image\" \/>\n<meta name=\"twitter:label1\" content=\"Escrito por\" \/>\n\t<meta name=\"twitter:data1\" content=\"admin-federas\" \/>\n\t<meta name=\"twitter:label2\" content=\"Est. tempo de leitura\" \/>\n\t<meta name=\"twitter:data2\" content=\"4 minutos\" \/>\n<script type=\"application\/ld+json\" class=\"yoast-schema-graph\">{\"@context\":\"https:\/\/schema.org\",\"@graph\":[{\"@type\":\"Article\",\"@id\":\"https:\/\/www.federassantas.org.br\/novosite\/4a-corrida-mario-penna-movimentara-a-pampulha-no-dia-25-de-outubro-com-esporte-saude-e-solidariedade\/#article\",\"isPartOf\":{\"@id\":\"https:\/\/www.federassantas.org.br\/novosite\/4a-corrida-mario-penna-movimentara-a-pampulha-no-dia-25-de-outubro-com-esporte-saude-e-solidariedade\/\"},\"author\":{\"name\":\"admin-federas\",\"@id\":\"https:\/\/www.federassantas.org.br\/novosite\/#\/schema\/person\/75fed98158349313fe56175f232f513c\"},\"headline\":\"4\u00aa Corrida M\u00e1rio Penna movimentar\u00e1 a Pampulha no dia 25 de outubro com esporte, sa\u00fade e solidariedade\",\"datePublished\":\"2025-08-01T19:13:49+00:00\",\"mainEntityOfPage\":{\"@id\":\"https:\/\/www.federassantas.org.br\/novosite\/4a-corrida-mario-penna-movimentara-a-pampulha-no-dia-25-de-outubro-com-esporte-saude-e-solidariedade\/\"},\"wordCount\":726,\"commentCount\":0,\"publisher\":{\"@id\":\"https:\/\/www.federassantas.org.br\/novosite\/#organization\"},\"image\":{\"@id\":\"https:\/\/www.federassantas.org.br\/novosite\/4a-corrida-mario-penna-movimentara-a-pampulha-no-dia-25-de-outubro-com-esporte-saude-e-solidariedade\/#primaryimage\"},\"thumbnailUrl\":\"https:\/\/www.federassantas.org.br\/novosite\/wp-content\/uploads\/2025\/08\/TAMANHO-PARA-BANNER-SITE-20.png\",\"articleSection\":[\"Not\u00edcias\"],\"inLanguage\":\"pt-BR\",\"potentialAction\":[{\"@type\":\"CommentAction\",\"name\":\"Comment\",\"target\":[\"https:\/\/www.federassantas.org.br\/novosite\/4a-corrida-mario-penna-movimentara-a-pampulha-no-dia-25-de-outubro-com-esporte-saude-e-solidariedade\/#respond\"]}]},{\"@type\":\"WebPage\",\"@id\":\"https:\/\/www.federassantas.org.br\/novosite\/4a-corrida-mario-penna-movimentara-a-pampulha-no-dia-25-de-outubro-com-esporte-saude-e-solidariedade\/\",\"url\":\"https:\/\/www.federassantas.org.br\/novosite\/4a-corrida-mario-penna-movimentara-a-pampulha-no-dia-25-de-outubro-com-esporte-saude-e-solidariedade\/\",\"name\":\"4\u00aa Corrida M\u00e1rio Penna movimentar\u00e1 a Pampulha no dia 25 de outubro com esporte, sa\u00fade e solidariedade - Federassantas\",\"isPartOf\":{\"@id\":\"https:\/\/www.federassantas.org.br\/novosite\/#website\"},\"primaryImageOfPage\":{\"@id\":\"https:\/\/www.federassantas.org.br\/novosite\/4a-corrida-mario-penna-movimentara-a-pampulha-no-dia-25-de-outubro-com-esporte-saude-e-solidariedade\/#primaryimage\"},\"image\":{\"@id\":\"https:\/\/www.federassantas.org.br\/novosite\/4a-corrida-mario-penna-movimentara-a-pampulha-no-dia-25-de-outubro-com-esporte-saude-e-solidariedade\/#primaryimage\"},\"thumbnailUrl\":\"https:\/\/www.federassantas.org.br\/novosite\/wp-content\/uploads\/2025\/08\/TAMANHO-PARA-BANNER-SITE-20.png\",\"datePublished\":\"2025-08-01T19:13:49+00:00\",\"breadcrumb\":{\"@id\":\"https:\/\/www.federassantas.org.br\/novosite\/4a-corrida-mario-penna-movimentara-a-pampulha-no-dia-25-de-outubro-com-esporte-saude-e-solidariedade\/#breadcrumb\"},\"inLanguage\":\"pt-BR\",\"potentialAction\":[{\"@type\":\"ReadAction\",\"target\":[\"https:\/\/www.federassantas.org.br\/novosite\/4a-corrida-mario-penna-movimentara-a-pampulha-no-dia-25-de-outubro-com-esporte-saude-e-solidariedade\/\"]}]},{\"@type\":\"ImageObject\",\"inLanguage\":\"pt-BR\",\"@id\":\"https:\/\/www.federassantas.org.br\/novosite\/4a-corrida-mario-penna-movimentara-a-pampulha-no-dia-25-de-outubro-com-esporte-saude-e-solidariedade\/#primaryimage\",\"url\":\"https:\/\/www.federassantas.org.br\/novosite\/wp-content\/uploads\/2025\/08\/TAMANHO-PARA-BANNER-SITE-20.png\",\"contentUrl\":\"https:\/\/www.federassantas.org.br\/novosite\/wp-content\/uploads\/2025\/08\/TAMANHO-PARA-BANNER-SITE-20.png\",\"width\":1120,\"height\":730},{\"@type\":\"BreadcrumbList\",\"@id\":\"https:\/\/www.federassantas.org.br\/novosite\/4a-corrida-mario-penna-movimentara-a-pampulha-no-dia-25-de-outubro-com-esporte-saude-e-solidariedade\/#breadcrumb\",\"itemListElement\":[{\"@type\":\"ListItem\",\"position\":1,\"name\":\"In\u00edcio\",\"item\":\"https:\/\/www.federassantas.org.br\/novosite\/\"},{\"@type\":\"ListItem\",\"position\":2,\"name\":\"4\u00aa Corrida M\u00e1rio Penna movimentar\u00e1 a Pampulha no dia 25 de outubro com esporte, sa\u00fade e solidariedade\"}]},{\"@type\":\"WebSite\",\"@id\":\"https:\/\/www.federassantas.org.br\/novosite\/#website\",\"url\":\"https:\/\/www.federassantas.org.br\/novosite\/\",\"name\":\"Federassantas\",\"description\":\"Fed. das Santas Casas e Hospitais Filantr\u00f3picos de MG\",\"publisher\":{\"@id\":\"https:\/\/www.federassantas.org.br\/novosite\/#organization\"},\"potentialAction\":[{\"@type\":\"SearchAction\",\"target\":{\"@type\":\"EntryPoint\",\"urlTemplate\":\"https:\/\/www.federassantas.org.br\/novosite\/?s={search_term_string}\"},\"query-input\":{\"@type\":\"PropertyValueSpecification\",\"valueRequired\":true,\"valueName\":\"search_term_string\"}}],\"inLanguage\":\"pt-BR\"},{\"@type\":\"Organization\",\"@id\":\"https:\/\/www.federassantas.org.br\/novosite\/#organization\",\"name\":\"Federassantas\",\"url\":\"https:\/\/www.federassantas.org.br\/novosite\/\",\"logo\":{\"@type\":\"ImageObject\",\"inLanguage\":\"pt-BR\",\"@id\":\"https:\/\/www.federassantas.org.br\/novosite\/#\/schema\/logo\/image\/\",\"url\":\"https:\/\/www.federassantas.org.br\/novosite\/wp-content\/uploads\/2021\/12\/logo.png\",\"contentUrl\":\"https:\/\/www.federassantas.org.br\/novosite\/wp-content\/uploads\/2021\/12\/logo.png\",\"width\":243,\"height\":59,\"caption\":\"Federassantas\"},\"image\":{\"@id\":\"https:\/\/www.federassantas.org.br\/novosite\/#\/schema\/logo\/image\/\"}},{\"@type\":\"Person\",\"@id\":\"https:\/\/www.federassantas.org.br\/novosite\/#\/schema\/person\/75fed98158349313fe56175f232f513c\",\"name\":\"admin-federas\",\"image\":{\"@type\":\"ImageObject\",\"inLanguage\":\"pt-BR\",\"@id\":\"https:\/\/www.federassantas.org.br\/novosite\/#\/schema\/person\/image\/\",\"url\":\"https:\/\/secure.gravatar.com\/avatar\/2a02d7dda59fe8dc6b7ffd3f652e2efede5ccf0dd89dfdc8137c5517f3de8407?s=96&d=mm&r=g\",\"contentUrl\":\"https:\/\/secure.gravatar.com\/avatar\/2a02d7dda59fe8dc6b7ffd3f652e2efede5ccf0dd89dfdc8137c5517f3de8407?s=96&d=mm&r=g\",\"caption\":\"admin-federas\"},\"sameAs\":[\"https:\/\/www.federassantas.org.br\/novosite\/\"],\"url\":\"https:\/\/www.federassantas.org.br\/novosite\/author\/admin-federas\/\"}]}<\/script>\n<!-- \/ Yoast SEO plugin. -->","yoast_head_json":{"title":"4\u00aa Corrida M\u00e1rio Penna movimentar\u00e1 a Pampulha no dia 25 de outubro com esporte, sa\u00fade e solidariedade - Federassantas","robots":{"index":"index","follow":"follow","max-snippet":"max-snippet:-1","max-image-preview":"max-image-preview:large","max-video-preview":"max-video-preview:-1"},"canonical":"https:\/\/www.federassantas.org.br\/novosite\/4a-corrida-mario-penna-movimentara-a-pampulha-no-dia-25-de-outubro-com-esporte-saude-e-solidariedade\/","og_locale":"pt_BR","og_type":"article","og_title":"4\u00aa Corrida M\u00e1rio Penna movimentar\u00e1 a Pampulha no dia 25 de outubro com esporte, sa\u00fade e solidariedade - Federassantas","og_description":"A Corrida M\u00e1rio Penna chega \u00e0 sua 4\u00aa edi\u00e7\u00e3o com ainda mais energia e prop\u00f3sito. Neste ano, com o tema \u201cUnidos pela vida. Juntos contra o c\u00e2ncer\u201d, o evento ser\u00e1 realizado no dia 25 de outubro, a partir das 8h, na Nova Pra\u00e7a da Pampulha, e prop\u00f5e uma manh\u00e3 dedicada \u00e0 sa\u00fade, conscientiza\u00e7\u00e3o e apoio [&hellip;]","og_url":"https:\/\/www.federassantas.org.br\/novosite\/4a-corrida-mario-penna-movimentara-a-pampulha-no-dia-25-de-outubro-com-esporte-saude-e-solidariedade\/","og_site_name":"Federassantas","article_published_time":"2025-08-01T19:13:49+00:00","og_image":[{"width":1120,"height":730,"url":"https:\/\/www.federassantas.org.br\/novosite\/wp-content\/uploads\/2025\/08\/TAMANHO-PARA-BANNER-SITE-20.png","type":"image\/png"}],"author":"admin-federas","twitter_card":"summary_large_image","twitter_misc":{"Escrito por":"admin-federas","Est. tempo de leitura":"4 minutos"},"schema":{"@context":"https:\/\/schema.org","@graph":[{"@type":"Article","@id":"https:\/\/www.federassantas.org.br\/novosite\/4a-corrida-mario-penna-movimentara-a-pampulha-no-dia-25-de-outubro-com-esporte-saude-e-solidariedade\/#article","isPartOf":{"@id":"https:\/\/www.federassantas.org.br\/novosite\/4a-corrida-mario-penna-movimentara-a-pampulha-no-dia-25-de-outubro-com-esporte-saude-e-solidariedade\/"},"author":{"name":"admin-federas","@id":"https:\/\/www.federassantas.org.br\/novosite\/#\/schema\/person\/75fed98158349313fe56175f232f513c"},"headline":"4\u00aa Corrida M\u00e1rio Penna movimentar\u00e1 a Pampulha no dia 25 de outubro com esporte, sa\u00fade e solidariedade","datePublished":"2025-08-01T19:13:49+00:00","mainEntityOfPage":{"@id":"https:\/\/www.federassantas.org.br\/novosite\/4a-corrida-mario-penna-movimentara-a-pampulha-no-dia-25-de-outubro-com-esporte-saude-e-solidariedade\/"},"wordCount":726,"commentCount":0,"publisher":{"@id":"https:\/\/www.federassantas.org.br\/novosite\/#organization"},"image":{"@id":"https:\/\/www.federassantas.org.br\/novosite\/4a-corrida-mario-penna-movimentara-a-pampulha-no-dia-25-de-outubro-com-esporte-saude-e-solidariedade\/#primaryimage"},"thumbnailUrl":"https:\/\/www.federassantas.org.br\/novosite\/wp-content\/uploads\/2025\/08\/TAMANHO-PARA-BANNER-SITE-20.png","articleSection":["Not\u00edcias"],"inLanguage":"pt-BR","potentialAction":[{"@type":"CommentAction","name":"Comment","target":["https:\/\/www.federassantas.org.br\/novosite\/4a-corrida-mario-penna-movimentara-a-pampulha-no-dia-25-de-outubro-com-esporte-saude-e-solidariedade\/#respond"]}]},{"@type":"WebPage","@id":"https:\/\/www.federassantas.org.br\/novosite\/4a-corrida-mario-penna-movimentara-a-pampulha-no-dia-25-de-outubro-com-esporte-saude-e-solidariedade\/","url":"https:\/\/www.federassantas.org.br\/novosite\/4a-corrida-mario-penna-movimentara-a-pampulha-no-dia-25-de-outubro-com-esporte-saude-e-solidariedade\/","name":"4\u00aa Corrida M\u00e1rio Penna movimentar\u00e1 a Pampulha no dia 25 de outubro com esporte, sa\u00fade e solidariedade - Federassantas","isPartOf":{"@id":"https:\/\/www.federassantas.org.br\/novosite\/#website"},"primaryImageOfPage":{"@id":"https:\/\/www.federassantas.org.br\/novosite\/4a-corrida-mario-penna-movimentara-a-pampulha-no-dia-25-de-outubro-com-esporte-saude-e-solidariedade\/#primaryimage"},"image":{"@id":"https:\/\/www.federassantas.org.br\/novosite\/4a-corrida-mario-penna-movimentara-a-pampulha-no-dia-25-de-outubro-com-esporte-saude-e-solidariedade\/#primaryimage"},"thumbnailUrl":"https:\/\/www.federassantas.org.br\/novosite\/wp-content\/uploads\/2025\/08\/TAMANHO-PARA-BANNER-SITE-20.png","datePublished":"2025-08-01T19:13:49+00:00","breadcrumb":{"@id":"https:\/\/www.federassantas.org.br\/novosite\/4a-corrida-mario-penna-movimentara-a-pampulha-no-dia-25-de-outubro-com-esporte-saude-e-solidariedade\/#breadcrumb"},"inLanguage":"pt-BR","potentialAction":[{"@type":"ReadAction","target":["https:\/\/www.federassantas.org.br\/novosite\/4a-corrida-mario-penna-movimentara-a-pampulha-no-dia-25-de-outubro-com-esporte-saude-e-solidariedade\/"]}]},{"@type":"ImageObject","inLanguage":"pt-BR","@id":"https:\/\/www.federassantas.org.br\/novosite\/4a-corrida-mario-penna-movimentara-a-pampulha-no-dia-25-de-outubro-com-esporte-saude-e-solidariedade\/#primaryimage","url":"https:\/\/www.federassantas.org.br\/novosite\/wp-content\/uploads\/2025\/08\/TAMANHO-PARA-BANNER-SITE-20.png","contentUrl":"https:\/\/www.federassantas.org.br\/novosite\/wp-content\/uploads\/2025\/08\/TAMANHO-PARA-BANNER-SITE-20.png","width":1120,"height":730},{"@type":"BreadcrumbList","@id":"https:\/\/www.federassantas.org.br\/novosite\/4a-corrida-mario-penna-movimentara-a-pampulha-no-dia-25-de-outubro-com-esporte-saude-e-solidariedade\/#breadcrumb","itemListElement":[{"@type":"ListItem","position":1,"name":"In\u00edcio","item":"https:\/\/www.federassantas.org.br\/novosite\/"},{"@type":"ListItem","position":2,"name":"4\u00aa Corrida M\u00e1rio Penna movimentar\u00e1 a Pampulha no dia 25 de outubro com esporte, sa\u00fade e solidariedade"}]},{"@type":"WebSite","@id":"https:\/\/www.federassantas.org.br\/novosite\/#website","url":"https:\/\/www.federassantas.org.br\/novosite\/","name":"Federassantas","description":"Fed. das Santas Casas e Hospitais Filantr\u00f3picos de MG","publisher":{"@id":"https:\/\/www.federassantas.org.br\/novosite\/#organization"},"potentialAction":[{"@type":"SearchAction","target":{"@type":"EntryPoint","urlTemplate":"https:\/\/www.federassantas.org.br\/novosite\/?s={search_term_string}"},"query-input":{"@type":"PropertyValueSpecification","valueRequired":true,"valueName":"search_term_string"}}],"inLanguage":"pt-BR"},{"@type":"Organization","@id":"https:\/\/www.federassantas.org.br\/novosite\/#organization","name":"Federassantas","url":"https:\/\/www.federassantas.org.br\/novosite\/","logo":{"@type":"ImageObject","inLanguage":"pt-BR","@id":"https:\/\/www.federassantas.org.br\/novosite\/#\/schema\/logo\/image\/","url":"https:\/\/www.federassantas.org.br\/novosite\/wp-content\/uploads\/2021\/12\/logo.png","contentUrl":"https:\/\/www.federassantas.org.br\/novosite\/wp-content\/uploads\/2021\/12\/logo.png","width":243,"height":59,"caption":"Federassantas"},"image":{"@id":"https:\/\/www.federassantas.org.br\/novosite\/#\/schema\/logo\/image\/"}},{"@type":"Person","@id":"https:\/\/www.federassantas.org.br\/novosite\/#\/schema\/person\/75fed98158349313fe56175f232f513c","name":"admin-federas","image":{"@type":"ImageObject","inLanguage":"pt-BR","@id":"https:\/\/www.federassantas.org.br\/novosite\/#\/schema\/person\/image\/","url":"https:\/\/secure.gravatar.com\/avatar\/2a02d7dda59fe8dc6b7ffd3f652e2efede5ccf0dd89dfdc8137c5517f3de8407?s=96&d=mm&r=g","contentUrl":"https:\/\/secure.gravatar.com\/avatar\/2a02d7dda59fe8dc6b7ffd3f652e2efede5ccf0dd89dfdc8137c5517f3de8407?s=96&d=mm&r=g","caption":"admin-federas"},"sameAs":["https:\/\/www.federassantas.org.br\/novosite\/"],"url":"https:\/\/www.federassantas.org.br\/novosite\/author\/admin-federas\/"}]}},"_links":{"self":[{"href":"https:\/\/www.federassantas.org.br\/novosite\/wp-json\/wp\/v2\/posts\/38339","targetHints":{"allow":["GET"]}}],"collection":[{"href":"https:\/\/www.federassantas.org.br\/novosite\/wp-json\/wp\/v2\/posts"}],"about":[{"href":"https:\/\/www.federassantas.org.br\/novosite\/wp-json\/wp\/v2\/types\/post"}],"author":[{"embeddable":true,"href":"https:\/\/www.federassantas.org.br\/novosite\/wp-json\/wp\/v2\/users\/1"}],"replies":[{"embeddable":true,"href":"https:\/\/www.federassantas.org.br\/novosite\/wp-json\/wp\/v2\/comments?post=38339"}],"version-history":[{"count":4,"href":"https:\/\/www.federassantas.org.br\/novosite\/wp-json\/wp\/v2\/posts\/38339\/revisions"}],"predecessor-version":[{"id":38346,"href":"https:\/\/www.federassantas.org.br\/novosite\/wp-json\/wp\/v2\/posts\/38339\/revisions\/38346"}],"wp:featuredmedia":[{"embeddable":true,"href":"https:\/\/www.federassantas.org.br\/novosite\/wp-json\/wp\/v2\/media\/38345"}],"wp:attachment":[{"href":"https:\/\/www.federassantas.org.br\/novosite\/wp-json\/wp\/v2\/media?parent=38339"}],"wp:term":[{"taxonomy":"category","embeddable":true,"href":"https:\/\/www.federassantas.org.br\/novosite\/wp-json\/wp\/v2\/categories?post=38339"},{"taxonomy":"post_tag","embeddable":true,"href":"https:\/\/www.federassantas.org.br\/novosite\/wp-json\/wp\/v2\/tags?post=38339"}],"curies":[{"name":"wp","href":"https:\/\/api.w.org\/{rel}","templated":true}]}}