{"id":38364,"date":"2025-08-06T11:59:57","date_gmt":"2025-08-06T14:59:57","guid":{"rendered":"https:\/\/www.federassantas.org.br\/novosite\/?p=38364"},"modified":"2025-08-06T11:59:57","modified_gmt":"2025-08-06T14:59:57","slug":"novo-mamografo-da-santa-casa-bh-amplia-cuidado-e-prevencao-do-cancer-de-mama","status":"publish","type":"post","link":"https:\/\/www.federassantas.org.br\/novosite\/novo-mamografo-da-santa-casa-bh-amplia-cuidado-e-prevencao-do-cancer-de-mama\/","title":{"rendered":"Novo mam\u00f3grafo da Santa Casa BH amplia cuidado e preven\u00e7\u00e3o do c\u00e2ncer de mama"},"content":{"rendered":"\t\t<div data-elementor-type=\"wp-post\" data-elementor-id=\"38364\" class=\"elementor elementor-38364\" data-elementor-post-type=\"post\">\n\t\t\t\t\t\t<section class=\"elementor-section elementor-top-section elementor-element elementor-element-b3c2569 elementor-section-boxed elementor-section-height-default elementor-section-height-default\" data-id=\"b3c2569\" data-element_type=\"section\" data-e-type=\"section\">\n\t\t\t\t\t\t<div class=\"elementor-container elementor-column-gap-default\">\n\t\t\t\t\t<div class=\"elementor-column elementor-col-100 elementor-top-column elementor-element elementor-element-fbdbbf2\" data-id=\"fbdbbf2\" data-element_type=\"column\" data-e-type=\"column\">\n\t\t\t<div class=\"elementor-widget-wrap elementor-element-populated\">\n\t\t\t\t\t\t<div class=\"elementor-element elementor-element-5d80d3a elementor-widget elementor-widget-text-editor\" data-id=\"5d80d3a\" data-element_type=\"widget\" data-e-type=\"widget\" data-widget_type=\"text-editor.default\">\n\t\t\t\t<div class=\"elementor-widget-container\">\n\t\t\t\t\t\t\t\t\t<div>A luta da Santa Casa BH em prevenir e combater o n\u00famero de casos de c\u00e2ncer de mama em Minas Gerais ganhou um novo, importante e moderno aliado. Trata-se de um novo mam\u00f3grafo, que ser\u00e1 inaugurado neste dia 7 de agosto, \u00e0s 14h30, no Hospital de Alta Complexidade 100% SUS.\u00a0Substituindo o antigo modelo, anal\u00f3gico, o novo aparelho permitir\u00e1 diagn\u00f3sticos mais precisos e exames mais confort\u00e1veis para as pacientes. Entre as in\u00fameros vantagens da nova aquisi\u00e7\u00e3o, a captura de imagens ser\u00e1 feita de forma quase instant\u00e2nea, diminuindo o tempo do exame. Al\u00e9m disso, ele possui um compressor com ajuste autom\u00e1tico de for\u00e7a, diminuindo consideravelmente o desconforto durante o exame e com regulagem de altura, que permite a realiza\u00e7\u00e3o do exame em pacientes cadeirantes.<\/div><div>\u00a0\u00a0<\/div><div>Outra vantagem consider\u00e1vel est\u00e1 na qualidade de imagem, amplamente superior mesmo quando comparado a outros aparelhos digitais. Com a tecnologia de tomoss\u00edntese mam\u00e1ria, o aparelho gera imagens em 3D com mais nitidez e profundidade ao analisar o tecido mam\u00e1rio, o que permite \u00e0 equipe do Centro de Diagn\u00f3stico e Tratamento da Santa Casa BH encontrar n\u00f3dulos muito menores e realizar diagn\u00f3sticos mais precisos e precoces, aumentando e muito as chances de cura em casos de c\u00e2ncer detectados.\u00a0<\/div><div>\u00a0<\/div><div>Com toda essa otimiza\u00e7\u00e3o, a previs\u00e3o \u00e9 que a Santa Casa BH, inicialmente, aumente em cerca de 25% a oferta de exames, al\u00e9m do aumento do n\u00famero de bi\u00f3psias. Atualmente, s\u00e3o realizadas 500 mamografias todos os meses.\u00a0\u00a0Essa proje\u00e7\u00e3o t\u00e3o positiva na preven\u00e7\u00e3o do c\u00e2ncer de mama faz a gerente do Centro de Diagn\u00f3stico e Tratamento da Santa Casa BH, Vit\u00f3ria Bispo, celebrar e estender essa conquista para toda a comunidade. <span style=\"font-style: italic;\">\u201c<\/span><strong>Sabemos que hoje a fila para mamografia \u00e9 uma grande dor aqui em Minas Gerais e que o tempo \u00e9 precioso para pacientes oncol\u00f3gicos. Com essa aquisi\u00e7\u00e3o, passamos a ter um parque tecnol\u00f3gico mais avan\u00e7ado, que nos permitir\u00e1 reduzir o tempo de espera n\u00e3o s\u00f3 para o exame, mas para o resultado dele. \u00c9 um grande ganho para a sa\u00fade da mulher e para a nossa institui\u00e7\u00e3o\u201d<\/strong>, afirma.\u00a0<\/div><div>\u00a0<\/div><div>O novo mam\u00f3grafo foi obtido com recurso do Valora Minas, programa criado pelo governo estadual focado na melhoria da qualidade da assist\u00eancia \u00e0 sa\u00fade por meio da otimiza\u00e7\u00e3o dos recursos repassados \u00e0s unidades de sa\u00fade.\u00a0<\/div><div>\u00a0<\/div><div><b>Mais de um s\u00e9culo de excel\u00eancia no combate ao c\u00e2ncer<\/b>\u00a0<\/div><div>\u00a0<\/div><div>Pioneira no atendimento a pacientes oncol\u00f3gicos em Minas Gerais, a Santa Casa BH acumula mais de 100 anos de experi\u00eancia no tratamento da doen\u00e7a. O Instituto de Oncologia oferece toda a linha de cuidado pelo Sistema \u00danico de Sa\u00fade (SUS), abrangendo consultas cl\u00ednicas, atendimento ambulatorial, quimioterapia, radioterapia, interna\u00e7\u00f5es e cirurgias oncol\u00f3gicas, entre outros servi\u00e7os.\u00a0<\/div><div>\u00a0<\/div><div>A Santa Casa BH investe continuamente em inova\u00e7\u00e3o, sendo um dos poucos hospitais do estado a contar com dois aceleradores lineares, equipamentos de \u00faltima gera\u00e7\u00e3o utilizados no tratamento por radioterapia. Essa estrutura avan\u00e7ada permite dobrar a capacidade de atendimento e reduzir significativamente a fila de espera, garantindo acesso mais r\u00e1pido e eficiente \u00e0 terapia oncol\u00f3gica.\u00a0<\/div><div>\u00a0<\/div><div>Em 2024, a unidade registrou 82.293 atendimentos adultos e pedi\u00e1tricos, consolidando-se como o \u00fanico servi\u00e7o do estado com uma estrutura integrada para todas as necessidades do tratamento oncol\u00f3gico em um \u00fanico local. O instituto conta com 13 especialidades, entre elas oncologia cl\u00ednica e pedi\u00e1trica, onco-hematologia, radioncologia, mastologia, urologia, coloproctologia, cirurgia oncol\u00f3gica geral e tor\u00e1cica.\u00a0<\/div><div>\u00a0<\/div><div>Para dimensionar a grandiosidade do instituto, apenas em 2024 foram realizados:\u00a0<\/div><ul><li><div role=\"presentation\">22.225 tratamentos oncol\u00f3gicos, incluindo sess\u00f5es de quimioterapia (pedi\u00e1trica e adulta) e hormonioterapia;\u00a0<\/div><\/li><li><div role=\"presentation\">23.680 consultas em especialidades cir\u00fargicas;\u00a0<\/div><\/li><li><div role=\"presentation\">20.685 sess\u00f5es de radioterapia.\u00a0<\/div><\/li><\/ul><p>\u00a0<\/p><div>Estes n\u00fameros s\u00f3 foram poss\u00edveis gra\u00e7as ao apoio de uma ampla rede de parceiros, incluindo os guardi\u00f5es do Instituto de Oncologia Santa Casa BH e os deputados Weliton Prado e Elismar Prado, que destinam emendas parlamentares para custear projetos como a Carreta da Fam\u00edlia, que permitiu que o Instituto de Oncologia Santa Casa BH alcan\u00e7asse comunidades remotas, promovendo a sa\u00fade e o bem-estar de milhares de pessoas.\u00a0<\/div><div>\u00a0<\/div><div>Fonte: Assessoria de Comunica\u00e7\u00e3o da Santa Casa BH<\/div>\t\t\t\t\t\t\t\t<\/div>\n\t\t\t\t<\/div>\n\t\t\t\t\t<\/div>\n\t\t<\/div>\n\t\t\t\t\t<\/div>\n\t\t<\/section>\n\t\t\t\t<\/div>\n\t\t","protected":false},"excerpt":{"rendered":"<p>A luta da Santa Casa BH em prevenir e combater o n\u00famero de casos de c\u00e2ncer de mama em Minas Gerais ganhou um novo, importante e moderno aliado. Trata-se de um novo mam\u00f3grafo, que ser\u00e1 inaugurado neste dia 7 de agosto, \u00e0s 14h30, no Hospital de Alta Complexidade 100% SUS.\u00a0Substituindo o antigo modelo, anal\u00f3gico, o [&hellip;]<\/p>\n","protected":false},"author":1,"featured_media":38373,"comment_status":"open","ping_status":"open","sticky":false,"template":"","format":"standard","meta":{"footnotes":""},"categories":[140],"tags":[],"class_list":["post-38364","post","type-post","status-publish","format-standard","has-post-thumbnail","hentry","category-noticias"],"yoast_head":"<!-- This site is optimized with the Yoast SEO plugin v26.9 - https:\/\/yoast.com\/product\/yoast-seo-wordpress\/ -->\n<title>Novo mam\u00f3grafo da Santa Casa BH amplia cuidado e preven\u00e7\u00e3o do c\u00e2ncer de mama - Federassantas<\/title>\n<meta name=\"robots\" content=\"index, follow, max-snippet:-1, max-image-preview:large, max-video-preview:-1\" \/>\n<link rel=\"canonical\" href=\"https:\/\/www.federassantas.org.br\/novosite\/novo-mamografo-da-santa-casa-bh-amplia-cuidado-e-prevencao-do-cancer-de-mama\/\" \/>\n<meta property=\"og:locale\" content=\"pt_BR\" \/>\n<meta property=\"og:type\" content=\"article\" \/>\n<meta property=\"og:title\" content=\"Novo mam\u00f3grafo da Santa Casa BH amplia cuidado e preven\u00e7\u00e3o do c\u00e2ncer de mama - Federassantas\" \/>\n<meta property=\"og:description\" content=\"A luta da Santa Casa BH em prevenir e combater o n\u00famero de casos de c\u00e2ncer de mama em Minas Gerais ganhou um novo, importante e moderno aliado. Trata-se de um novo mam\u00f3grafo, que ser\u00e1 inaugurado neste dia 7 de agosto, \u00e0s 14h30, no Hospital de Alta Complexidade 100% SUS.\u00a0Substituindo o antigo modelo, anal\u00f3gico, o [&hellip;]\" \/>\n<meta property=\"og:url\" content=\"https:\/\/www.federassantas.org.br\/novosite\/novo-mamografo-da-santa-casa-bh-amplia-cuidado-e-prevencao-do-cancer-de-mama\/\" \/>\n<meta property=\"og:site_name\" content=\"Federassantas\" \/>\n<meta property=\"article:published_time\" content=\"2025-08-06T14:59:57+00:00\" \/>\n<meta property=\"og:image\" content=\"https:\/\/www.federassantas.org.br\/novosite\/wp-content\/uploads\/2025\/08\/TAMANHO-PARA-BANNER-SITE-21.png\" \/>\n\t<meta property=\"og:image:width\" content=\"1120\" \/>\n\t<meta property=\"og:image:height\" content=\"730\" \/>\n\t<meta property=\"og:image:type\" content=\"image\/png\" \/>\n<meta name=\"author\" content=\"admin-federas\" \/>\n<meta name=\"twitter:card\" content=\"summary_large_image\" \/>\n<meta name=\"twitter:label1\" content=\"Escrito por\" \/>\n\t<meta name=\"twitter:data1\" content=\"admin-federas\" \/>\n\t<meta name=\"twitter:label2\" content=\"Est. tempo de leitura\" \/>\n\t<meta name=\"twitter:data2\" content=\"4 minutos\" \/>\n<script type=\"application\/ld+json\" class=\"yoast-schema-graph\">{\"@context\":\"https:\/\/schema.org\",\"@graph\":[{\"@type\":\"Article\",\"@id\":\"https:\/\/www.federassantas.org.br\/novosite\/novo-mamografo-da-santa-casa-bh-amplia-cuidado-e-prevencao-do-cancer-de-mama\/#article\",\"isPartOf\":{\"@id\":\"https:\/\/www.federassantas.org.br\/novosite\/novo-mamografo-da-santa-casa-bh-amplia-cuidado-e-prevencao-do-cancer-de-mama\/\"},\"author\":{\"name\":\"admin-federas\",\"@id\":\"https:\/\/www.federassantas.org.br\/novosite\/#\/schema\/person\/75fed98158349313fe56175f232f513c\"},\"headline\":\"Novo mam\u00f3grafo da Santa Casa BH amplia cuidado e preven\u00e7\u00e3o do c\u00e2ncer de mama\",\"datePublished\":\"2025-08-06T14:59:57+00:00\",\"mainEntityOfPage\":{\"@id\":\"https:\/\/www.federassantas.org.br\/novosite\/novo-mamografo-da-santa-casa-bh-amplia-cuidado-e-prevencao-do-cancer-de-mama\/\"},\"wordCount\":733,\"commentCount\":0,\"publisher\":{\"@id\":\"https:\/\/www.federassantas.org.br\/novosite\/#organization\"},\"image\":{\"@id\":\"https:\/\/www.federassantas.org.br\/novosite\/novo-mamografo-da-santa-casa-bh-amplia-cuidado-e-prevencao-do-cancer-de-mama\/#primaryimage\"},\"thumbnailUrl\":\"https:\/\/www.federassantas.org.br\/novosite\/wp-content\/uploads\/2025\/08\/TAMANHO-PARA-BANNER-SITE-21.png\",\"articleSection\":[\"Not\u00edcias\"],\"inLanguage\":\"pt-BR\",\"potentialAction\":[{\"@type\":\"CommentAction\",\"name\":\"Comment\",\"target\":[\"https:\/\/www.federassantas.org.br\/novosite\/novo-mamografo-da-santa-casa-bh-amplia-cuidado-e-prevencao-do-cancer-de-mama\/#respond\"]}]},{\"@type\":\"WebPage\",\"@id\":\"https:\/\/www.federassantas.org.br\/novosite\/novo-mamografo-da-santa-casa-bh-amplia-cuidado-e-prevencao-do-cancer-de-mama\/\",\"url\":\"https:\/\/www.federassantas.org.br\/novosite\/novo-mamografo-da-santa-casa-bh-amplia-cuidado-e-prevencao-do-cancer-de-mama\/\",\"name\":\"Novo mam\u00f3grafo da Santa Casa BH amplia cuidado e preven\u00e7\u00e3o do c\u00e2ncer de mama - Federassantas\",\"isPartOf\":{\"@id\":\"https:\/\/www.federassantas.org.br\/novosite\/#website\"},\"primaryImageOfPage\":{\"@id\":\"https:\/\/www.federassantas.org.br\/novosite\/novo-mamografo-da-santa-casa-bh-amplia-cuidado-e-prevencao-do-cancer-de-mama\/#primaryimage\"},\"image\":{\"@id\":\"https:\/\/www.federassantas.org.br\/novosite\/novo-mamografo-da-santa-casa-bh-amplia-cuidado-e-prevencao-do-cancer-de-mama\/#primaryimage\"},\"thumbnailUrl\":\"https:\/\/www.federassantas.org.br\/novosite\/wp-content\/uploads\/2025\/08\/TAMANHO-PARA-BANNER-SITE-21.png\",\"datePublished\":\"2025-08-06T14:59:57+00:00\",\"breadcrumb\":{\"@id\":\"https:\/\/www.federassantas.org.br\/novosite\/novo-mamografo-da-santa-casa-bh-amplia-cuidado-e-prevencao-do-cancer-de-mama\/#breadcrumb\"},\"inLanguage\":\"pt-BR\",\"potentialAction\":[{\"@type\":\"ReadAction\",\"target\":[\"https:\/\/www.federassantas.org.br\/novosite\/novo-mamografo-da-santa-casa-bh-amplia-cuidado-e-prevencao-do-cancer-de-mama\/\"]}]},{\"@type\":\"ImageObject\",\"inLanguage\":\"pt-BR\",\"@id\":\"https:\/\/www.federassantas.org.br\/novosite\/novo-mamografo-da-santa-casa-bh-amplia-cuidado-e-prevencao-do-cancer-de-mama\/#primaryimage\",\"url\":\"https:\/\/www.federassantas.org.br\/novosite\/wp-content\/uploads\/2025\/08\/TAMANHO-PARA-BANNER-SITE-21.png\",\"contentUrl\":\"https:\/\/www.federassantas.org.br\/novosite\/wp-content\/uploads\/2025\/08\/TAMANHO-PARA-BANNER-SITE-21.png\",\"width\":1120,\"height\":730},{\"@type\":\"BreadcrumbList\",\"@id\":\"https:\/\/www.federassantas.org.br\/novosite\/novo-mamografo-da-santa-casa-bh-amplia-cuidado-e-prevencao-do-cancer-de-mama\/#breadcrumb\",\"itemListElement\":[{\"@type\":\"ListItem\",\"position\":1,\"name\":\"In\u00edcio\",\"item\":\"https:\/\/www.federassantas.org.br\/novosite\/\"},{\"@type\":\"ListItem\",\"position\":2,\"name\":\"Novo mam\u00f3grafo da Santa Casa BH amplia cuidado e preven\u00e7\u00e3o do c\u00e2ncer de mama\"}]},{\"@type\":\"WebSite\",\"@id\":\"https:\/\/www.federassantas.org.br\/novosite\/#website\",\"url\":\"https:\/\/www.federassantas.org.br\/novosite\/\",\"name\":\"Federassantas\",\"description\":\"Fed. das Santas Casas e Hospitais Filantr\u00f3picos de MG\",\"publisher\":{\"@id\":\"https:\/\/www.federassantas.org.br\/novosite\/#organization\"},\"potentialAction\":[{\"@type\":\"SearchAction\",\"target\":{\"@type\":\"EntryPoint\",\"urlTemplate\":\"https:\/\/www.federassantas.org.br\/novosite\/?s={search_term_string}\"},\"query-input\":{\"@type\":\"PropertyValueSpecification\",\"valueRequired\":true,\"valueName\":\"search_term_string\"}}],\"inLanguage\":\"pt-BR\"},{\"@type\":\"Organization\",\"@id\":\"https:\/\/www.federassantas.org.br\/novosite\/#organization\",\"name\":\"Federassantas\",\"url\":\"https:\/\/www.federassantas.org.br\/novosite\/\",\"logo\":{\"@type\":\"ImageObject\",\"inLanguage\":\"pt-BR\",\"@id\":\"https:\/\/www.federassantas.org.br\/novosite\/#\/schema\/logo\/image\/\",\"url\":\"https:\/\/www.federassantas.org.br\/novosite\/wp-content\/uploads\/2021\/12\/logo.png\",\"contentUrl\":\"https:\/\/www.federassantas.org.br\/novosite\/wp-content\/uploads\/2021\/12\/logo.png\",\"width\":243,\"height\":59,\"caption\":\"Federassantas\"},\"image\":{\"@id\":\"https:\/\/www.federassantas.org.br\/novosite\/#\/schema\/logo\/image\/\"}},{\"@type\":\"Person\",\"@id\":\"https:\/\/www.federassantas.org.br\/novosite\/#\/schema\/person\/75fed98158349313fe56175f232f513c\",\"name\":\"admin-federas\",\"image\":{\"@type\":\"ImageObject\",\"inLanguage\":\"pt-BR\",\"@id\":\"https:\/\/www.federassantas.org.br\/novosite\/#\/schema\/person\/image\/\",\"url\":\"https:\/\/secure.gravatar.com\/avatar\/2a02d7dda59fe8dc6b7ffd3f652e2efede5ccf0dd89dfdc8137c5517f3de8407?s=96&d=mm&r=g\",\"contentUrl\":\"https:\/\/secure.gravatar.com\/avatar\/2a02d7dda59fe8dc6b7ffd3f652e2efede5ccf0dd89dfdc8137c5517f3de8407?s=96&d=mm&r=g\",\"caption\":\"admin-federas\"},\"sameAs\":[\"https:\/\/www.federassantas.org.br\/novosite\/\"],\"url\":\"https:\/\/www.federassantas.org.br\/novosite\/author\/admin-federas\/\"}]}<\/script>\n<!-- \/ Yoast SEO plugin. -->","yoast_head_json":{"title":"Novo mam\u00f3grafo da Santa Casa BH amplia cuidado e preven\u00e7\u00e3o do c\u00e2ncer de mama - Federassantas","robots":{"index":"index","follow":"follow","max-snippet":"max-snippet:-1","max-image-preview":"max-image-preview:large","max-video-preview":"max-video-preview:-1"},"canonical":"https:\/\/www.federassantas.org.br\/novosite\/novo-mamografo-da-santa-casa-bh-amplia-cuidado-e-prevencao-do-cancer-de-mama\/","og_locale":"pt_BR","og_type":"article","og_title":"Novo mam\u00f3grafo da Santa Casa BH amplia cuidado e preven\u00e7\u00e3o do c\u00e2ncer de mama - Federassantas","og_description":"A luta da Santa Casa BH em prevenir e combater o n\u00famero de casos de c\u00e2ncer de mama em Minas Gerais ganhou um novo, importante e moderno aliado. Trata-se de um novo mam\u00f3grafo, que ser\u00e1 inaugurado neste dia 7 de agosto, \u00e0s 14h30, no Hospital de Alta Complexidade 100% SUS.\u00a0Substituindo o antigo modelo, anal\u00f3gico, o [&hellip;]","og_url":"https:\/\/www.federassantas.org.br\/novosite\/novo-mamografo-da-santa-casa-bh-amplia-cuidado-e-prevencao-do-cancer-de-mama\/","og_site_name":"Federassantas","article_published_time":"2025-08-06T14:59:57+00:00","og_image":[{"width":1120,"height":730,"url":"https:\/\/www.federassantas.org.br\/novosite\/wp-content\/uploads\/2025\/08\/TAMANHO-PARA-BANNER-SITE-21.png","type":"image\/png"}],"author":"admin-federas","twitter_card":"summary_large_image","twitter_misc":{"Escrito por":"admin-federas","Est. tempo de leitura":"4 minutos"},"schema":{"@context":"https:\/\/schema.org","@graph":[{"@type":"Article","@id":"https:\/\/www.federassantas.org.br\/novosite\/novo-mamografo-da-santa-casa-bh-amplia-cuidado-e-prevencao-do-cancer-de-mama\/#article","isPartOf":{"@id":"https:\/\/www.federassantas.org.br\/novosite\/novo-mamografo-da-santa-casa-bh-amplia-cuidado-e-prevencao-do-cancer-de-mama\/"},"author":{"name":"admin-federas","@id":"https:\/\/www.federassantas.org.br\/novosite\/#\/schema\/person\/75fed98158349313fe56175f232f513c"},"headline":"Novo mam\u00f3grafo da Santa Casa BH amplia cuidado e preven\u00e7\u00e3o do c\u00e2ncer de mama","datePublished":"2025-08-06T14:59:57+00:00","mainEntityOfPage":{"@id":"https:\/\/www.federassantas.org.br\/novosite\/novo-mamografo-da-santa-casa-bh-amplia-cuidado-e-prevencao-do-cancer-de-mama\/"},"wordCount":733,"commentCount":0,"publisher":{"@id":"https:\/\/www.federassantas.org.br\/novosite\/#organization"},"image":{"@id":"https:\/\/www.federassantas.org.br\/novosite\/novo-mamografo-da-santa-casa-bh-amplia-cuidado-e-prevencao-do-cancer-de-mama\/#primaryimage"},"thumbnailUrl":"https:\/\/www.federassantas.org.br\/novosite\/wp-content\/uploads\/2025\/08\/TAMANHO-PARA-BANNER-SITE-21.png","articleSection":["Not\u00edcias"],"inLanguage":"pt-BR","potentialAction":[{"@type":"CommentAction","name":"Comment","target":["https:\/\/www.federassantas.org.br\/novosite\/novo-mamografo-da-santa-casa-bh-amplia-cuidado-e-prevencao-do-cancer-de-mama\/#respond"]}]},{"@type":"WebPage","@id":"https:\/\/www.federassantas.org.br\/novosite\/novo-mamografo-da-santa-casa-bh-amplia-cuidado-e-prevencao-do-cancer-de-mama\/","url":"https:\/\/www.federassantas.org.br\/novosite\/novo-mamografo-da-santa-casa-bh-amplia-cuidado-e-prevencao-do-cancer-de-mama\/","name":"Novo mam\u00f3grafo da Santa Casa BH amplia cuidado e preven\u00e7\u00e3o do c\u00e2ncer de mama - Federassantas","isPartOf":{"@id":"https:\/\/www.federassantas.org.br\/novosite\/#website"},"primaryImageOfPage":{"@id":"https:\/\/www.federassantas.org.br\/novosite\/novo-mamografo-da-santa-casa-bh-amplia-cuidado-e-prevencao-do-cancer-de-mama\/#primaryimage"},"image":{"@id":"https:\/\/www.federassantas.org.br\/novosite\/novo-mamografo-da-santa-casa-bh-amplia-cuidado-e-prevencao-do-cancer-de-mama\/#primaryimage"},"thumbnailUrl":"https:\/\/www.federassantas.org.br\/novosite\/wp-content\/uploads\/2025\/08\/TAMANHO-PARA-BANNER-SITE-21.png","datePublished":"2025-08-06T14:59:57+00:00","breadcrumb":{"@id":"https:\/\/www.federassantas.org.br\/novosite\/novo-mamografo-da-santa-casa-bh-amplia-cuidado-e-prevencao-do-cancer-de-mama\/#breadcrumb"},"inLanguage":"pt-BR","potentialAction":[{"@type":"ReadAction","target":["https:\/\/www.federassantas.org.br\/novosite\/novo-mamografo-da-santa-casa-bh-amplia-cuidado-e-prevencao-do-cancer-de-mama\/"]}]},{"@type":"ImageObject","inLanguage":"pt-BR","@id":"https:\/\/www.federassantas.org.br\/novosite\/novo-mamografo-da-santa-casa-bh-amplia-cuidado-e-prevencao-do-cancer-de-mama\/#primaryimage","url":"https:\/\/www.federassantas.org.br\/novosite\/wp-content\/uploads\/2025\/08\/TAMANHO-PARA-BANNER-SITE-21.png","contentUrl":"https:\/\/www.federassantas.org.br\/novosite\/wp-content\/uploads\/2025\/08\/TAMANHO-PARA-BANNER-SITE-21.png","width":1120,"height":730},{"@type":"BreadcrumbList","@id":"https:\/\/www.federassantas.org.br\/novosite\/novo-mamografo-da-santa-casa-bh-amplia-cuidado-e-prevencao-do-cancer-de-mama\/#breadcrumb","itemListElement":[{"@type":"ListItem","position":1,"name":"In\u00edcio","item":"https:\/\/www.federassantas.org.br\/novosite\/"},{"@type":"ListItem","position":2,"name":"Novo mam\u00f3grafo da Santa Casa BH amplia cuidado e preven\u00e7\u00e3o do c\u00e2ncer de mama"}]},{"@type":"WebSite","@id":"https:\/\/www.federassantas.org.br\/novosite\/#website","url":"https:\/\/www.federassantas.org.br\/novosite\/","name":"Federassantas","description":"Fed. das Santas Casas e Hospitais Filantr\u00f3picos de MG","publisher":{"@id":"https:\/\/www.federassantas.org.br\/novosite\/#organization"},"potentialAction":[{"@type":"SearchAction","target":{"@type":"EntryPoint","urlTemplate":"https:\/\/www.federassantas.org.br\/novosite\/?s={search_term_string}"},"query-input":{"@type":"PropertyValueSpecification","valueRequired":true,"valueName":"search_term_string"}}],"inLanguage":"pt-BR"},{"@type":"Organization","@id":"https:\/\/www.federassantas.org.br\/novosite\/#organization","name":"Federassantas","url":"https:\/\/www.federassantas.org.br\/novosite\/","logo":{"@type":"ImageObject","inLanguage":"pt-BR","@id":"https:\/\/www.federassantas.org.br\/novosite\/#\/schema\/logo\/image\/","url":"https:\/\/www.federassantas.org.br\/novosite\/wp-content\/uploads\/2021\/12\/logo.png","contentUrl":"https:\/\/www.federassantas.org.br\/novosite\/wp-content\/uploads\/2021\/12\/logo.png","width":243,"height":59,"caption":"Federassantas"},"image":{"@id":"https:\/\/www.federassantas.org.br\/novosite\/#\/schema\/logo\/image\/"}},{"@type":"Person","@id":"https:\/\/www.federassantas.org.br\/novosite\/#\/schema\/person\/75fed98158349313fe56175f232f513c","name":"admin-federas","image":{"@type":"ImageObject","inLanguage":"pt-BR","@id":"https:\/\/www.federassantas.org.br\/novosite\/#\/schema\/person\/image\/","url":"https:\/\/secure.gravatar.com\/avatar\/2a02d7dda59fe8dc6b7ffd3f652e2efede5ccf0dd89dfdc8137c5517f3de8407?s=96&d=mm&r=g","contentUrl":"https:\/\/secure.gravatar.com\/avatar\/2a02d7dda59fe8dc6b7ffd3f652e2efede5ccf0dd89dfdc8137c5517f3de8407?s=96&d=mm&r=g","caption":"admin-federas"},"sameAs":["https:\/\/www.federassantas.org.br\/novosite\/"],"url":"https:\/\/www.federassantas.org.br\/novosite\/author\/admin-federas\/"}]}},"_links":{"self":[{"href":"https:\/\/www.federassantas.org.br\/novosite\/wp-json\/wp\/v2\/posts\/38364","targetHints":{"allow":["GET"]}}],"collection":[{"href":"https:\/\/www.federassantas.org.br\/novosite\/wp-json\/wp\/v2\/posts"}],"about":[{"href":"https:\/\/www.federassantas.org.br\/novosite\/wp-json\/wp\/v2\/types\/post"}],"author":[{"embeddable":true,"href":"https:\/\/www.federassantas.org.br\/novosite\/wp-json\/wp\/v2\/users\/1"}],"replies":[{"embeddable":true,"href":"https:\/\/www.federassantas.org.br\/novosite\/wp-json\/wp\/v2\/comments?post=38364"}],"version-history":[{"count":7,"href":"https:\/\/www.federassantas.org.br\/novosite\/wp-json\/wp\/v2\/posts\/38364\/revisions"}],"predecessor-version":[{"id":38374,"href":"https:\/\/www.federassantas.org.br\/novosite\/wp-json\/wp\/v2\/posts\/38364\/revisions\/38374"}],"wp:featuredmedia":[{"embeddable":true,"href":"https:\/\/www.federassantas.org.br\/novosite\/wp-json\/wp\/v2\/media\/38373"}],"wp:attachment":[{"href":"https:\/\/www.federassantas.org.br\/novosite\/wp-json\/wp\/v2\/media?parent=38364"}],"wp:term":[{"taxonomy":"category","embeddable":true,"href":"https:\/\/www.federassantas.org.br\/novosite\/wp-json\/wp\/v2\/categories?post=38364"},{"taxonomy":"post_tag","embeddable":true,"href":"https:\/\/www.federassantas.org.br\/novosite\/wp-json\/wp\/v2\/tags?post=38364"}],"curies":[{"name":"wp","href":"https:\/\/api.w.org\/{rel}","templated":true}]}}