{"id":38380,"date":"2025-08-06T14:30:10","date_gmt":"2025-08-06T17:30:10","guid":{"rendered":"https:\/\/www.federassantas.org.br\/novosite\/?p=38380"},"modified":"2025-08-06T12:19:33","modified_gmt":"2025-08-06T15:19:33","slug":"vem-ai-a-8-edicao-do-bazar-do-bem-em-prol-de-pacientes-com-cancer-do-instituto-mario-penna","status":"publish","type":"post","link":"https:\/\/www.federassantas.org.br\/novosite\/vem-ai-a-8-edicao-do-bazar-do-bem-em-prol-de-pacientes-com-cancer-do-instituto-mario-penna\/","title":{"rendered":"Vem a\u00ed a 8\u00b0 edi\u00e7\u00e3o do Bazar do Bem em prol de pacientes com c\u00e2ncer do Instituto M\u00e1rio Penna"},"content":{"rendered":"\t\t<div data-elementor-type=\"wp-post\" data-elementor-id=\"38380\" class=\"elementor elementor-38380\" data-elementor-post-type=\"post\">\n\t\t\t\t\t\t<section class=\"elementor-section elementor-top-section elementor-element elementor-element-0a0855a elementor-section-boxed elementor-section-height-default elementor-section-height-default\" data-id=\"0a0855a\" data-element_type=\"section\" data-e-type=\"section\">\n\t\t\t\t\t\t<div class=\"elementor-container elementor-column-gap-default\">\n\t\t\t\t\t<div class=\"elementor-column elementor-col-100 elementor-top-column elementor-element elementor-element-8ab5875\" data-id=\"8ab5875\" data-element_type=\"column\" data-e-type=\"column\">\n\t\t\t<div class=\"elementor-widget-wrap elementor-element-populated\">\n\t\t\t\t\t\t<div class=\"elementor-element elementor-element-a05f50d elementor-widget elementor-widget-text-editor\" data-id=\"a05f50d\" data-element_type=\"widget\" data-e-type=\"widget\" data-widget_type=\"text-editor.default\">\n\t\t\t\t<div class=\"elementor-widget-container\">\n\t\t\t\t\t\t\t\t\t<div>Nos dias 7, 8 e 9 de agosto, ser\u00e1 realizado a 8\u00aa edi\u00e7\u00e3o do Bazar do Bem, na sede da Associa\u00e7\u00e3o Mineira de Supermercados (AMIS). A iniciativa \u00e9 uma parceria da Comiss\u00e3o Feminina da AMIS e as Volunt\u00e1rias do M\u00e1rio Penna (Volmape) e toda a arrecada\u00e7\u00e3o ser\u00e1 revertida para o Instituto M\u00e1rio Penna como forma de apoio essencial a pacientes em tratamento oncol\u00f3gico e seus acompanhantes.<\/div><div>\u00a0<\/div><div>O bazar oferecer\u00e1 uma vasta sele\u00e7\u00e3o com mais de 12 mil pe\u00e7as novas e seminovas, incluindo roupas, bolsas, acess\u00f3rios, brinquedos e cal\u00e7ados para todas as idades e tamanhos. Uma das novidades deste ano \u00e9 a &#8220;ala\u00a0<i>plus size<\/i>&#8220;, ampliando as op\u00e7\u00f5es para todos os visitantes, e os pre\u00e7os est\u00e3o muito acess\u00edveis, a partir de R$ 10,00. Para facilitar as compras, ser\u00e3o aceitos pagamentos em dinheiro em esp\u00e9cie; via PIX com maquininha e cart\u00e3o de d\u00e9bito ou cr\u00e9dito com possibilidade de parcelamento em at\u00e9 seis vezes no cart\u00e3o de cr\u00e9dito, em compras com o valor m\u00ednimo de R$ 50,00.<\/div><div>\u00a0<\/div><div><b>Impacto na vida dos pacientes<\/b><\/div><div>\u00a0<\/div><div>Os recursos arrecadados s\u00e3o fundamentais para cobrir despesas do Instituto M\u00e1rio Penna que fazem a diferen\u00e7a na vida de milhares de pessoas. O apoio inclui a distribui\u00e7\u00e3o de cerca de 3 mil lanches por m\u00eas, al\u00e9m de 400 kits de higiene para pacientes internados e 50 kits para aqueles hospedados na casa de apoio. O bazar tamb\u00e9m auxilia na cobertura de necessidades individuais, oferecendo itens como creme e escova dental, fraldas, xampu, sand\u00e1lias, pe\u00e7as \u00edntimas e diversas roupas.<\/div><div>\u00a0<\/div><div>A Volmape desempenha papel importante tamb\u00e9m na compra de medicamentos n\u00e3o fornecidos pelo SUS, custeando exames para pacientes carentes e oferecendo assist\u00eancia p\u00f3s-interna\u00e7\u00e3o. Tudo isso \u00e9 feito com base na indica\u00e7\u00e3o da equipe de humaniza\u00e7\u00e3o do Hospital Luxemburgo, que faz parte do Instituto M\u00e1rio Penna.<\/div><div>\u00a0<\/div><div>A presidente da Comiss\u00e3o Feminina da AMIS, Luciana Poni; a presidente da\u00a0 Volmape, Cl\u00e9ssia Maria Pereira, e a vice-presidente da Volmape, Adriana Moreira, s\u00e3o fontes oficiais para falar sobre o bazar e est\u00e3o dispon\u00edveis para entrevistas.<\/div><div>\u00a0<\/div><div><b>Servi\u00e7o &#8211; 8\u00ba Bazar do Bem<\/b><\/div><ul><li><div role=\"presentation\"><b>Local:<\/b>\u00a0Sede da Associa\u00e7\u00e3o Mineira de Supermercados (AMIS)<\/div><\/li><li><div role=\"presentation\"><b>Endere\u00e7o:\u00a0<\/b>Avenida Bar\u00e3o Homem de Melo, 2.200 &#8211; Estoril\/BH<\/div><\/li><li><div role=\"presentation\"><b>Datas e hor\u00e1rios de funcionamento<\/b>:<\/div><\/li><li><div role=\"presentation\">Dias 07 e 08\/08: das 9h \u00e0s 19h<\/div><\/li><li><div role=\"presentation\">Dia 09\/08: das 9h \u00e0s 15h<\/div><\/li><\/ul><div>\u00a0<\/div><div><b>Mais informa\u00e7\u00f5es:\u00a0<\/b>@amismg e @volmape no Instagram<\/div><div><b>Contato:<\/b>\u00a0Departamento de Comunica\u00e7\u00e3o da AMIS \u2013 (31) 2122-0507\/0508<\/div><div>\u00a0<\/div><div>Fonte: Assessoria de Comunica\u00e7\u00e3o do Instituto M\u00e1rio Penna<\/div>\t\t\t\t\t\t\t\t<\/div>\n\t\t\t\t<\/div>\n\t\t\t\t\t<\/div>\n\t\t<\/div>\n\t\t\t\t\t<\/div>\n\t\t<\/section>\n\t\t\t\t<\/div>\n\t\t","protected":false},"excerpt":{"rendered":"<p>Nos dias 7, 8 e 9 de agosto, ser\u00e1 realizado a 8\u00aa edi\u00e7\u00e3o do Bazar do Bem, na sede da Associa\u00e7\u00e3o Mineira de Supermercados (AMIS). A iniciativa \u00e9 uma parceria da Comiss\u00e3o Feminina da AMIS e as Volunt\u00e1rias do M\u00e1rio Penna (Volmape) e toda a arrecada\u00e7\u00e3o ser\u00e1 revertida para o Instituto M\u00e1rio Penna como forma [&hellip;]<\/p>\n","protected":false},"author":1,"featured_media":38389,"comment_status":"open","ping_status":"open","sticky":false,"template":"","format":"standard","meta":{"footnotes":""},"categories":[140],"tags":[],"class_list":["post-38380","post","type-post","status-publish","format-standard","has-post-thumbnail","hentry","category-noticias"],"yoast_head":"<!-- This site is optimized with the Yoast SEO plugin v26.9 - https:\/\/yoast.com\/product\/yoast-seo-wordpress\/ -->\n<title>Vem a\u00ed a 8\u00b0 edi\u00e7\u00e3o do Bazar do Bem em prol de pacientes com c\u00e2ncer do Instituto M\u00e1rio Penna - Federassantas<\/title>\n<meta name=\"robots\" content=\"index, follow, max-snippet:-1, max-image-preview:large, max-video-preview:-1\" \/>\n<link rel=\"canonical\" href=\"https:\/\/www.federassantas.org.br\/novosite\/vem-ai-a-8-edicao-do-bazar-do-bem-em-prol-de-pacientes-com-cancer-do-instituto-mario-penna\/\" \/>\n<meta property=\"og:locale\" content=\"pt_BR\" \/>\n<meta property=\"og:type\" content=\"article\" \/>\n<meta property=\"og:title\" content=\"Vem a\u00ed a 8\u00b0 edi\u00e7\u00e3o do Bazar do Bem em prol de pacientes com c\u00e2ncer do Instituto M\u00e1rio Penna - Federassantas\" \/>\n<meta property=\"og:description\" content=\"Nos dias 7, 8 e 9 de agosto, ser\u00e1 realizado a 8\u00aa edi\u00e7\u00e3o do Bazar do Bem, na sede da Associa\u00e7\u00e3o Mineira de Supermercados (AMIS). A iniciativa \u00e9 uma parceria da Comiss\u00e3o Feminina da AMIS e as Volunt\u00e1rias do M\u00e1rio Penna (Volmape) e toda a arrecada\u00e7\u00e3o ser\u00e1 revertida para o Instituto M\u00e1rio Penna como forma [&hellip;]\" \/>\n<meta property=\"og:url\" content=\"https:\/\/www.federassantas.org.br\/novosite\/vem-ai-a-8-edicao-do-bazar-do-bem-em-prol-de-pacientes-com-cancer-do-instituto-mario-penna\/\" \/>\n<meta property=\"og:site_name\" content=\"Federassantas\" \/>\n<meta property=\"article:published_time\" content=\"2025-08-06T17:30:10+00:00\" \/>\n<meta property=\"og:image\" content=\"https:\/\/www.federassantas.org.br\/novosite\/wp-content\/uploads\/2025\/08\/TAMANHO-PARA-BANNER-SITE-22.png\" \/>\n\t<meta property=\"og:image:width\" content=\"1120\" \/>\n\t<meta property=\"og:image:height\" content=\"730\" \/>\n\t<meta property=\"og:image:type\" content=\"image\/png\" \/>\n<meta name=\"author\" content=\"admin-federas\" \/>\n<meta name=\"twitter:card\" content=\"summary_large_image\" \/>\n<meta name=\"twitter:label1\" content=\"Escrito por\" \/>\n\t<meta name=\"twitter:data1\" content=\"admin-federas\" \/>\n\t<meta name=\"twitter:label2\" content=\"Est. tempo de leitura\" \/>\n\t<meta name=\"twitter:data2\" content=\"3 minutos\" \/>\n<script type=\"application\/ld+json\" class=\"yoast-schema-graph\">{\"@context\":\"https:\/\/schema.org\",\"@graph\":[{\"@type\":\"Article\",\"@id\":\"https:\/\/www.federassantas.org.br\/novosite\/vem-ai-a-8-edicao-do-bazar-do-bem-em-prol-de-pacientes-com-cancer-do-instituto-mario-penna\/#article\",\"isPartOf\":{\"@id\":\"https:\/\/www.federassantas.org.br\/novosite\/vem-ai-a-8-edicao-do-bazar-do-bem-em-prol-de-pacientes-com-cancer-do-instituto-mario-penna\/\"},\"author\":{\"name\":\"admin-federas\",\"@id\":\"https:\/\/www.federassantas.org.br\/novosite\/#\/schema\/person\/75fed98158349313fe56175f232f513c\"},\"headline\":\"Vem a\u00ed a 8\u00b0 edi\u00e7\u00e3o do Bazar do Bem em prol de pacientes com c\u00e2ncer do Instituto M\u00e1rio Penna\",\"datePublished\":\"2025-08-06T17:30:10+00:00\",\"mainEntityOfPage\":{\"@id\":\"https:\/\/www.federassantas.org.br\/novosite\/vem-ai-a-8-edicao-do-bazar-do-bem-em-prol-de-pacientes-com-cancer-do-instituto-mario-penna\/\"},\"wordCount\":450,\"commentCount\":0,\"publisher\":{\"@id\":\"https:\/\/www.federassantas.org.br\/novosite\/#organization\"},\"image\":{\"@id\":\"https:\/\/www.federassantas.org.br\/novosite\/vem-ai-a-8-edicao-do-bazar-do-bem-em-prol-de-pacientes-com-cancer-do-instituto-mario-penna\/#primaryimage\"},\"thumbnailUrl\":\"https:\/\/www.federassantas.org.br\/novosite\/wp-content\/uploads\/2025\/08\/TAMANHO-PARA-BANNER-SITE-22.png\",\"articleSection\":[\"Not\u00edcias\"],\"inLanguage\":\"pt-BR\",\"potentialAction\":[{\"@type\":\"CommentAction\",\"name\":\"Comment\",\"target\":[\"https:\/\/www.federassantas.org.br\/novosite\/vem-ai-a-8-edicao-do-bazar-do-bem-em-prol-de-pacientes-com-cancer-do-instituto-mario-penna\/#respond\"]}]},{\"@type\":\"WebPage\",\"@id\":\"https:\/\/www.federassantas.org.br\/novosite\/vem-ai-a-8-edicao-do-bazar-do-bem-em-prol-de-pacientes-com-cancer-do-instituto-mario-penna\/\",\"url\":\"https:\/\/www.federassantas.org.br\/novosite\/vem-ai-a-8-edicao-do-bazar-do-bem-em-prol-de-pacientes-com-cancer-do-instituto-mario-penna\/\",\"name\":\"Vem a\u00ed a 8\u00b0 edi\u00e7\u00e3o do Bazar do Bem em prol de pacientes com c\u00e2ncer do Instituto M\u00e1rio Penna - Federassantas\",\"isPartOf\":{\"@id\":\"https:\/\/www.federassantas.org.br\/novosite\/#website\"},\"primaryImageOfPage\":{\"@id\":\"https:\/\/www.federassantas.org.br\/novosite\/vem-ai-a-8-edicao-do-bazar-do-bem-em-prol-de-pacientes-com-cancer-do-instituto-mario-penna\/#primaryimage\"},\"image\":{\"@id\":\"https:\/\/www.federassantas.org.br\/novosite\/vem-ai-a-8-edicao-do-bazar-do-bem-em-prol-de-pacientes-com-cancer-do-instituto-mario-penna\/#primaryimage\"},\"thumbnailUrl\":\"https:\/\/www.federassantas.org.br\/novosite\/wp-content\/uploads\/2025\/08\/TAMANHO-PARA-BANNER-SITE-22.png\",\"datePublished\":\"2025-08-06T17:30:10+00:00\",\"breadcrumb\":{\"@id\":\"https:\/\/www.federassantas.org.br\/novosite\/vem-ai-a-8-edicao-do-bazar-do-bem-em-prol-de-pacientes-com-cancer-do-instituto-mario-penna\/#breadcrumb\"},\"inLanguage\":\"pt-BR\",\"potentialAction\":[{\"@type\":\"ReadAction\",\"target\":[\"https:\/\/www.federassantas.org.br\/novosite\/vem-ai-a-8-edicao-do-bazar-do-bem-em-prol-de-pacientes-com-cancer-do-instituto-mario-penna\/\"]}]},{\"@type\":\"ImageObject\",\"inLanguage\":\"pt-BR\",\"@id\":\"https:\/\/www.federassantas.org.br\/novosite\/vem-ai-a-8-edicao-do-bazar-do-bem-em-prol-de-pacientes-com-cancer-do-instituto-mario-penna\/#primaryimage\",\"url\":\"https:\/\/www.federassantas.org.br\/novosite\/wp-content\/uploads\/2025\/08\/TAMANHO-PARA-BANNER-SITE-22.png\",\"contentUrl\":\"https:\/\/www.federassantas.org.br\/novosite\/wp-content\/uploads\/2025\/08\/TAMANHO-PARA-BANNER-SITE-22.png\",\"width\":1120,\"height\":730},{\"@type\":\"BreadcrumbList\",\"@id\":\"https:\/\/www.federassantas.org.br\/novosite\/vem-ai-a-8-edicao-do-bazar-do-bem-em-prol-de-pacientes-com-cancer-do-instituto-mario-penna\/#breadcrumb\",\"itemListElement\":[{\"@type\":\"ListItem\",\"position\":1,\"name\":\"In\u00edcio\",\"item\":\"https:\/\/www.federassantas.org.br\/novosite\/\"},{\"@type\":\"ListItem\",\"position\":2,\"name\":\"Vem a\u00ed a 8\u00b0 edi\u00e7\u00e3o do Bazar do Bem em prol de pacientes com c\u00e2ncer do Instituto M\u00e1rio Penna\"}]},{\"@type\":\"WebSite\",\"@id\":\"https:\/\/www.federassantas.org.br\/novosite\/#website\",\"url\":\"https:\/\/www.federassantas.org.br\/novosite\/\",\"name\":\"Federassantas\",\"description\":\"Fed. das Santas Casas e Hospitais Filantr\u00f3picos de MG\",\"publisher\":{\"@id\":\"https:\/\/www.federassantas.org.br\/novosite\/#organization\"},\"potentialAction\":[{\"@type\":\"SearchAction\",\"target\":{\"@type\":\"EntryPoint\",\"urlTemplate\":\"https:\/\/www.federassantas.org.br\/novosite\/?s={search_term_string}\"},\"query-input\":{\"@type\":\"PropertyValueSpecification\",\"valueRequired\":true,\"valueName\":\"search_term_string\"}}],\"inLanguage\":\"pt-BR\"},{\"@type\":\"Organization\",\"@id\":\"https:\/\/www.federassantas.org.br\/novosite\/#organization\",\"name\":\"Federassantas\",\"url\":\"https:\/\/www.federassantas.org.br\/novosite\/\",\"logo\":{\"@type\":\"ImageObject\",\"inLanguage\":\"pt-BR\",\"@id\":\"https:\/\/www.federassantas.org.br\/novosite\/#\/schema\/logo\/image\/\",\"url\":\"https:\/\/www.federassantas.org.br\/novosite\/wp-content\/uploads\/2021\/12\/logo.png\",\"contentUrl\":\"https:\/\/www.federassantas.org.br\/novosite\/wp-content\/uploads\/2021\/12\/logo.png\",\"width\":243,\"height\":59,\"caption\":\"Federassantas\"},\"image\":{\"@id\":\"https:\/\/www.federassantas.org.br\/novosite\/#\/schema\/logo\/image\/\"}},{\"@type\":\"Person\",\"@id\":\"https:\/\/www.federassantas.org.br\/novosite\/#\/schema\/person\/75fed98158349313fe56175f232f513c\",\"name\":\"admin-federas\",\"image\":{\"@type\":\"ImageObject\",\"inLanguage\":\"pt-BR\",\"@id\":\"https:\/\/www.federassantas.org.br\/novosite\/#\/schema\/person\/image\/\",\"url\":\"https:\/\/secure.gravatar.com\/avatar\/2a02d7dda59fe8dc6b7ffd3f652e2efede5ccf0dd89dfdc8137c5517f3de8407?s=96&d=mm&r=g\",\"contentUrl\":\"https:\/\/secure.gravatar.com\/avatar\/2a02d7dda59fe8dc6b7ffd3f652e2efede5ccf0dd89dfdc8137c5517f3de8407?s=96&d=mm&r=g\",\"caption\":\"admin-federas\"},\"sameAs\":[\"https:\/\/www.federassantas.org.br\/novosite\/\"],\"url\":\"https:\/\/www.federassantas.org.br\/novosite\/author\/admin-federas\/\"}]}<\/script>\n<!-- \/ Yoast SEO plugin. -->","yoast_head_json":{"title":"Vem a\u00ed a 8\u00b0 edi\u00e7\u00e3o do Bazar do Bem em prol de pacientes com c\u00e2ncer do Instituto M\u00e1rio Penna - Federassantas","robots":{"index":"index","follow":"follow","max-snippet":"max-snippet:-1","max-image-preview":"max-image-preview:large","max-video-preview":"max-video-preview:-1"},"canonical":"https:\/\/www.federassantas.org.br\/novosite\/vem-ai-a-8-edicao-do-bazar-do-bem-em-prol-de-pacientes-com-cancer-do-instituto-mario-penna\/","og_locale":"pt_BR","og_type":"article","og_title":"Vem a\u00ed a 8\u00b0 edi\u00e7\u00e3o do Bazar do Bem em prol de pacientes com c\u00e2ncer do Instituto M\u00e1rio Penna - Federassantas","og_description":"Nos dias 7, 8 e 9 de agosto, ser\u00e1 realizado a 8\u00aa edi\u00e7\u00e3o do Bazar do Bem, na sede da Associa\u00e7\u00e3o Mineira de Supermercados (AMIS). A iniciativa \u00e9 uma parceria da Comiss\u00e3o Feminina da AMIS e as Volunt\u00e1rias do M\u00e1rio Penna (Volmape) e toda a arrecada\u00e7\u00e3o ser\u00e1 revertida para o Instituto M\u00e1rio Penna como forma [&hellip;]","og_url":"https:\/\/www.federassantas.org.br\/novosite\/vem-ai-a-8-edicao-do-bazar-do-bem-em-prol-de-pacientes-com-cancer-do-instituto-mario-penna\/","og_site_name":"Federassantas","article_published_time":"2025-08-06T17:30:10+00:00","og_image":[{"width":1120,"height":730,"url":"https:\/\/www.federassantas.org.br\/novosite\/wp-content\/uploads\/2025\/08\/TAMANHO-PARA-BANNER-SITE-22.png","type":"image\/png"}],"author":"admin-federas","twitter_card":"summary_large_image","twitter_misc":{"Escrito por":"admin-federas","Est. tempo de leitura":"3 minutos"},"schema":{"@context":"https:\/\/schema.org","@graph":[{"@type":"Article","@id":"https:\/\/www.federassantas.org.br\/novosite\/vem-ai-a-8-edicao-do-bazar-do-bem-em-prol-de-pacientes-com-cancer-do-instituto-mario-penna\/#article","isPartOf":{"@id":"https:\/\/www.federassantas.org.br\/novosite\/vem-ai-a-8-edicao-do-bazar-do-bem-em-prol-de-pacientes-com-cancer-do-instituto-mario-penna\/"},"author":{"name":"admin-federas","@id":"https:\/\/www.federassantas.org.br\/novosite\/#\/schema\/person\/75fed98158349313fe56175f232f513c"},"headline":"Vem a\u00ed a 8\u00b0 edi\u00e7\u00e3o do Bazar do Bem em prol de pacientes com c\u00e2ncer do Instituto M\u00e1rio Penna","datePublished":"2025-08-06T17:30:10+00:00","mainEntityOfPage":{"@id":"https:\/\/www.federassantas.org.br\/novosite\/vem-ai-a-8-edicao-do-bazar-do-bem-em-prol-de-pacientes-com-cancer-do-instituto-mario-penna\/"},"wordCount":450,"commentCount":0,"publisher":{"@id":"https:\/\/www.federassantas.org.br\/novosite\/#organization"},"image":{"@id":"https:\/\/www.federassantas.org.br\/novosite\/vem-ai-a-8-edicao-do-bazar-do-bem-em-prol-de-pacientes-com-cancer-do-instituto-mario-penna\/#primaryimage"},"thumbnailUrl":"https:\/\/www.federassantas.org.br\/novosite\/wp-content\/uploads\/2025\/08\/TAMANHO-PARA-BANNER-SITE-22.png","articleSection":["Not\u00edcias"],"inLanguage":"pt-BR","potentialAction":[{"@type":"CommentAction","name":"Comment","target":["https:\/\/www.federassantas.org.br\/novosite\/vem-ai-a-8-edicao-do-bazar-do-bem-em-prol-de-pacientes-com-cancer-do-instituto-mario-penna\/#respond"]}]},{"@type":"WebPage","@id":"https:\/\/www.federassantas.org.br\/novosite\/vem-ai-a-8-edicao-do-bazar-do-bem-em-prol-de-pacientes-com-cancer-do-instituto-mario-penna\/","url":"https:\/\/www.federassantas.org.br\/novosite\/vem-ai-a-8-edicao-do-bazar-do-bem-em-prol-de-pacientes-com-cancer-do-instituto-mario-penna\/","name":"Vem a\u00ed a 8\u00b0 edi\u00e7\u00e3o do Bazar do Bem em prol de pacientes com c\u00e2ncer do Instituto M\u00e1rio Penna - Federassantas","isPartOf":{"@id":"https:\/\/www.federassantas.org.br\/novosite\/#website"},"primaryImageOfPage":{"@id":"https:\/\/www.federassantas.org.br\/novosite\/vem-ai-a-8-edicao-do-bazar-do-bem-em-prol-de-pacientes-com-cancer-do-instituto-mario-penna\/#primaryimage"},"image":{"@id":"https:\/\/www.federassantas.org.br\/novosite\/vem-ai-a-8-edicao-do-bazar-do-bem-em-prol-de-pacientes-com-cancer-do-instituto-mario-penna\/#primaryimage"},"thumbnailUrl":"https:\/\/www.federassantas.org.br\/novosite\/wp-content\/uploads\/2025\/08\/TAMANHO-PARA-BANNER-SITE-22.png","datePublished":"2025-08-06T17:30:10+00:00","breadcrumb":{"@id":"https:\/\/www.federassantas.org.br\/novosite\/vem-ai-a-8-edicao-do-bazar-do-bem-em-prol-de-pacientes-com-cancer-do-instituto-mario-penna\/#breadcrumb"},"inLanguage":"pt-BR","potentialAction":[{"@type":"ReadAction","target":["https:\/\/www.federassantas.org.br\/novosite\/vem-ai-a-8-edicao-do-bazar-do-bem-em-prol-de-pacientes-com-cancer-do-instituto-mario-penna\/"]}]},{"@type":"ImageObject","inLanguage":"pt-BR","@id":"https:\/\/www.federassantas.org.br\/novosite\/vem-ai-a-8-edicao-do-bazar-do-bem-em-prol-de-pacientes-com-cancer-do-instituto-mario-penna\/#primaryimage","url":"https:\/\/www.federassantas.org.br\/novosite\/wp-content\/uploads\/2025\/08\/TAMANHO-PARA-BANNER-SITE-22.png","contentUrl":"https:\/\/www.federassantas.org.br\/novosite\/wp-content\/uploads\/2025\/08\/TAMANHO-PARA-BANNER-SITE-22.png","width":1120,"height":730},{"@type":"BreadcrumbList","@id":"https:\/\/www.federassantas.org.br\/novosite\/vem-ai-a-8-edicao-do-bazar-do-bem-em-prol-de-pacientes-com-cancer-do-instituto-mario-penna\/#breadcrumb","itemListElement":[{"@type":"ListItem","position":1,"name":"In\u00edcio","item":"https:\/\/www.federassantas.org.br\/novosite\/"},{"@type":"ListItem","position":2,"name":"Vem a\u00ed a 8\u00b0 edi\u00e7\u00e3o do Bazar do Bem em prol de pacientes com c\u00e2ncer do Instituto M\u00e1rio Penna"}]},{"@type":"WebSite","@id":"https:\/\/www.federassantas.org.br\/novosite\/#website","url":"https:\/\/www.federassantas.org.br\/novosite\/","name":"Federassantas","description":"Fed. das Santas Casas e Hospitais Filantr\u00f3picos de MG","publisher":{"@id":"https:\/\/www.federassantas.org.br\/novosite\/#organization"},"potentialAction":[{"@type":"SearchAction","target":{"@type":"EntryPoint","urlTemplate":"https:\/\/www.federassantas.org.br\/novosite\/?s={search_term_string}"},"query-input":{"@type":"PropertyValueSpecification","valueRequired":true,"valueName":"search_term_string"}}],"inLanguage":"pt-BR"},{"@type":"Organization","@id":"https:\/\/www.federassantas.org.br\/novosite\/#organization","name":"Federassantas","url":"https:\/\/www.federassantas.org.br\/novosite\/","logo":{"@type":"ImageObject","inLanguage":"pt-BR","@id":"https:\/\/www.federassantas.org.br\/novosite\/#\/schema\/logo\/image\/","url":"https:\/\/www.federassantas.org.br\/novosite\/wp-content\/uploads\/2021\/12\/logo.png","contentUrl":"https:\/\/www.federassantas.org.br\/novosite\/wp-content\/uploads\/2021\/12\/logo.png","width":243,"height":59,"caption":"Federassantas"},"image":{"@id":"https:\/\/www.federassantas.org.br\/novosite\/#\/schema\/logo\/image\/"}},{"@type":"Person","@id":"https:\/\/www.federassantas.org.br\/novosite\/#\/schema\/person\/75fed98158349313fe56175f232f513c","name":"admin-federas","image":{"@type":"ImageObject","inLanguage":"pt-BR","@id":"https:\/\/www.federassantas.org.br\/novosite\/#\/schema\/person\/image\/","url":"https:\/\/secure.gravatar.com\/avatar\/2a02d7dda59fe8dc6b7ffd3f652e2efede5ccf0dd89dfdc8137c5517f3de8407?s=96&d=mm&r=g","contentUrl":"https:\/\/secure.gravatar.com\/avatar\/2a02d7dda59fe8dc6b7ffd3f652e2efede5ccf0dd89dfdc8137c5517f3de8407?s=96&d=mm&r=g","caption":"admin-federas"},"sameAs":["https:\/\/www.federassantas.org.br\/novosite\/"],"url":"https:\/\/www.federassantas.org.br\/novosite\/author\/admin-federas\/"}]}},"_links":{"self":[{"href":"https:\/\/www.federassantas.org.br\/novosite\/wp-json\/wp\/v2\/posts\/38380","targetHints":{"allow":["GET"]}}],"collection":[{"href":"https:\/\/www.federassantas.org.br\/novosite\/wp-json\/wp\/v2\/posts"}],"about":[{"href":"https:\/\/www.federassantas.org.br\/novosite\/wp-json\/wp\/v2\/types\/post"}],"author":[{"embeddable":true,"href":"https:\/\/www.federassantas.org.br\/novosite\/wp-json\/wp\/v2\/users\/1"}],"replies":[{"embeddable":true,"href":"https:\/\/www.federassantas.org.br\/novosite\/wp-json\/wp\/v2\/comments?post=38380"}],"version-history":[{"count":6,"href":"https:\/\/www.federassantas.org.br\/novosite\/wp-json\/wp\/v2\/posts\/38380\/revisions"}],"predecessor-version":[{"id":38390,"href":"https:\/\/www.federassantas.org.br\/novosite\/wp-json\/wp\/v2\/posts\/38380\/revisions\/38390"}],"wp:featuredmedia":[{"embeddable":true,"href":"https:\/\/www.federassantas.org.br\/novosite\/wp-json\/wp\/v2\/media\/38389"}],"wp:attachment":[{"href":"https:\/\/www.federassantas.org.br\/novosite\/wp-json\/wp\/v2\/media?parent=38380"}],"wp:term":[{"taxonomy":"category","embeddable":true,"href":"https:\/\/www.federassantas.org.br\/novosite\/wp-json\/wp\/v2\/categories?post=38380"},{"taxonomy":"post_tag","embeddable":true,"href":"https:\/\/www.federassantas.org.br\/novosite\/wp-json\/wp\/v2\/tags?post=38380"}],"curies":[{"name":"wp","href":"https:\/\/api.w.org\/{rel}","templated":true}]}}