{"id":38391,"date":"2025-08-11T11:12:49","date_gmt":"2025-08-11T14:12:49","guid":{"rendered":"https:\/\/www.federassantas.org.br\/novosite\/?p=38391"},"modified":"2025-08-11T11:12:49","modified_gmt":"2025-08-11T14:12:49","slug":"estao-abertas-inscricoes-para-o-i-simposio-em-terapias-intensivas-adulto-promovido-pela-santa-casa-de-montes-claros","status":"publish","type":"post","link":"https:\/\/www.federassantas.org.br\/novosite\/estao-abertas-inscricoes-para-o-i-simposio-em-terapias-intensivas-adulto-promovido-pela-santa-casa-de-montes-claros\/","title":{"rendered":"Est\u00e3o abertas inscri\u00e7\u00f5es para o I\u00b0 Simp\u00f3sio em Terapias Intensivas adulto promovido pela Santa Casa de Montes Claros"},"content":{"rendered":"\t\t<div data-elementor-type=\"wp-post\" data-elementor-id=\"38391\" class=\"elementor elementor-38391\" data-elementor-post-type=\"post\">\n\t\t\t\t\t\t<section class=\"elementor-section elementor-top-section elementor-element elementor-element-b09b02f elementor-section-boxed elementor-section-height-default elementor-section-height-default\" data-id=\"b09b02f\" data-element_type=\"section\" data-e-type=\"section\">\n\t\t\t\t\t\t<div class=\"elementor-container elementor-column-gap-default\">\n\t\t\t\t\t<div class=\"elementor-column elementor-col-100 elementor-top-column elementor-element elementor-element-4178a14\" data-id=\"4178a14\" data-element_type=\"column\" data-e-type=\"column\">\n\t\t\t<div class=\"elementor-widget-wrap elementor-element-populated\">\n\t\t\t\t\t\t<div class=\"elementor-element elementor-element-f84fff6 elementor-widget elementor-widget-text-editor\" data-id=\"f84fff6\" data-element_type=\"widget\" data-e-type=\"widget\" data-widget_type=\"text-editor.default\">\n\t\t\t\t<div class=\"elementor-widget-container\">\n\t\t\t\t\t\t\t\t\t<p>A Santa Casa Montes Claros realiza, nos dias 29 e 30 de agosto, o I Simp\u00f3sio em Terapias Intensivas Adulto, um encontro cient\u00edfico voltado para profissionais da sa\u00fade que atuam ou t\u00eam interesse na \u00e1rea de cuidados intensivos. O evento acontecer\u00e1 na sede da ACI MOC, localizada na Av. Major Alexandre Rodrigues, no bairro Ibituruna, em Montes Claros.<\/p>\n<p>As inscri\u00e7\u00f5es j\u00e1 est\u00e3o abertas com valores promocionais para o primeiro lote. As vagas s\u00e3o limitadas e podem ser adquiridas atrav\u00e9s da plataforma Even3, no link: clique aqui para se inscrever. Voltado para o aprofundamento t\u00e9cnico e cient\u00edfico, o simp\u00f3sio reunir\u00e1 especialistas renomados da \u00e1rea de Terapia Intensiva para debater os principais desafios da pr\u00e1tica assistencial, as novas tecnologias aplicadas \u00e0 UTI e as perspectivas de humaniza\u00e7\u00e3o no cuidado com pacientes cr\u00edticos.<\/p>\n<p>De acordo com o superintendente da Santa Casa Montes Claros, Maur\u00edcio S\u00e9rgio Sousa e Silva, a realiza\u00e7\u00e3o do simp\u00f3sio faz parte de um esfor\u00e7o cont\u00ednuo da institui\u00e7\u00e3o para promover capacita\u00e7\u00e3o e atualiza\u00e7\u00e3o das equipes.<strong> \u201cA Santa Casa tem investido cada vez mais em eventos cient\u00edficos como ferramenta de fortalecimento do conhecimento e da pr\u00e1tica cl\u00ednica. Iniciativas como esta valorizam os profissionais da nossa regi\u00e3o e reafirmam o nosso compromisso com a excel\u00eancia no cuidado intensivo\u201d<\/strong>, destacou.<\/p>\n<p>O evento \u00e9 uma iniciativa da equipe multiprofissional das Unidades de Terapia Intensiva da Santa Casa que conta com quatro unidades de CTIs adulto (CTI Geral, CTI Dr. Heli Penido, CTI S\u00e3o Geraldo Magela e CTI Cardiol\u00f3gico).<\/p><p>Fonte: Assesssoria de Comunica\u00e7\u00e3o Santa Casa de Montes Claros<\/p>\t\t\t\t\t\t\t\t<\/div>\n\t\t\t\t<\/div>\n\t\t\t\t\t<\/div>\n\t\t<\/div>\n\t\t\t\t\t<\/div>\n\t\t<\/section>\n\t\t\t\t<\/div>\n\t\t","protected":false},"excerpt":{"rendered":"<p>A Santa Casa Montes Claros realiza, nos dias 29 e 30 de agosto, o I Simp\u00f3sio em Terapias Intensivas Adulto, um encontro cient\u00edfico voltado para profissionais da sa\u00fade que atuam ou t\u00eam interesse na \u00e1rea de cuidados intensivos. O evento acontecer\u00e1 na sede da ACI MOC, localizada na Av. Major Alexandre Rodrigues, no bairro Ibituruna, [&hellip;]<\/p>\n","protected":false},"author":1,"featured_media":38398,"comment_status":"open","ping_status":"open","sticky":false,"template":"","format":"standard","meta":{"footnotes":""},"categories":[140],"tags":[],"class_list":["post-38391","post","type-post","status-publish","format-standard","has-post-thumbnail","hentry","category-noticias"],"yoast_head":"<!-- This site is optimized with the Yoast SEO plugin v26.9 - https:\/\/yoast.com\/product\/yoast-seo-wordpress\/ -->\n<title>Est\u00e3o abertas inscri\u00e7\u00f5es para o I\u00b0 Simp\u00f3sio em Terapias Intensivas adulto promovido pela Santa Casa de Montes Claros - Federassantas<\/title>\n<meta name=\"robots\" content=\"index, follow, max-snippet:-1, max-image-preview:large, max-video-preview:-1\" \/>\n<link rel=\"canonical\" href=\"https:\/\/www.federassantas.org.br\/novosite\/estao-abertas-inscricoes-para-o-i-simposio-em-terapias-intensivas-adulto-promovido-pela-santa-casa-de-montes-claros\/\" \/>\n<meta property=\"og:locale\" content=\"pt_BR\" \/>\n<meta property=\"og:type\" content=\"article\" \/>\n<meta property=\"og:title\" content=\"Est\u00e3o abertas inscri\u00e7\u00f5es para o I\u00b0 Simp\u00f3sio em Terapias Intensivas adulto promovido pela Santa Casa de Montes Claros - Federassantas\" \/>\n<meta property=\"og:description\" content=\"A Santa Casa Montes Claros realiza, nos dias 29 e 30 de agosto, o I Simp\u00f3sio em Terapias Intensivas Adulto, um encontro cient\u00edfico voltado para profissionais da sa\u00fade que atuam ou t\u00eam interesse na \u00e1rea de cuidados intensivos. O evento acontecer\u00e1 na sede da ACI MOC, localizada na Av. Major Alexandre Rodrigues, no bairro Ibituruna, [&hellip;]\" \/>\n<meta property=\"og:url\" content=\"https:\/\/www.federassantas.org.br\/novosite\/estao-abertas-inscricoes-para-o-i-simposio-em-terapias-intensivas-adulto-promovido-pela-santa-casa-de-montes-claros\/\" \/>\n<meta property=\"og:site_name\" content=\"Federassantas\" \/>\n<meta property=\"article:published_time\" content=\"2025-08-11T14:12:49+00:00\" \/>\n<meta property=\"og:image\" content=\"https:\/\/www.federassantas.org.br\/novosite\/wp-content\/uploads\/2025\/08\/TAMANHO-PARA-BANNER-SITE-23.png\" \/>\n\t<meta property=\"og:image:width\" content=\"1120\" \/>\n\t<meta property=\"og:image:height\" content=\"730\" \/>\n\t<meta property=\"og:image:type\" content=\"image\/png\" \/>\n<meta name=\"author\" content=\"admin-federas\" \/>\n<meta name=\"twitter:card\" content=\"summary_large_image\" \/>\n<meta name=\"twitter:label1\" content=\"Escrito por\" \/>\n\t<meta name=\"twitter:data1\" content=\"admin-federas\" \/>\n\t<meta name=\"twitter:label2\" content=\"Est. tempo de leitura\" \/>\n\t<meta name=\"twitter:data2\" content=\"2 minutos\" \/>\n<script type=\"application\/ld+json\" class=\"yoast-schema-graph\">{\"@context\":\"https:\/\/schema.org\",\"@graph\":[{\"@type\":\"Article\",\"@id\":\"https:\/\/www.federassantas.org.br\/novosite\/estao-abertas-inscricoes-para-o-i-simposio-em-terapias-intensivas-adulto-promovido-pela-santa-casa-de-montes-claros\/#article\",\"isPartOf\":{\"@id\":\"https:\/\/www.federassantas.org.br\/novosite\/estao-abertas-inscricoes-para-o-i-simposio-em-terapias-intensivas-adulto-promovido-pela-santa-casa-de-montes-claros\/\"},\"author\":{\"name\":\"admin-federas\",\"@id\":\"https:\/\/www.federassantas.org.br\/novosite\/#\/schema\/person\/75fed98158349313fe56175f232f513c\"},\"headline\":\"Est\u00e3o abertas inscri\u00e7\u00f5es para o I\u00b0 Simp\u00f3sio em Terapias Intensivas adulto promovido pela Santa Casa de Montes Claros\",\"datePublished\":\"2025-08-11T14:12:49+00:00\",\"mainEntityOfPage\":{\"@id\":\"https:\/\/www.federassantas.org.br\/novosite\/estao-abertas-inscricoes-para-o-i-simposio-em-terapias-intensivas-adulto-promovido-pela-santa-casa-de-montes-claros\/\"},\"wordCount\":300,\"commentCount\":0,\"publisher\":{\"@id\":\"https:\/\/www.federassantas.org.br\/novosite\/#organization\"},\"image\":{\"@id\":\"https:\/\/www.federassantas.org.br\/novosite\/estao-abertas-inscricoes-para-o-i-simposio-em-terapias-intensivas-adulto-promovido-pela-santa-casa-de-montes-claros\/#primaryimage\"},\"thumbnailUrl\":\"https:\/\/www.federassantas.org.br\/novosite\/wp-content\/uploads\/2025\/08\/TAMANHO-PARA-BANNER-SITE-23.png\",\"articleSection\":[\"Not\u00edcias\"],\"inLanguage\":\"pt-BR\",\"potentialAction\":[{\"@type\":\"CommentAction\",\"name\":\"Comment\",\"target\":[\"https:\/\/www.federassantas.org.br\/novosite\/estao-abertas-inscricoes-para-o-i-simposio-em-terapias-intensivas-adulto-promovido-pela-santa-casa-de-montes-claros\/#respond\"]}]},{\"@type\":\"WebPage\",\"@id\":\"https:\/\/www.federassantas.org.br\/novosite\/estao-abertas-inscricoes-para-o-i-simposio-em-terapias-intensivas-adulto-promovido-pela-santa-casa-de-montes-claros\/\",\"url\":\"https:\/\/www.federassantas.org.br\/novosite\/estao-abertas-inscricoes-para-o-i-simposio-em-terapias-intensivas-adulto-promovido-pela-santa-casa-de-montes-claros\/\",\"name\":\"Est\u00e3o abertas inscri\u00e7\u00f5es para o I\u00b0 Simp\u00f3sio em Terapias Intensivas adulto promovido pela Santa Casa de Montes Claros - Federassantas\",\"isPartOf\":{\"@id\":\"https:\/\/www.federassantas.org.br\/novosite\/#website\"},\"primaryImageOfPage\":{\"@id\":\"https:\/\/www.federassantas.org.br\/novosite\/estao-abertas-inscricoes-para-o-i-simposio-em-terapias-intensivas-adulto-promovido-pela-santa-casa-de-montes-claros\/#primaryimage\"},\"image\":{\"@id\":\"https:\/\/www.federassantas.org.br\/novosite\/estao-abertas-inscricoes-para-o-i-simposio-em-terapias-intensivas-adulto-promovido-pela-santa-casa-de-montes-claros\/#primaryimage\"},\"thumbnailUrl\":\"https:\/\/www.federassantas.org.br\/novosite\/wp-content\/uploads\/2025\/08\/TAMANHO-PARA-BANNER-SITE-23.png\",\"datePublished\":\"2025-08-11T14:12:49+00:00\",\"breadcrumb\":{\"@id\":\"https:\/\/www.federassantas.org.br\/novosite\/estao-abertas-inscricoes-para-o-i-simposio-em-terapias-intensivas-adulto-promovido-pela-santa-casa-de-montes-claros\/#breadcrumb\"},\"inLanguage\":\"pt-BR\",\"potentialAction\":[{\"@type\":\"ReadAction\",\"target\":[\"https:\/\/www.federassantas.org.br\/novosite\/estao-abertas-inscricoes-para-o-i-simposio-em-terapias-intensivas-adulto-promovido-pela-santa-casa-de-montes-claros\/\"]}]},{\"@type\":\"ImageObject\",\"inLanguage\":\"pt-BR\",\"@id\":\"https:\/\/www.federassantas.org.br\/novosite\/estao-abertas-inscricoes-para-o-i-simposio-em-terapias-intensivas-adulto-promovido-pela-santa-casa-de-montes-claros\/#primaryimage\",\"url\":\"https:\/\/www.federassantas.org.br\/novosite\/wp-content\/uploads\/2025\/08\/TAMANHO-PARA-BANNER-SITE-23.png\",\"contentUrl\":\"https:\/\/www.federassantas.org.br\/novosite\/wp-content\/uploads\/2025\/08\/TAMANHO-PARA-BANNER-SITE-23.png\",\"width\":1120,\"height\":730},{\"@type\":\"BreadcrumbList\",\"@id\":\"https:\/\/www.federassantas.org.br\/novosite\/estao-abertas-inscricoes-para-o-i-simposio-em-terapias-intensivas-adulto-promovido-pela-santa-casa-de-montes-claros\/#breadcrumb\",\"itemListElement\":[{\"@type\":\"ListItem\",\"position\":1,\"name\":\"In\u00edcio\",\"item\":\"https:\/\/www.federassantas.org.br\/novosite\/\"},{\"@type\":\"ListItem\",\"position\":2,\"name\":\"Est\u00e3o abertas inscri\u00e7\u00f5es para o I\u00b0 Simp\u00f3sio em Terapias Intensivas adulto promovido pela Santa Casa de Montes Claros\"}]},{\"@type\":\"WebSite\",\"@id\":\"https:\/\/www.federassantas.org.br\/novosite\/#website\",\"url\":\"https:\/\/www.federassantas.org.br\/novosite\/\",\"name\":\"Federassantas\",\"description\":\"Fed. das Santas Casas e Hospitais Filantr\u00f3picos de MG\",\"publisher\":{\"@id\":\"https:\/\/www.federassantas.org.br\/novosite\/#organization\"},\"potentialAction\":[{\"@type\":\"SearchAction\",\"target\":{\"@type\":\"EntryPoint\",\"urlTemplate\":\"https:\/\/www.federassantas.org.br\/novosite\/?s={search_term_string}\"},\"query-input\":{\"@type\":\"PropertyValueSpecification\",\"valueRequired\":true,\"valueName\":\"search_term_string\"}}],\"inLanguage\":\"pt-BR\"},{\"@type\":\"Organization\",\"@id\":\"https:\/\/www.federassantas.org.br\/novosite\/#organization\",\"name\":\"Federassantas\",\"url\":\"https:\/\/www.federassantas.org.br\/novosite\/\",\"logo\":{\"@type\":\"ImageObject\",\"inLanguage\":\"pt-BR\",\"@id\":\"https:\/\/www.federassantas.org.br\/novosite\/#\/schema\/logo\/image\/\",\"url\":\"https:\/\/www.federassantas.org.br\/novosite\/wp-content\/uploads\/2021\/12\/logo.png\",\"contentUrl\":\"https:\/\/www.federassantas.org.br\/novosite\/wp-content\/uploads\/2021\/12\/logo.png\",\"width\":243,\"height\":59,\"caption\":\"Federassantas\"},\"image\":{\"@id\":\"https:\/\/www.federassantas.org.br\/novosite\/#\/schema\/logo\/image\/\"}},{\"@type\":\"Person\",\"@id\":\"https:\/\/www.federassantas.org.br\/novosite\/#\/schema\/person\/75fed98158349313fe56175f232f513c\",\"name\":\"admin-federas\",\"image\":{\"@type\":\"ImageObject\",\"inLanguage\":\"pt-BR\",\"@id\":\"https:\/\/www.federassantas.org.br\/novosite\/#\/schema\/person\/image\/\",\"url\":\"https:\/\/secure.gravatar.com\/avatar\/2a02d7dda59fe8dc6b7ffd3f652e2efede5ccf0dd89dfdc8137c5517f3de8407?s=96&d=mm&r=g\",\"contentUrl\":\"https:\/\/secure.gravatar.com\/avatar\/2a02d7dda59fe8dc6b7ffd3f652e2efede5ccf0dd89dfdc8137c5517f3de8407?s=96&d=mm&r=g\",\"caption\":\"admin-federas\"},\"sameAs\":[\"https:\/\/www.federassantas.org.br\/novosite\/\"],\"url\":\"https:\/\/www.federassantas.org.br\/novosite\/author\/admin-federas\/\"}]}<\/script>\n<!-- \/ Yoast SEO plugin. -->","yoast_head_json":{"title":"Est\u00e3o abertas inscri\u00e7\u00f5es para o I\u00b0 Simp\u00f3sio em Terapias Intensivas adulto promovido pela Santa Casa de Montes Claros - Federassantas","robots":{"index":"index","follow":"follow","max-snippet":"max-snippet:-1","max-image-preview":"max-image-preview:large","max-video-preview":"max-video-preview:-1"},"canonical":"https:\/\/www.federassantas.org.br\/novosite\/estao-abertas-inscricoes-para-o-i-simposio-em-terapias-intensivas-adulto-promovido-pela-santa-casa-de-montes-claros\/","og_locale":"pt_BR","og_type":"article","og_title":"Est\u00e3o abertas inscri\u00e7\u00f5es para o I\u00b0 Simp\u00f3sio em Terapias Intensivas adulto promovido pela Santa Casa de Montes Claros - Federassantas","og_description":"A Santa Casa Montes Claros realiza, nos dias 29 e 30 de agosto, o I Simp\u00f3sio em Terapias Intensivas Adulto, um encontro cient\u00edfico voltado para profissionais da sa\u00fade que atuam ou t\u00eam interesse na \u00e1rea de cuidados intensivos. O evento acontecer\u00e1 na sede da ACI MOC, localizada na Av. Major Alexandre Rodrigues, no bairro Ibituruna, [&hellip;]","og_url":"https:\/\/www.federassantas.org.br\/novosite\/estao-abertas-inscricoes-para-o-i-simposio-em-terapias-intensivas-adulto-promovido-pela-santa-casa-de-montes-claros\/","og_site_name":"Federassantas","article_published_time":"2025-08-11T14:12:49+00:00","og_image":[{"width":1120,"height":730,"url":"https:\/\/www.federassantas.org.br\/novosite\/wp-content\/uploads\/2025\/08\/TAMANHO-PARA-BANNER-SITE-23.png","type":"image\/png"}],"author":"admin-federas","twitter_card":"summary_large_image","twitter_misc":{"Escrito por":"admin-federas","Est. tempo de leitura":"2 minutos"},"schema":{"@context":"https:\/\/schema.org","@graph":[{"@type":"Article","@id":"https:\/\/www.federassantas.org.br\/novosite\/estao-abertas-inscricoes-para-o-i-simposio-em-terapias-intensivas-adulto-promovido-pela-santa-casa-de-montes-claros\/#article","isPartOf":{"@id":"https:\/\/www.federassantas.org.br\/novosite\/estao-abertas-inscricoes-para-o-i-simposio-em-terapias-intensivas-adulto-promovido-pela-santa-casa-de-montes-claros\/"},"author":{"name":"admin-federas","@id":"https:\/\/www.federassantas.org.br\/novosite\/#\/schema\/person\/75fed98158349313fe56175f232f513c"},"headline":"Est\u00e3o abertas inscri\u00e7\u00f5es para o I\u00b0 Simp\u00f3sio em Terapias Intensivas adulto promovido pela Santa Casa de Montes Claros","datePublished":"2025-08-11T14:12:49+00:00","mainEntityOfPage":{"@id":"https:\/\/www.federassantas.org.br\/novosite\/estao-abertas-inscricoes-para-o-i-simposio-em-terapias-intensivas-adulto-promovido-pela-santa-casa-de-montes-claros\/"},"wordCount":300,"commentCount":0,"publisher":{"@id":"https:\/\/www.federassantas.org.br\/novosite\/#organization"},"image":{"@id":"https:\/\/www.federassantas.org.br\/novosite\/estao-abertas-inscricoes-para-o-i-simposio-em-terapias-intensivas-adulto-promovido-pela-santa-casa-de-montes-claros\/#primaryimage"},"thumbnailUrl":"https:\/\/www.federassantas.org.br\/novosite\/wp-content\/uploads\/2025\/08\/TAMANHO-PARA-BANNER-SITE-23.png","articleSection":["Not\u00edcias"],"inLanguage":"pt-BR","potentialAction":[{"@type":"CommentAction","name":"Comment","target":["https:\/\/www.federassantas.org.br\/novosite\/estao-abertas-inscricoes-para-o-i-simposio-em-terapias-intensivas-adulto-promovido-pela-santa-casa-de-montes-claros\/#respond"]}]},{"@type":"WebPage","@id":"https:\/\/www.federassantas.org.br\/novosite\/estao-abertas-inscricoes-para-o-i-simposio-em-terapias-intensivas-adulto-promovido-pela-santa-casa-de-montes-claros\/","url":"https:\/\/www.federassantas.org.br\/novosite\/estao-abertas-inscricoes-para-o-i-simposio-em-terapias-intensivas-adulto-promovido-pela-santa-casa-de-montes-claros\/","name":"Est\u00e3o abertas inscri\u00e7\u00f5es para o I\u00b0 Simp\u00f3sio em Terapias Intensivas adulto promovido pela Santa Casa de Montes Claros - Federassantas","isPartOf":{"@id":"https:\/\/www.federassantas.org.br\/novosite\/#website"},"primaryImageOfPage":{"@id":"https:\/\/www.federassantas.org.br\/novosite\/estao-abertas-inscricoes-para-o-i-simposio-em-terapias-intensivas-adulto-promovido-pela-santa-casa-de-montes-claros\/#primaryimage"},"image":{"@id":"https:\/\/www.federassantas.org.br\/novosite\/estao-abertas-inscricoes-para-o-i-simposio-em-terapias-intensivas-adulto-promovido-pela-santa-casa-de-montes-claros\/#primaryimage"},"thumbnailUrl":"https:\/\/www.federassantas.org.br\/novosite\/wp-content\/uploads\/2025\/08\/TAMANHO-PARA-BANNER-SITE-23.png","datePublished":"2025-08-11T14:12:49+00:00","breadcrumb":{"@id":"https:\/\/www.federassantas.org.br\/novosite\/estao-abertas-inscricoes-para-o-i-simposio-em-terapias-intensivas-adulto-promovido-pela-santa-casa-de-montes-claros\/#breadcrumb"},"inLanguage":"pt-BR","potentialAction":[{"@type":"ReadAction","target":["https:\/\/www.federassantas.org.br\/novosite\/estao-abertas-inscricoes-para-o-i-simposio-em-terapias-intensivas-adulto-promovido-pela-santa-casa-de-montes-claros\/"]}]},{"@type":"ImageObject","inLanguage":"pt-BR","@id":"https:\/\/www.federassantas.org.br\/novosite\/estao-abertas-inscricoes-para-o-i-simposio-em-terapias-intensivas-adulto-promovido-pela-santa-casa-de-montes-claros\/#primaryimage","url":"https:\/\/www.federassantas.org.br\/novosite\/wp-content\/uploads\/2025\/08\/TAMANHO-PARA-BANNER-SITE-23.png","contentUrl":"https:\/\/www.federassantas.org.br\/novosite\/wp-content\/uploads\/2025\/08\/TAMANHO-PARA-BANNER-SITE-23.png","width":1120,"height":730},{"@type":"BreadcrumbList","@id":"https:\/\/www.federassantas.org.br\/novosite\/estao-abertas-inscricoes-para-o-i-simposio-em-terapias-intensivas-adulto-promovido-pela-santa-casa-de-montes-claros\/#breadcrumb","itemListElement":[{"@type":"ListItem","position":1,"name":"In\u00edcio","item":"https:\/\/www.federassantas.org.br\/novosite\/"},{"@type":"ListItem","position":2,"name":"Est\u00e3o abertas inscri\u00e7\u00f5es para o I\u00b0 Simp\u00f3sio em Terapias Intensivas adulto promovido pela Santa Casa de Montes Claros"}]},{"@type":"WebSite","@id":"https:\/\/www.federassantas.org.br\/novosite\/#website","url":"https:\/\/www.federassantas.org.br\/novosite\/","name":"Federassantas","description":"Fed. das Santas Casas e Hospitais Filantr\u00f3picos de MG","publisher":{"@id":"https:\/\/www.federassantas.org.br\/novosite\/#organization"},"potentialAction":[{"@type":"SearchAction","target":{"@type":"EntryPoint","urlTemplate":"https:\/\/www.federassantas.org.br\/novosite\/?s={search_term_string}"},"query-input":{"@type":"PropertyValueSpecification","valueRequired":true,"valueName":"search_term_string"}}],"inLanguage":"pt-BR"},{"@type":"Organization","@id":"https:\/\/www.federassantas.org.br\/novosite\/#organization","name":"Federassantas","url":"https:\/\/www.federassantas.org.br\/novosite\/","logo":{"@type":"ImageObject","inLanguage":"pt-BR","@id":"https:\/\/www.federassantas.org.br\/novosite\/#\/schema\/logo\/image\/","url":"https:\/\/www.federassantas.org.br\/novosite\/wp-content\/uploads\/2021\/12\/logo.png","contentUrl":"https:\/\/www.federassantas.org.br\/novosite\/wp-content\/uploads\/2021\/12\/logo.png","width":243,"height":59,"caption":"Federassantas"},"image":{"@id":"https:\/\/www.federassantas.org.br\/novosite\/#\/schema\/logo\/image\/"}},{"@type":"Person","@id":"https:\/\/www.federassantas.org.br\/novosite\/#\/schema\/person\/75fed98158349313fe56175f232f513c","name":"admin-federas","image":{"@type":"ImageObject","inLanguage":"pt-BR","@id":"https:\/\/www.federassantas.org.br\/novosite\/#\/schema\/person\/image\/","url":"https:\/\/secure.gravatar.com\/avatar\/2a02d7dda59fe8dc6b7ffd3f652e2efede5ccf0dd89dfdc8137c5517f3de8407?s=96&d=mm&r=g","contentUrl":"https:\/\/secure.gravatar.com\/avatar\/2a02d7dda59fe8dc6b7ffd3f652e2efede5ccf0dd89dfdc8137c5517f3de8407?s=96&d=mm&r=g","caption":"admin-federas"},"sameAs":["https:\/\/www.federassantas.org.br\/novosite\/"],"url":"https:\/\/www.federassantas.org.br\/novosite\/author\/admin-federas\/"}]}},"_links":{"self":[{"href":"https:\/\/www.federassantas.org.br\/novosite\/wp-json\/wp\/v2\/posts\/38391","targetHints":{"allow":["GET"]}}],"collection":[{"href":"https:\/\/www.federassantas.org.br\/novosite\/wp-json\/wp\/v2\/posts"}],"about":[{"href":"https:\/\/www.federassantas.org.br\/novosite\/wp-json\/wp\/v2\/types\/post"}],"author":[{"embeddable":true,"href":"https:\/\/www.federassantas.org.br\/novosite\/wp-json\/wp\/v2\/users\/1"}],"replies":[{"embeddable":true,"href":"https:\/\/www.federassantas.org.br\/novosite\/wp-json\/wp\/v2\/comments?post=38391"}],"version-history":[{"count":4,"href":"https:\/\/www.federassantas.org.br\/novosite\/wp-json\/wp\/v2\/posts\/38391\/revisions"}],"predecessor-version":[{"id":38399,"href":"https:\/\/www.federassantas.org.br\/novosite\/wp-json\/wp\/v2\/posts\/38391\/revisions\/38399"}],"wp:featuredmedia":[{"embeddable":true,"href":"https:\/\/www.federassantas.org.br\/novosite\/wp-json\/wp\/v2\/media\/38398"}],"wp:attachment":[{"href":"https:\/\/www.federassantas.org.br\/novosite\/wp-json\/wp\/v2\/media?parent=38391"}],"wp:term":[{"taxonomy":"category","embeddable":true,"href":"https:\/\/www.federassantas.org.br\/novosite\/wp-json\/wp\/v2\/categories?post=38391"},{"taxonomy":"post_tag","embeddable":true,"href":"https:\/\/www.federassantas.org.br\/novosite\/wp-json\/wp\/v2\/tags?post=38391"}],"curies":[{"name":"wp","href":"https:\/\/api.w.org\/{rel}","templated":true}]}}