{"id":39394,"date":"2026-03-13T15:46:22","date_gmt":"2026-03-13T18:46:22","guid":{"rendered":"https:\/\/www.federassantas.org.br\/novosite\/?p=39394"},"modified":"2026-03-13T15:48:24","modified_gmt":"2026-03-13T18:48:24","slug":"federassantas-lanca-formacao-estrategica-sobre-gestao-da-jornada-do-paciente-em-parceria-com-a-eficiencia-hospitalista","status":"publish","type":"post","link":"https:\/\/www.federassantas.org.br\/novosite\/federassantas-lanca-formacao-estrategica-sobre-gestao-da-jornada-do-paciente-em-parceria-com-a-eficiencia-hospitalista\/","title":{"rendered":"Federassantas lan\u00e7a forma\u00e7\u00e3o estrat\u00e9gica sobre gest\u00e3o da jornada do paciente em parceria com a Efici\u00eancia Hospitalista"},"content":{"rendered":"\t\t<div data-elementor-type=\"wp-post\" data-elementor-id=\"39394\" class=\"elementor elementor-39394\" data-elementor-post-type=\"post\">\n\t\t\t\t\t\t<section class=\"elementor-section elementor-top-section elementor-element elementor-element-a7f5a50 elementor-section-boxed elementor-section-height-default elementor-section-height-default\" data-id=\"a7f5a50\" data-element_type=\"section\" data-e-type=\"section\">\n\t\t\t\t\t\t<div class=\"elementor-container elementor-column-gap-default\">\n\t\t\t\t\t<div class=\"elementor-column elementor-col-100 elementor-top-column elementor-element elementor-element-b0adbd1\" data-id=\"b0adbd1\" data-element_type=\"column\" data-e-type=\"column\">\n\t\t\t<div class=\"elementor-widget-wrap elementor-element-populated\">\n\t\t\t\t\t\t<div class=\"elementor-element elementor-element-3b020ff elementor-widget elementor-widget-text-editor\" data-id=\"3b020ff\" data-element_type=\"widget\" data-e-type=\"widget\" data-widget_type=\"text-editor.default\">\n\t\t\t\t<div class=\"elementor-widget-container\">\n\t\t\t\t\t\t\t\t\t<p><span style=\"font-weight: 400;\">A Federassantas, por meio do <\/span><b>CEC \u2013 Centro de Educa\u00e7\u00e3o Continuada<\/b><span style=\"font-weight: 400;\">, lan\u00e7a uma nova forma\u00e7\u00e3o voltada ao fortalecimento da gest\u00e3o hospitalar e \u00e0 qualifica\u00e7\u00e3o das pr\u00e1ticas assistenciais nas institui\u00e7\u00f5es de sa\u00fade. Em parceria com a <\/span><b>Efici\u00eancia Hospitalista<\/b><span style=\"font-weight: 400;\">, o programa <\/span><b>\u201cEfici\u00eancia na Jornada do Paciente\u201d<\/b><span style=\"font-weight: 400;\"> foi desenvolvido para capacitar profissionais e lideran\u00e7as hospitalares na organiza\u00e7\u00e3o e condu\u00e7\u00e3o das diferentes etapas do cuidado, desde o acesso at\u00e9 a alta hospitalar.<\/span><\/p><p><span style=\"font-weight: 400;\">A forma\u00e7\u00e3o foi estruturada como uma trilha estrat\u00e9gica composta por <\/span><b>tr\u00eas m\u00f3dulos complementares<\/b><span style=\"font-weight: 400;\">, que abordam etapas essenciais da jornada do paciente dentro do hospital. Os participantes poder\u00e3o cursar cada m\u00f3dulo de forma independente ou optar pela trilha completa, que oferece uma vis\u00e3o integrada da gest\u00e3o assistencial e operacional.<\/span><\/p><p><span style=\"font-weight: 400;\">O primeiro m\u00f3dulo, <\/span><b>Gest\u00e3o de Acessos e N\u00facleo Interno de Regula\u00e7\u00e3o (NIR)<\/b><span style=\"font-weight: 400;\">, ser\u00e1 realizado nos dias <\/span><b>13 e 14 de abril<\/b><span style=\"font-weight: 400;\">, em formato <\/span><b>online ao vivo<\/b><span style=\"font-weight: 400;\">, e ter\u00e1 como foco a organiza\u00e7\u00e3o dos fluxos assistenciais e a gest\u00e3o estrat\u00e9gica de leitos, com o objetivo de melhorar o acesso dos pacientes e reduzir gargalos operacionais.<\/span><\/p><p><span style=\"font-weight: 400;\">Na sequ\u00eancia, o segundo m\u00f3dulo, <\/span><b>Medicina Hospitalista como Modelo de Excel\u00eancia Assistencial<\/b><span style=\"font-weight: 400;\">, acontece nos dias <\/span><b>05 e 06 de maio<\/b><span style=\"font-weight: 400;\">, tamb\u00e9m em formato online ao vivo. O conte\u00fado abordar\u00e1 o modelo da Medicina Hospitalista como eixo estruturante da assist\u00eancia hospitalar, com \u00eanfase na coordena\u00e7\u00e3o do cuidado, na integra\u00e7\u00e3o das equipes multiprofissionais e na utiliza\u00e7\u00e3o de ferramentas como round multiprofissional e safety huddle.<\/span><\/p><p><span style=\"font-weight: 400;\">Encerrando a forma\u00e7\u00e3o, o terceiro m\u00f3dulo ser\u00e1 realizado de forma <\/span><b>presencial no dia 09 de junho<\/b><span style=\"font-weight: 400;\">, com o tema <\/span><b>Escrit\u00f3rio de Gest\u00e3o de Altas\u00ae (EGA) e Governan\u00e7a Cl\u00ednica na Pr\u00e1tica<\/b><span style=\"font-weight: 400;\">. O encontro abordar\u00e1 estrat\u00e9gias para o planejamento da alta hospitalar, gest\u00e3o de riscos, monitoramento de indicadores e implanta\u00e7\u00e3o de modelos de governan\u00e7a cl\u00ednica orientados \u00e0 gera\u00e7\u00e3o de valor em sa\u00fade.<\/span><\/p><p><span style=\"font-weight: 400;\">Segundo o <\/span><b>Dr. Andr\u00e9 Wajner, CEO da Efici\u00eancia Hospitalista<\/b><span style=\"font-weight: 400;\">, a proposta da forma\u00e7\u00e3o \u00e9 apoiar hospitais e profissionais que desejam estruturar e conduzir de forma mais eficiente toda a jornada do paciente dentro das institui\u00e7\u00f5es.<\/span><\/p><p><span style=\"font-weight: 400;\">\u201cCada vez mais os hospitais precisam olhar para a jornada do paciente de forma integrada. Isso significa organizar o acesso, coordenar o cuidado durante a interna\u00e7\u00e3o e estruturar processos seguros e eficientes para a alta hospitalar. Esta forma\u00e7\u00e3o foi desenhada exatamente para apoiar hospitais e profissionais que desejam atuar diretamente na condu\u00e7\u00e3o dessa jornada, com ferramentas pr\u00e1ticas e modelos j\u00e1 testados em diferentes institui\u00e7\u00f5es do pa\u00eds\u201d, destaca.<\/span><\/p><p><span style=\"font-weight: 400;\">De acordo com a Federassantas, a iniciativa refor\u00e7a o compromisso da institui\u00e7\u00e3o com a qualifica\u00e7\u00e3o cont\u00ednua dos profissionais da sa\u00fade e com o fortalecimento da gest\u00e3o hospitalar nas Santas Casas e hospitais filantr\u00f3picos de Minas Gerais.<\/span><\/p><p><span style=\"font-weight: 400;\">Os m\u00f3dulos contam com a participa\u00e7\u00e3o de especialistas da \u00e1rea e profissionais com ampla experi\u00eancia na implementa\u00e7\u00e3o de modelos de gest\u00e3o assistencial, regula\u00e7\u00e3o hospitalar, Medicina Hospitalista e governan\u00e7a cl\u00ednica.<\/span><\/p><p><b>Hospitais e profissionais vinculados \u00e0s institui\u00e7\u00f5es associadas \u00e0 Federassantas contam com condi\u00e7\u00f5es especiais de participa\u00e7\u00e3o, com descontos exclusivos nas inscri\u00e7\u00f5es.<\/b><\/p><p><span style=\"font-weight: 400;\">As inscri\u00e7\u00f5es j\u00e1 est\u00e3o abertas e podem ser realizadas pelo site do CEC.<\/span><\/p><p><span style=\"font-weight: 400;\">\ud83d\udd17 <a href=\"https:\/\/tinyurl.com\/2s75bezr\">https:\/\/tinyurl.com\/2s75bezr<\/a><\/span><\/p>\t\t\t\t\t\t\t\t<\/div>\n\t\t\t\t<\/div>\n\t\t\t\t\t<\/div>\n\t\t<\/div>\n\t\t\t\t\t<\/div>\n\t\t<\/section>\n\t\t\t\t<\/div>\n\t\t","protected":false},"excerpt":{"rendered":"<p>A Federassantas, por meio do CEC \u2013 Centro de Educa\u00e7\u00e3o Continuada, lan\u00e7a uma nova forma\u00e7\u00e3o voltada ao fortalecimento da gest\u00e3o hospitalar e \u00e0 qualifica\u00e7\u00e3o das pr\u00e1ticas assistenciais nas institui\u00e7\u00f5es de sa\u00fade. Em parceria com a Efici\u00eancia Hospitalista, o programa \u201cEfici\u00eancia na Jornada do Paciente\u201d foi desenvolvido para capacitar profissionais e lideran\u00e7as hospitalares na organiza\u00e7\u00e3o e [&hellip;]<\/p>\n","protected":false},"author":1,"featured_media":39395,"comment_status":"closed","ping_status":"closed","sticky":false,"template":"","format":"standard","meta":{"footnotes":""},"categories":[207],"tags":[],"class_list":["post-39394","post","type-post","status-publish","format-standard","has-post-thumbnail","hentry","category-empresas-parceiras"],"yoast_head":"<!-- This site is optimized with the Yoast SEO plugin v26.9 - https:\/\/yoast.com\/product\/yoast-seo-wordpress\/ -->\n<title>Federassantas lan\u00e7a forma\u00e7\u00e3o estrat\u00e9gica sobre gest\u00e3o da jornada do paciente em parceria com a Efici\u00eancia Hospitalista - Federassantas<\/title>\n<meta name=\"robots\" content=\"index, follow, max-snippet:-1, max-image-preview:large, max-video-preview:-1\" \/>\n<link rel=\"canonical\" href=\"https:\/\/www.federassantas.org.br\/novosite\/federassantas-lanca-formacao-estrategica-sobre-gestao-da-jornada-do-paciente-em-parceria-com-a-eficiencia-hospitalista\/\" \/>\n<meta property=\"og:locale\" content=\"pt_BR\" \/>\n<meta property=\"og:type\" content=\"article\" \/>\n<meta property=\"og:title\" content=\"Federassantas lan\u00e7a forma\u00e7\u00e3o estrat\u00e9gica sobre gest\u00e3o da jornada do paciente em parceria com a Efici\u00eancia Hospitalista - Federassantas\" \/>\n<meta property=\"og:description\" content=\"A Federassantas, por meio do CEC \u2013 Centro de Educa\u00e7\u00e3o Continuada, lan\u00e7a uma nova forma\u00e7\u00e3o voltada ao fortalecimento da gest\u00e3o hospitalar e \u00e0 qualifica\u00e7\u00e3o das pr\u00e1ticas assistenciais nas institui\u00e7\u00f5es de sa\u00fade. Em parceria com a Efici\u00eancia Hospitalista, o programa \u201cEfici\u00eancia na Jornada do Paciente\u201d foi desenvolvido para capacitar profissionais e lideran\u00e7as hospitalares na organiza\u00e7\u00e3o e [&hellip;]\" \/>\n<meta property=\"og:url\" content=\"https:\/\/www.federassantas.org.br\/novosite\/federassantas-lanca-formacao-estrategica-sobre-gestao-da-jornada-do-paciente-em-parceria-com-a-eficiencia-hospitalista\/\" \/>\n<meta property=\"og:site_name\" content=\"Federassantas\" \/>\n<meta property=\"article:published_time\" content=\"2026-03-13T18:46:22+00:00\" \/>\n<meta property=\"article:modified_time\" content=\"2026-03-13T18:48:24+00:00\" \/>\n<meta property=\"og:image\" content=\"https:\/\/www.federassantas.org.br\/novosite\/wp-content\/uploads\/2026\/03\/BANNER-CAPA-SITE-CURSOS-EH-1120-x-730-px-1.jpg\" \/>\n\t<meta property=\"og:image:width\" content=\"1120\" \/>\n\t<meta property=\"og:image:height\" content=\"730\" \/>\n\t<meta property=\"og:image:type\" content=\"image\/jpeg\" \/>\n<meta name=\"author\" content=\"admin-federas\" \/>\n<meta name=\"twitter:card\" content=\"summary_large_image\" \/>\n<meta name=\"twitter:label1\" content=\"Escrito por\" \/>\n\t<meta name=\"twitter:data1\" content=\"admin-federas\" \/>\n\t<meta name=\"twitter:label2\" content=\"Est. tempo de leitura\" \/>\n\t<meta name=\"twitter:data2\" content=\"3 minutos\" \/>\n<script type=\"application\/ld+json\" class=\"yoast-schema-graph\">{\"@context\":\"https:\/\/schema.org\",\"@graph\":[{\"@type\":\"Article\",\"@id\":\"https:\/\/www.federassantas.org.br\/novosite\/federassantas-lanca-formacao-estrategica-sobre-gestao-da-jornada-do-paciente-em-parceria-com-a-eficiencia-hospitalista\/#article\",\"isPartOf\":{\"@id\":\"https:\/\/www.federassantas.org.br\/novosite\/federassantas-lanca-formacao-estrategica-sobre-gestao-da-jornada-do-paciente-em-parceria-com-a-eficiencia-hospitalista\/\"},\"author\":{\"name\":\"admin-federas\",\"@id\":\"https:\/\/www.federassantas.org.br\/novosite\/#\/schema\/person\/75fed98158349313fe56175f232f513c\"},\"headline\":\"Federassantas lan\u00e7a forma\u00e7\u00e3o estrat\u00e9gica sobre gest\u00e3o da jornada do paciente em parceria com a Efici\u00eancia Hospitalista\",\"datePublished\":\"2026-03-13T18:46:22+00:00\",\"dateModified\":\"2026-03-13T18:48:24+00:00\",\"mainEntityOfPage\":{\"@id\":\"https:\/\/www.federassantas.org.br\/novosite\/federassantas-lanca-formacao-estrategica-sobre-gestao-da-jornada-do-paciente-em-parceria-com-a-eficiencia-hospitalista\/\"},\"wordCount\":589,\"publisher\":{\"@id\":\"https:\/\/www.federassantas.org.br\/novosite\/#organization\"},\"image\":{\"@id\":\"https:\/\/www.federassantas.org.br\/novosite\/federassantas-lanca-formacao-estrategica-sobre-gestao-da-jornada-do-paciente-em-parceria-com-a-eficiencia-hospitalista\/#primaryimage\"},\"thumbnailUrl\":\"https:\/\/www.federassantas.org.br\/novosite\/wp-content\/uploads\/2026\/03\/BANNER-CAPA-SITE-CURSOS-EH-1120-x-730-px-1.jpg\",\"articleSection\":[\"Empresas Parceiras\"],\"inLanguage\":\"pt-BR\"},{\"@type\":\"WebPage\",\"@id\":\"https:\/\/www.federassantas.org.br\/novosite\/federassantas-lanca-formacao-estrategica-sobre-gestao-da-jornada-do-paciente-em-parceria-com-a-eficiencia-hospitalista\/\",\"url\":\"https:\/\/www.federassantas.org.br\/novosite\/federassantas-lanca-formacao-estrategica-sobre-gestao-da-jornada-do-paciente-em-parceria-com-a-eficiencia-hospitalista\/\",\"name\":\"Federassantas lan\u00e7a forma\u00e7\u00e3o estrat\u00e9gica sobre gest\u00e3o da jornada do paciente em parceria com a Efici\u00eancia Hospitalista - Federassantas\",\"isPartOf\":{\"@id\":\"https:\/\/www.federassantas.org.br\/novosite\/#website\"},\"primaryImageOfPage\":{\"@id\":\"https:\/\/www.federassantas.org.br\/novosite\/federassantas-lanca-formacao-estrategica-sobre-gestao-da-jornada-do-paciente-em-parceria-com-a-eficiencia-hospitalista\/#primaryimage\"},\"image\":{\"@id\":\"https:\/\/www.federassantas.org.br\/novosite\/federassantas-lanca-formacao-estrategica-sobre-gestao-da-jornada-do-paciente-em-parceria-com-a-eficiencia-hospitalista\/#primaryimage\"},\"thumbnailUrl\":\"https:\/\/www.federassantas.org.br\/novosite\/wp-content\/uploads\/2026\/03\/BANNER-CAPA-SITE-CURSOS-EH-1120-x-730-px-1.jpg\",\"datePublished\":\"2026-03-13T18:46:22+00:00\",\"dateModified\":\"2026-03-13T18:48:24+00:00\",\"breadcrumb\":{\"@id\":\"https:\/\/www.federassantas.org.br\/novosite\/federassantas-lanca-formacao-estrategica-sobre-gestao-da-jornada-do-paciente-em-parceria-com-a-eficiencia-hospitalista\/#breadcrumb\"},\"inLanguage\":\"pt-BR\",\"potentialAction\":[{\"@type\":\"ReadAction\",\"target\":[\"https:\/\/www.federassantas.org.br\/novosite\/federassantas-lanca-formacao-estrategica-sobre-gestao-da-jornada-do-paciente-em-parceria-com-a-eficiencia-hospitalista\/\"]}]},{\"@type\":\"ImageObject\",\"inLanguage\":\"pt-BR\",\"@id\":\"https:\/\/www.federassantas.org.br\/novosite\/federassantas-lanca-formacao-estrategica-sobre-gestao-da-jornada-do-paciente-em-parceria-com-a-eficiencia-hospitalista\/#primaryimage\",\"url\":\"https:\/\/www.federassantas.org.br\/novosite\/wp-content\/uploads\/2026\/03\/BANNER-CAPA-SITE-CURSOS-EH-1120-x-730-px-1.jpg\",\"contentUrl\":\"https:\/\/www.federassantas.org.br\/novosite\/wp-content\/uploads\/2026\/03\/BANNER-CAPA-SITE-CURSOS-EH-1120-x-730-px-1.jpg\",\"width\":1120,\"height\":730},{\"@type\":\"BreadcrumbList\",\"@id\":\"https:\/\/www.federassantas.org.br\/novosite\/federassantas-lanca-formacao-estrategica-sobre-gestao-da-jornada-do-paciente-em-parceria-com-a-eficiencia-hospitalista\/#breadcrumb\",\"itemListElement\":[{\"@type\":\"ListItem\",\"position\":1,\"name\":\"In\u00edcio\",\"item\":\"https:\/\/www.federassantas.org.br\/novosite\/\"},{\"@type\":\"ListItem\",\"position\":2,\"name\":\"Federassantas lan\u00e7a forma\u00e7\u00e3o estrat\u00e9gica sobre gest\u00e3o da jornada do paciente em parceria com a Efici\u00eancia Hospitalista\"}]},{\"@type\":\"WebSite\",\"@id\":\"https:\/\/www.federassantas.org.br\/novosite\/#website\",\"url\":\"https:\/\/www.federassantas.org.br\/novosite\/\",\"name\":\"Federassantas\",\"description\":\"Fed. das Santas Casas e Hospitais Filantr\u00f3picos de MG\",\"publisher\":{\"@id\":\"https:\/\/www.federassantas.org.br\/novosite\/#organization\"},\"potentialAction\":[{\"@type\":\"SearchAction\",\"target\":{\"@type\":\"EntryPoint\",\"urlTemplate\":\"https:\/\/www.federassantas.org.br\/novosite\/?s={search_term_string}\"},\"query-input\":{\"@type\":\"PropertyValueSpecification\",\"valueRequired\":true,\"valueName\":\"search_term_string\"}}],\"inLanguage\":\"pt-BR\"},{\"@type\":\"Organization\",\"@id\":\"https:\/\/www.federassantas.org.br\/novosite\/#organization\",\"name\":\"Federassantas\",\"url\":\"https:\/\/www.federassantas.org.br\/novosite\/\",\"logo\":{\"@type\":\"ImageObject\",\"inLanguage\":\"pt-BR\",\"@id\":\"https:\/\/www.federassantas.org.br\/novosite\/#\/schema\/logo\/image\/\",\"url\":\"https:\/\/www.federassantas.org.br\/novosite\/wp-content\/uploads\/2021\/12\/logo.png\",\"contentUrl\":\"https:\/\/www.federassantas.org.br\/novosite\/wp-content\/uploads\/2021\/12\/logo.png\",\"width\":243,\"height\":59,\"caption\":\"Federassantas\"},\"image\":{\"@id\":\"https:\/\/www.federassantas.org.br\/novosite\/#\/schema\/logo\/image\/\"}},{\"@type\":\"Person\",\"@id\":\"https:\/\/www.federassantas.org.br\/novosite\/#\/schema\/person\/75fed98158349313fe56175f232f513c\",\"name\":\"admin-federas\",\"image\":{\"@type\":\"ImageObject\",\"inLanguage\":\"pt-BR\",\"@id\":\"https:\/\/www.federassantas.org.br\/novosite\/#\/schema\/person\/image\/\",\"url\":\"https:\/\/secure.gravatar.com\/avatar\/2a02d7dda59fe8dc6b7ffd3f652e2efede5ccf0dd89dfdc8137c5517f3de8407?s=96&d=mm&r=g\",\"contentUrl\":\"https:\/\/secure.gravatar.com\/avatar\/2a02d7dda59fe8dc6b7ffd3f652e2efede5ccf0dd89dfdc8137c5517f3de8407?s=96&d=mm&r=g\",\"caption\":\"admin-federas\"},\"sameAs\":[\"https:\/\/www.federassantas.org.br\/novosite\/\"],\"url\":\"https:\/\/www.federassantas.org.br\/novosite\/author\/admin-federas\/\"}]}<\/script>\n<!-- \/ Yoast SEO plugin. -->","yoast_head_json":{"title":"Federassantas lan\u00e7a forma\u00e7\u00e3o estrat\u00e9gica sobre gest\u00e3o da jornada do paciente em parceria com a Efici\u00eancia Hospitalista - Federassantas","robots":{"index":"index","follow":"follow","max-snippet":"max-snippet:-1","max-image-preview":"max-image-preview:large","max-video-preview":"max-video-preview:-1"},"canonical":"https:\/\/www.federassantas.org.br\/novosite\/federassantas-lanca-formacao-estrategica-sobre-gestao-da-jornada-do-paciente-em-parceria-com-a-eficiencia-hospitalista\/","og_locale":"pt_BR","og_type":"article","og_title":"Federassantas lan\u00e7a forma\u00e7\u00e3o estrat\u00e9gica sobre gest\u00e3o da jornada do paciente em parceria com a Efici\u00eancia Hospitalista - Federassantas","og_description":"A Federassantas, por meio do CEC \u2013 Centro de Educa\u00e7\u00e3o Continuada, lan\u00e7a uma nova forma\u00e7\u00e3o voltada ao fortalecimento da gest\u00e3o hospitalar e \u00e0 qualifica\u00e7\u00e3o das pr\u00e1ticas assistenciais nas institui\u00e7\u00f5es de sa\u00fade. Em parceria com a Efici\u00eancia Hospitalista, o programa \u201cEfici\u00eancia na Jornada do Paciente\u201d foi desenvolvido para capacitar profissionais e lideran\u00e7as hospitalares na organiza\u00e7\u00e3o e [&hellip;]","og_url":"https:\/\/www.federassantas.org.br\/novosite\/federassantas-lanca-formacao-estrategica-sobre-gestao-da-jornada-do-paciente-em-parceria-com-a-eficiencia-hospitalista\/","og_site_name":"Federassantas","article_published_time":"2026-03-13T18:46:22+00:00","article_modified_time":"2026-03-13T18:48:24+00:00","og_image":[{"width":1120,"height":730,"url":"https:\/\/www.federassantas.org.br\/novosite\/wp-content\/uploads\/2026\/03\/BANNER-CAPA-SITE-CURSOS-EH-1120-x-730-px-1.jpg","type":"image\/jpeg"}],"author":"admin-federas","twitter_card":"summary_large_image","twitter_misc":{"Escrito por":"admin-federas","Est. tempo de leitura":"3 minutos"},"schema":{"@context":"https:\/\/schema.org","@graph":[{"@type":"Article","@id":"https:\/\/www.federassantas.org.br\/novosite\/federassantas-lanca-formacao-estrategica-sobre-gestao-da-jornada-do-paciente-em-parceria-com-a-eficiencia-hospitalista\/#article","isPartOf":{"@id":"https:\/\/www.federassantas.org.br\/novosite\/federassantas-lanca-formacao-estrategica-sobre-gestao-da-jornada-do-paciente-em-parceria-com-a-eficiencia-hospitalista\/"},"author":{"name":"admin-federas","@id":"https:\/\/www.federassantas.org.br\/novosite\/#\/schema\/person\/75fed98158349313fe56175f232f513c"},"headline":"Federassantas lan\u00e7a forma\u00e7\u00e3o estrat\u00e9gica sobre gest\u00e3o da jornada do paciente em parceria com a Efici\u00eancia Hospitalista","datePublished":"2026-03-13T18:46:22+00:00","dateModified":"2026-03-13T18:48:24+00:00","mainEntityOfPage":{"@id":"https:\/\/www.federassantas.org.br\/novosite\/federassantas-lanca-formacao-estrategica-sobre-gestao-da-jornada-do-paciente-em-parceria-com-a-eficiencia-hospitalista\/"},"wordCount":589,"publisher":{"@id":"https:\/\/www.federassantas.org.br\/novosite\/#organization"},"image":{"@id":"https:\/\/www.federassantas.org.br\/novosite\/federassantas-lanca-formacao-estrategica-sobre-gestao-da-jornada-do-paciente-em-parceria-com-a-eficiencia-hospitalista\/#primaryimage"},"thumbnailUrl":"https:\/\/www.federassantas.org.br\/novosite\/wp-content\/uploads\/2026\/03\/BANNER-CAPA-SITE-CURSOS-EH-1120-x-730-px-1.jpg","articleSection":["Empresas Parceiras"],"inLanguage":"pt-BR"},{"@type":"WebPage","@id":"https:\/\/www.federassantas.org.br\/novosite\/federassantas-lanca-formacao-estrategica-sobre-gestao-da-jornada-do-paciente-em-parceria-com-a-eficiencia-hospitalista\/","url":"https:\/\/www.federassantas.org.br\/novosite\/federassantas-lanca-formacao-estrategica-sobre-gestao-da-jornada-do-paciente-em-parceria-com-a-eficiencia-hospitalista\/","name":"Federassantas lan\u00e7a forma\u00e7\u00e3o estrat\u00e9gica sobre gest\u00e3o da jornada do paciente em parceria com a Efici\u00eancia Hospitalista - Federassantas","isPartOf":{"@id":"https:\/\/www.federassantas.org.br\/novosite\/#website"},"primaryImageOfPage":{"@id":"https:\/\/www.federassantas.org.br\/novosite\/federassantas-lanca-formacao-estrategica-sobre-gestao-da-jornada-do-paciente-em-parceria-com-a-eficiencia-hospitalista\/#primaryimage"},"image":{"@id":"https:\/\/www.federassantas.org.br\/novosite\/federassantas-lanca-formacao-estrategica-sobre-gestao-da-jornada-do-paciente-em-parceria-com-a-eficiencia-hospitalista\/#primaryimage"},"thumbnailUrl":"https:\/\/www.federassantas.org.br\/novosite\/wp-content\/uploads\/2026\/03\/BANNER-CAPA-SITE-CURSOS-EH-1120-x-730-px-1.jpg","datePublished":"2026-03-13T18:46:22+00:00","dateModified":"2026-03-13T18:48:24+00:00","breadcrumb":{"@id":"https:\/\/www.federassantas.org.br\/novosite\/federassantas-lanca-formacao-estrategica-sobre-gestao-da-jornada-do-paciente-em-parceria-com-a-eficiencia-hospitalista\/#breadcrumb"},"inLanguage":"pt-BR","potentialAction":[{"@type":"ReadAction","target":["https:\/\/www.federassantas.org.br\/novosite\/federassantas-lanca-formacao-estrategica-sobre-gestao-da-jornada-do-paciente-em-parceria-com-a-eficiencia-hospitalista\/"]}]},{"@type":"ImageObject","inLanguage":"pt-BR","@id":"https:\/\/www.federassantas.org.br\/novosite\/federassantas-lanca-formacao-estrategica-sobre-gestao-da-jornada-do-paciente-em-parceria-com-a-eficiencia-hospitalista\/#primaryimage","url":"https:\/\/www.federassantas.org.br\/novosite\/wp-content\/uploads\/2026\/03\/BANNER-CAPA-SITE-CURSOS-EH-1120-x-730-px-1.jpg","contentUrl":"https:\/\/www.federassantas.org.br\/novosite\/wp-content\/uploads\/2026\/03\/BANNER-CAPA-SITE-CURSOS-EH-1120-x-730-px-1.jpg","width":1120,"height":730},{"@type":"BreadcrumbList","@id":"https:\/\/www.federassantas.org.br\/novosite\/federassantas-lanca-formacao-estrategica-sobre-gestao-da-jornada-do-paciente-em-parceria-com-a-eficiencia-hospitalista\/#breadcrumb","itemListElement":[{"@type":"ListItem","position":1,"name":"In\u00edcio","item":"https:\/\/www.federassantas.org.br\/novosite\/"},{"@type":"ListItem","position":2,"name":"Federassantas lan\u00e7a forma\u00e7\u00e3o estrat\u00e9gica sobre gest\u00e3o da jornada do paciente em parceria com a Efici\u00eancia Hospitalista"}]},{"@type":"WebSite","@id":"https:\/\/www.federassantas.org.br\/novosite\/#website","url":"https:\/\/www.federassantas.org.br\/novosite\/","name":"Federassantas","description":"Fed. das Santas Casas e Hospitais Filantr\u00f3picos de MG","publisher":{"@id":"https:\/\/www.federassantas.org.br\/novosite\/#organization"},"potentialAction":[{"@type":"SearchAction","target":{"@type":"EntryPoint","urlTemplate":"https:\/\/www.federassantas.org.br\/novosite\/?s={search_term_string}"},"query-input":{"@type":"PropertyValueSpecification","valueRequired":true,"valueName":"search_term_string"}}],"inLanguage":"pt-BR"},{"@type":"Organization","@id":"https:\/\/www.federassantas.org.br\/novosite\/#organization","name":"Federassantas","url":"https:\/\/www.federassantas.org.br\/novosite\/","logo":{"@type":"ImageObject","inLanguage":"pt-BR","@id":"https:\/\/www.federassantas.org.br\/novosite\/#\/schema\/logo\/image\/","url":"https:\/\/www.federassantas.org.br\/novosite\/wp-content\/uploads\/2021\/12\/logo.png","contentUrl":"https:\/\/www.federassantas.org.br\/novosite\/wp-content\/uploads\/2021\/12\/logo.png","width":243,"height":59,"caption":"Federassantas"},"image":{"@id":"https:\/\/www.federassantas.org.br\/novosite\/#\/schema\/logo\/image\/"}},{"@type":"Person","@id":"https:\/\/www.federassantas.org.br\/novosite\/#\/schema\/person\/75fed98158349313fe56175f232f513c","name":"admin-federas","image":{"@type":"ImageObject","inLanguage":"pt-BR","@id":"https:\/\/www.federassantas.org.br\/novosite\/#\/schema\/person\/image\/","url":"https:\/\/secure.gravatar.com\/avatar\/2a02d7dda59fe8dc6b7ffd3f652e2efede5ccf0dd89dfdc8137c5517f3de8407?s=96&d=mm&r=g","contentUrl":"https:\/\/secure.gravatar.com\/avatar\/2a02d7dda59fe8dc6b7ffd3f652e2efede5ccf0dd89dfdc8137c5517f3de8407?s=96&d=mm&r=g","caption":"admin-federas"},"sameAs":["https:\/\/www.federassantas.org.br\/novosite\/"],"url":"https:\/\/www.federassantas.org.br\/novosite\/author\/admin-federas\/"}]}},"_links":{"self":[{"href":"https:\/\/www.federassantas.org.br\/novosite\/wp-json\/wp\/v2\/posts\/39394","targetHints":{"allow":["GET"]}}],"collection":[{"href":"https:\/\/www.federassantas.org.br\/novosite\/wp-json\/wp\/v2\/posts"}],"about":[{"href":"https:\/\/www.federassantas.org.br\/novosite\/wp-json\/wp\/v2\/types\/post"}],"author":[{"embeddable":true,"href":"https:\/\/www.federassantas.org.br\/novosite\/wp-json\/wp\/v2\/users\/1"}],"replies":[{"embeddable":true,"href":"https:\/\/www.federassantas.org.br\/novosite\/wp-json\/wp\/v2\/comments?post=39394"}],"version-history":[{"count":4,"href":"https:\/\/www.federassantas.org.br\/novosite\/wp-json\/wp\/v2\/posts\/39394\/revisions"}],"predecessor-version":[{"id":39399,"href":"https:\/\/www.federassantas.org.br\/novosite\/wp-json\/wp\/v2\/posts\/39394\/revisions\/39399"}],"wp:featuredmedia":[{"embeddable":true,"href":"https:\/\/www.federassantas.org.br\/novosite\/wp-json\/wp\/v2\/media\/39395"}],"wp:attachment":[{"href":"https:\/\/www.federassantas.org.br\/novosite\/wp-json\/wp\/v2\/media?parent=39394"}],"wp:term":[{"taxonomy":"category","embeddable":true,"href":"https:\/\/www.federassantas.org.br\/novosite\/wp-json\/wp\/v2\/categories?post=39394"},{"taxonomy":"post_tag","embeddable":true,"href":"https:\/\/www.federassantas.org.br\/novosite\/wp-json\/wp\/v2\/tags?post=39394"}],"curies":[{"name":"wp","href":"https:\/\/api.w.org\/{rel}","templated":true}]}}