{"id":40195,"date":"2026-09-03T18:32:53","date_gmt":"2026-09-03T21:32:53","guid":{"rendered":"https:\/\/www.federassantas.org.br\/novosite\/?p=40195"},"modified":"2026-09-03T18:33:05","modified_gmt":"2026-09-03T21:33:05","slug":"presidente-da-federassantas-participa-de-evento-sobre-contratualizacao-hospitalar-no-sus","status":"publish","type":"post","link":"https:\/\/www.federassantas.org.br\/novosite\/presidente-da-federassantas-participa-de-evento-sobre-contratualizacao-hospitalar-no-sus\/","title":{"rendered":"Presidente da Federassantas participa de evento sobre contratualiza\u00e7\u00e3o hospitalar no SUS"},"content":{"rendered":"\t\t<div data-elementor-type=\"wp-post\" data-elementor-id=\"40195\" class=\"elementor elementor-40195\" data-elementor-post-type=\"post\">\n\t\t\t\t\t\t<section class=\"elementor-section elementor-top-section elementor-element elementor-element-1edf4c1 elementor-section-boxed elementor-section-height-default elementor-section-height-default\" data-id=\"1edf4c1\" data-element_type=\"section\" data-e-type=\"section\">\n\t\t\t\t\t\t<div class=\"elementor-container elementor-column-gap-default\">\n\t\t\t\t\t<div class=\"elementor-column elementor-col-100 elementor-top-column elementor-element elementor-element-658aabf\" data-id=\"658aabf\" data-element_type=\"column\" data-e-type=\"column\">\n\t\t\t<div class=\"elementor-widget-wrap elementor-element-populated\">\n\t\t\t\t\t\t<div class=\"elementor-element elementor-element-0c0be7e elementor-widget elementor-widget-text-editor\" data-id=\"0c0be7e\" data-element_type=\"widget\" data-e-type=\"widget\" data-widget_type=\"text-editor.default\">\n\t\t\t\t<div class=\"elementor-widget-container\">\n\t\t\t\t\t\t\t\t\t<p>A presidente da Federassantas, K\u00e1tia Rocha, participou, nesta quinta-feira, 3 de setembro, no Rio de Janeiro, do evento \u201cContratualiza\u00e7\u00e3o no SUS: Controle, Avalia\u00e7\u00e3o e Governan\u00e7a da Assist\u00eancia\u201d, promovido pelo Centro de Apoio Operacional das Promotorias de Justi\u00e7a de Tutela Coletiva da Sa\u00fade do Minist\u00e9rio P\u00fablico do Estado do Rio de Janeiro (MPRJ\/CAO Sa\u00fade).<\/p>\n<p>Realizado no audit\u00f3rio do MPRJ, o encontro reuniu representantes de \u00f3rg\u00e3os p\u00fablicos, entidades hospitalares e gestores do Sistema \u00danico de Sa\u00fade para tratar dos processos de contratualiza\u00e7\u00e3o, controle e avalia\u00e7\u00e3o da assist\u00eancia.<\/p>\n<p>A Federassantas apresentou o tema \u201cEstudo de custos, forma\u00e7\u00e3o de pre\u00e7os e apura\u00e7\u00e3o de resultados para a contratualiza\u00e7\u00e3o dos hospitais filantr\u00f3picos\u201d, com a participa\u00e7\u00e3o da presidente K\u00e1tia Rocha e do ex-superintendente Adelziso Vidal, conhecido como J\u00fanior.<\/p>\n<p>A programa\u00e7\u00e3o incluiu, ainda, uma apresenta\u00e7\u00e3o sobre o instrutivo de contratualiza\u00e7\u00e3o, controle e avalia\u00e7\u00e3o, conduzida por Marcelo Rodrigues, da Superintend\u00eancia de Aten\u00e7\u00e3o Especializada, Controle e Avalia\u00e7\u00e3o da Secretaria de Estado de Sa\u00fade do Rio de Janeiro, e Roberto Nabarro, da Federa\u00e7\u00e3o das Miseric\u00f3rdias e Entidades Filantr\u00f3picas e Beneficentes do Estado do Rio de Janeiro (FEMERJ).<\/p>\n<p>Ao final das apresenta\u00e7\u00f5es, os participantes debateram os temas abordados durante o encontro.<\/p>\t\t\t\t\t\t\t\t<\/div>\n\t\t\t\t<\/div>\n\t\t\t\t\t<\/div>\n\t\t<\/div>\n\t\t\t\t\t<\/div>\n\t\t<\/section>\n\t\t\t\t<\/div>\n\t\t","protected":false},"excerpt":{"rendered":"<p>A presidente da Federassantas, K\u00e1tia Rocha, participou, nesta quinta-feira, 3 de setembro, no Rio de Janeiro, do evento \u201cContratualiza\u00e7\u00e3o no SUS: Controle, Avalia\u00e7\u00e3o e Governan\u00e7a da Assist\u00eancia\u201d, promovido pelo Centro de Apoio Operacional das Promotorias de Justi\u00e7a de Tutela Coletiva da Sa\u00fade do Minist\u00e9rio P\u00fablico do Estado do Rio de Janeiro (MPRJ\/CAO Sa\u00fade). Realizado no [&hellip;]<\/p>\n","protected":false},"author":1,"featured_media":40201,"comment_status":"closed","ping_status":"closed","sticky":false,"template":"","format":"standard","meta":{"footnotes":""},"categories":[141,1],"tags":[],"class_list":["post-40195","post","type-post","status-publish","format-standard","has-post-thumbnail","hentry","category-noticias-federassantas","category-sem-categoria"],"yoast_head":"<!-- This site is optimized with the Yoast SEO plugin v26.9 - https:\/\/yoast.com\/product\/yoast-seo-wordpress\/ -->\n<title>Presidente da Federassantas participa de evento sobre contratualiza\u00e7\u00e3o hospitalar no SUS - Federassantas<\/title>\n<meta name=\"robots\" content=\"index, follow, max-snippet:-1, max-image-preview:large, max-video-preview:-1\" \/>\n<link rel=\"canonical\" href=\"https:\/\/www.federassantas.org.br\/novosite\/presidente-da-federassantas-participa-de-evento-sobre-contratualizacao-hospitalar-no-sus\/\" \/>\n<meta property=\"og:locale\" content=\"pt_BR\" \/>\n<meta property=\"og:type\" content=\"article\" \/>\n<meta property=\"og:title\" content=\"Presidente da Federassantas participa de evento sobre contratualiza\u00e7\u00e3o hospitalar no SUS - Federassantas\" \/>\n<meta property=\"og:description\" content=\"A presidente da Federassantas, K\u00e1tia Rocha, participou, nesta quinta-feira, 3 de setembro, no Rio de Janeiro, do evento \u201cContratualiza\u00e7\u00e3o no SUS: Controle, Avalia\u00e7\u00e3o e Governan\u00e7a da Assist\u00eancia\u201d, promovido pelo Centro de Apoio Operacional das Promotorias de Justi\u00e7a de Tutela Coletiva da Sa\u00fade do Minist\u00e9rio P\u00fablico do Estado do Rio de Janeiro (MPRJ\/CAO Sa\u00fade). Realizado no [&hellip;]\" \/>\n<meta property=\"og:url\" content=\"https:\/\/www.federassantas.org.br\/novosite\/presidente-da-federassantas-participa-de-evento-sobre-contratualizacao-hospitalar-no-sus\/\" \/>\n<meta property=\"og:site_name\" content=\"Federassantas\" \/>\n<meta property=\"article:published_time\" content=\"2026-09-03T21:32:53+00:00\" \/>\n<meta property=\"article:modified_time\" content=\"2026-09-03T21:33:05+00:00\" \/>\n<meta property=\"og:image\" content=\"https:\/\/www.federassantas.org.br\/novosite\/wp-content\/uploads\/2026\/09\/Banner-Site-2026.png\" \/>\n\t<meta property=\"og:image:width\" content=\"1601\" \/>\n\t<meta property=\"og:image:height\" content=\"1080\" \/>\n\t<meta property=\"og:image:type\" content=\"image\/png\" \/>\n<meta name=\"author\" content=\"admin-federas\" \/>\n<meta name=\"twitter:card\" content=\"summary_large_image\" \/>\n<meta name=\"twitter:label1\" content=\"Escrito por\" \/>\n\t<meta name=\"twitter:data1\" content=\"admin-federas\" \/>\n\t<meta name=\"twitter:label2\" content=\"Est. tempo de leitura\" \/>\n\t<meta name=\"twitter:data2\" content=\"2 minutos\" \/>\n<script type=\"application\/ld+json\" class=\"yoast-schema-graph\">{\"@context\":\"https:\/\/schema.org\",\"@graph\":[{\"@type\":\"Article\",\"@id\":\"https:\/\/www.federassantas.org.br\/novosite\/presidente-da-federassantas-participa-de-evento-sobre-contratualizacao-hospitalar-no-sus\/#article\",\"isPartOf\":{\"@id\":\"https:\/\/www.federassantas.org.br\/novosite\/presidente-da-federassantas-participa-de-evento-sobre-contratualizacao-hospitalar-no-sus\/\"},\"author\":{\"name\":\"admin-federas\",\"@id\":\"https:\/\/www.federassantas.org.br\/novosite\/#\/schema\/person\/75fed98158349313fe56175f232f513c\"},\"headline\":\"Presidente da Federassantas participa de evento sobre contratualiza\u00e7\u00e3o hospitalar no SUS\",\"datePublished\":\"2026-09-03T21:32:53+00:00\",\"dateModified\":\"2026-09-03T21:33:05+00:00\",\"mainEntityOfPage\":{\"@id\":\"https:\/\/www.federassantas.org.br\/novosite\/presidente-da-federassantas-participa-de-evento-sobre-contratualizacao-hospitalar-no-sus\/\"},\"wordCount\":238,\"publisher\":{\"@id\":\"https:\/\/www.federassantas.org.br\/novosite\/#organization\"},\"image\":{\"@id\":\"https:\/\/www.federassantas.org.br\/novosite\/presidente-da-federassantas-participa-de-evento-sobre-contratualizacao-hospitalar-no-sus\/#primaryimage\"},\"thumbnailUrl\":\"https:\/\/www.federassantas.org.br\/novosite\/wp-content\/uploads\/2026\/09\/Banner-Site-2026.png\",\"articleSection\":[\"Not\u00edcias Federassantas\"],\"inLanguage\":\"pt-BR\"},{\"@type\":\"WebPage\",\"@id\":\"https:\/\/www.federassantas.org.br\/novosite\/presidente-da-federassantas-participa-de-evento-sobre-contratualizacao-hospitalar-no-sus\/\",\"url\":\"https:\/\/www.federassantas.org.br\/novosite\/presidente-da-federassantas-participa-de-evento-sobre-contratualizacao-hospitalar-no-sus\/\",\"name\":\"Presidente da Federassantas participa de evento sobre contratualiza\u00e7\u00e3o hospitalar no SUS - Federassantas\",\"isPartOf\":{\"@id\":\"https:\/\/www.federassantas.org.br\/novosite\/#website\"},\"primaryImageOfPage\":{\"@id\":\"https:\/\/www.federassantas.org.br\/novosite\/presidente-da-federassantas-participa-de-evento-sobre-contratualizacao-hospitalar-no-sus\/#primaryimage\"},\"image\":{\"@id\":\"https:\/\/www.federassantas.org.br\/novosite\/presidente-da-federassantas-participa-de-evento-sobre-contratualizacao-hospitalar-no-sus\/#primaryimage\"},\"thumbnailUrl\":\"https:\/\/www.federassantas.org.br\/novosite\/wp-content\/uploads\/2026\/09\/Banner-Site-2026.png\",\"datePublished\":\"2026-09-03T21:32:53+00:00\",\"dateModified\":\"2026-09-03T21:33:05+00:00\",\"breadcrumb\":{\"@id\":\"https:\/\/www.federassantas.org.br\/novosite\/presidente-da-federassantas-participa-de-evento-sobre-contratualizacao-hospitalar-no-sus\/#breadcrumb\"},\"inLanguage\":\"pt-BR\",\"potentialAction\":[{\"@type\":\"ReadAction\",\"target\":[\"https:\/\/www.federassantas.org.br\/novosite\/presidente-da-federassantas-participa-de-evento-sobre-contratualizacao-hospitalar-no-sus\/\"]}]},{\"@type\":\"ImageObject\",\"inLanguage\":\"pt-BR\",\"@id\":\"https:\/\/www.federassantas.org.br\/novosite\/presidente-da-federassantas-participa-de-evento-sobre-contratualizacao-hospitalar-no-sus\/#primaryimage\",\"url\":\"https:\/\/www.federassantas.org.br\/novosite\/wp-content\/uploads\/2026\/09\/Banner-Site-2026.png\",\"contentUrl\":\"https:\/\/www.federassantas.org.br\/novosite\/wp-content\/uploads\/2026\/09\/Banner-Site-2026.png\",\"width\":1601,\"height\":1080},{\"@type\":\"BreadcrumbList\",\"@id\":\"https:\/\/www.federassantas.org.br\/novosite\/presidente-da-federassantas-participa-de-evento-sobre-contratualizacao-hospitalar-no-sus\/#breadcrumb\",\"itemListElement\":[{\"@type\":\"ListItem\",\"position\":1,\"name\":\"In\u00edcio\",\"item\":\"https:\/\/www.federassantas.org.br\/novosite\/\"},{\"@type\":\"ListItem\",\"position\":2,\"name\":\"Presidente da Federassantas participa de evento sobre contratualiza\u00e7\u00e3o hospitalar no SUS\"}]},{\"@type\":\"WebSite\",\"@id\":\"https:\/\/www.federassantas.org.br\/novosite\/#website\",\"url\":\"https:\/\/www.federassantas.org.br\/novosite\/\",\"name\":\"Federassantas\",\"description\":\"Entidade de representa\u00e7\u00e3o e fortalecimento das Santas Casas, hospitais filantr\u00f3picos e entidades beneficentes de sa\u00fade de Minas Gerais, atuando na defesa institucional, qualifica\u00e7\u00e3o da gest\u00e3o e sustentabilidade do setor.\",\"publisher\":{\"@id\":\"https:\/\/www.federassantas.org.br\/novosite\/#organization\"},\"potentialAction\":[{\"@type\":\"SearchAction\",\"target\":{\"@type\":\"EntryPoint\",\"urlTemplate\":\"https:\/\/www.federassantas.org.br\/novosite\/?s={search_term_string}\"},\"query-input\":{\"@type\":\"PropertyValueSpecification\",\"valueRequired\":true,\"valueName\":\"search_term_string\"}}],\"inLanguage\":\"pt-BR\"},{\"@type\":\"Organization\",\"@id\":\"https:\/\/www.federassantas.org.br\/novosite\/#organization\",\"name\":\"Federassantas\",\"url\":\"https:\/\/www.federassantas.org.br\/novosite\/\",\"logo\":{\"@type\":\"ImageObject\",\"inLanguage\":\"pt-BR\",\"@id\":\"https:\/\/www.federassantas.org.br\/novosite\/#\/schema\/logo\/image\/\",\"url\":\"https:\/\/www.federassantas.org.br\/novosite\/wp-content\/uploads\/2021\/12\/logo.png\",\"contentUrl\":\"https:\/\/www.federassantas.org.br\/novosite\/wp-content\/uploads\/2021\/12\/logo.png\",\"width\":243,\"height\":59,\"caption\":\"Federassantas\"},\"image\":{\"@id\":\"https:\/\/www.federassantas.org.br\/novosite\/#\/schema\/logo\/image\/\"}},{\"@type\":\"Person\",\"@id\":\"https:\/\/www.federassantas.org.br\/novosite\/#\/schema\/person\/75fed98158349313fe56175f232f513c\",\"name\":\"admin-federas\",\"image\":{\"@type\":\"ImageObject\",\"inLanguage\":\"pt-BR\",\"@id\":\"https:\/\/www.federassantas.org.br\/novosite\/#\/schema\/person\/image\/\",\"url\":\"https:\/\/secure.gravatar.com\/avatar\/2a02d7dda59fe8dc6b7ffd3f652e2efede5ccf0dd89dfdc8137c5517f3de8407?s=96&d=mm&r=g\",\"contentUrl\":\"https:\/\/secure.gravatar.com\/avatar\/2a02d7dda59fe8dc6b7ffd3f652e2efede5ccf0dd89dfdc8137c5517f3de8407?s=96&d=mm&r=g\",\"caption\":\"admin-federas\"},\"sameAs\":[\"https:\/\/www.federassantas.org.br\/novosite\/\"],\"url\":\"https:\/\/www.federassantas.org.br\/novosite\/author\/admin-federas\/\"}]}<\/script>\n<!-- \/ Yoast SEO plugin. -->","yoast_head_json":{"title":"Presidente da Federassantas participa de evento sobre contratualiza\u00e7\u00e3o hospitalar no SUS - Federassantas","robots":{"index":"index","follow":"follow","max-snippet":"max-snippet:-1","max-image-preview":"max-image-preview:large","max-video-preview":"max-video-preview:-1"},"canonical":"https:\/\/www.federassantas.org.br\/novosite\/presidente-da-federassantas-participa-de-evento-sobre-contratualizacao-hospitalar-no-sus\/","og_locale":"pt_BR","og_type":"article","og_title":"Presidente da Federassantas participa de evento sobre contratualiza\u00e7\u00e3o hospitalar no SUS - Federassantas","og_description":"A presidente da Federassantas, K\u00e1tia Rocha, participou, nesta quinta-feira, 3 de setembro, no Rio de Janeiro, do evento \u201cContratualiza\u00e7\u00e3o no SUS: Controle, Avalia\u00e7\u00e3o e Governan\u00e7a da Assist\u00eancia\u201d, promovido pelo Centro de Apoio Operacional das Promotorias de Justi\u00e7a de Tutela Coletiva da Sa\u00fade do Minist\u00e9rio P\u00fablico do Estado do Rio de Janeiro (MPRJ\/CAO Sa\u00fade). Realizado no [&hellip;]","og_url":"https:\/\/www.federassantas.org.br\/novosite\/presidente-da-federassantas-participa-de-evento-sobre-contratualizacao-hospitalar-no-sus\/","og_site_name":"Federassantas","article_published_time":"2026-09-03T21:32:53+00:00","article_modified_time":"2026-09-03T21:33:05+00:00","og_image":[{"width":1601,"height":1080,"url":"https:\/\/www.federassantas.org.br\/novosite\/wp-content\/uploads\/2026\/09\/Banner-Site-2026.png","type":"image\/png"}],"author":"admin-federas","twitter_card":"summary_large_image","twitter_misc":{"Escrito por":"admin-federas","Est. tempo de leitura":"2 minutos"},"schema":{"@context":"https:\/\/schema.org","@graph":[{"@type":"Article","@id":"https:\/\/www.federassantas.org.br\/novosite\/presidente-da-federassantas-participa-de-evento-sobre-contratualizacao-hospitalar-no-sus\/#article","isPartOf":{"@id":"https:\/\/www.federassantas.org.br\/novosite\/presidente-da-federassantas-participa-de-evento-sobre-contratualizacao-hospitalar-no-sus\/"},"author":{"name":"admin-federas","@id":"https:\/\/www.federassantas.org.br\/novosite\/#\/schema\/person\/75fed98158349313fe56175f232f513c"},"headline":"Presidente da Federassantas participa de evento sobre contratualiza\u00e7\u00e3o hospitalar no SUS","datePublished":"2026-09-03T21:32:53+00:00","dateModified":"2026-09-03T21:33:05+00:00","mainEntityOfPage":{"@id":"https:\/\/www.federassantas.org.br\/novosite\/presidente-da-federassantas-participa-de-evento-sobre-contratualizacao-hospitalar-no-sus\/"},"wordCount":238,"publisher":{"@id":"https:\/\/www.federassantas.org.br\/novosite\/#organization"},"image":{"@id":"https:\/\/www.federassantas.org.br\/novosite\/presidente-da-federassantas-participa-de-evento-sobre-contratualizacao-hospitalar-no-sus\/#primaryimage"},"thumbnailUrl":"https:\/\/www.federassantas.org.br\/novosite\/wp-content\/uploads\/2026\/09\/Banner-Site-2026.png","articleSection":["Not\u00edcias Federassantas"],"inLanguage":"pt-BR"},{"@type":"WebPage","@id":"https:\/\/www.federassantas.org.br\/novosite\/presidente-da-federassantas-participa-de-evento-sobre-contratualizacao-hospitalar-no-sus\/","url":"https:\/\/www.federassantas.org.br\/novosite\/presidente-da-federassantas-participa-de-evento-sobre-contratualizacao-hospitalar-no-sus\/","name":"Presidente da Federassantas participa de evento sobre contratualiza\u00e7\u00e3o hospitalar no SUS - Federassantas","isPartOf":{"@id":"https:\/\/www.federassantas.org.br\/novosite\/#website"},"primaryImageOfPage":{"@id":"https:\/\/www.federassantas.org.br\/novosite\/presidente-da-federassantas-participa-de-evento-sobre-contratualizacao-hospitalar-no-sus\/#primaryimage"},"image":{"@id":"https:\/\/www.federassantas.org.br\/novosite\/presidente-da-federassantas-participa-de-evento-sobre-contratualizacao-hospitalar-no-sus\/#primaryimage"},"thumbnailUrl":"https:\/\/www.federassantas.org.br\/novosite\/wp-content\/uploads\/2026\/09\/Banner-Site-2026.png","datePublished":"2026-09-03T21:32:53+00:00","dateModified":"2026-09-03T21:33:05+00:00","breadcrumb":{"@id":"https:\/\/www.federassantas.org.br\/novosite\/presidente-da-federassantas-participa-de-evento-sobre-contratualizacao-hospitalar-no-sus\/#breadcrumb"},"inLanguage":"pt-BR","potentialAction":[{"@type":"ReadAction","target":["https:\/\/www.federassantas.org.br\/novosite\/presidente-da-federassantas-participa-de-evento-sobre-contratualizacao-hospitalar-no-sus\/"]}]},{"@type":"ImageObject","inLanguage":"pt-BR","@id":"https:\/\/www.federassantas.org.br\/novosite\/presidente-da-federassantas-participa-de-evento-sobre-contratualizacao-hospitalar-no-sus\/#primaryimage","url":"https:\/\/www.federassantas.org.br\/novosite\/wp-content\/uploads\/2026\/09\/Banner-Site-2026.png","contentUrl":"https:\/\/www.federassantas.org.br\/novosite\/wp-content\/uploads\/2026\/09\/Banner-Site-2026.png","width":1601,"height":1080},{"@type":"BreadcrumbList","@id":"https:\/\/www.federassantas.org.br\/novosite\/presidente-da-federassantas-participa-de-evento-sobre-contratualizacao-hospitalar-no-sus\/#breadcrumb","itemListElement":[{"@type":"ListItem","position":1,"name":"In\u00edcio","item":"https:\/\/www.federassantas.org.br\/novosite\/"},{"@type":"ListItem","position":2,"name":"Presidente da Federassantas participa de evento sobre contratualiza\u00e7\u00e3o hospitalar no SUS"}]},{"@type":"WebSite","@id":"https:\/\/www.federassantas.org.br\/novosite\/#website","url":"https:\/\/www.federassantas.org.br\/novosite\/","name":"Federassantas","description":"Entidade de representa\u00e7\u00e3o e fortalecimento das Santas Casas, hospitais filantr\u00f3picos e entidades beneficentes de sa\u00fade de Minas Gerais, atuando na defesa institucional, qualifica\u00e7\u00e3o da gest\u00e3o e sustentabilidade do setor.","publisher":{"@id":"https:\/\/www.federassantas.org.br\/novosite\/#organization"},"potentialAction":[{"@type":"SearchAction","target":{"@type":"EntryPoint","urlTemplate":"https:\/\/www.federassantas.org.br\/novosite\/?s={search_term_string}"},"query-input":{"@type":"PropertyValueSpecification","valueRequired":true,"valueName":"search_term_string"}}],"inLanguage":"pt-BR"},{"@type":"Organization","@id":"https:\/\/www.federassantas.org.br\/novosite\/#organization","name":"Federassantas","url":"https:\/\/www.federassantas.org.br\/novosite\/","logo":{"@type":"ImageObject","inLanguage":"pt-BR","@id":"https:\/\/www.federassantas.org.br\/novosite\/#\/schema\/logo\/image\/","url":"https:\/\/www.federassantas.org.br\/novosite\/wp-content\/uploads\/2021\/12\/logo.png","contentUrl":"https:\/\/www.federassantas.org.br\/novosite\/wp-content\/uploads\/2021\/12\/logo.png","width":243,"height":59,"caption":"Federassantas"},"image":{"@id":"https:\/\/www.federassantas.org.br\/novosite\/#\/schema\/logo\/image\/"}},{"@type":"Person","@id":"https:\/\/www.federassantas.org.br\/novosite\/#\/schema\/person\/75fed98158349313fe56175f232f513c","name":"admin-federas","image":{"@type":"ImageObject","inLanguage":"pt-BR","@id":"https:\/\/www.federassantas.org.br\/novosite\/#\/schema\/person\/image\/","url":"https:\/\/secure.gravatar.com\/avatar\/2a02d7dda59fe8dc6b7ffd3f652e2efede5ccf0dd89dfdc8137c5517f3de8407?s=96&d=mm&r=g","contentUrl":"https:\/\/secure.gravatar.com\/avatar\/2a02d7dda59fe8dc6b7ffd3f652e2efede5ccf0dd89dfdc8137c5517f3de8407?s=96&d=mm&r=g","caption":"admin-federas"},"sameAs":["https:\/\/www.federassantas.org.br\/novosite\/"],"url":"https:\/\/www.federassantas.org.br\/novosite\/author\/admin-federas\/"}]}},"_links":{"self":[{"href":"https:\/\/www.federassantas.org.br\/novosite\/wp-json\/wp\/v2\/posts\/40195","targetHints":{"allow":["GET"]}}],"collection":[{"href":"https:\/\/www.federassantas.org.br\/novosite\/wp-json\/wp\/v2\/posts"}],"about":[{"href":"https:\/\/www.federassantas.org.br\/novosite\/wp-json\/wp\/v2\/types\/post"}],"author":[{"embeddable":true,"href":"https:\/\/www.federassantas.org.br\/novosite\/wp-json\/wp\/v2\/users\/1"}],"replies":[{"embeddable":true,"href":"https:\/\/www.federassantas.org.br\/novosite\/wp-json\/wp\/v2\/comments?post=40195"}],"version-history":[{"count":4,"href":"https:\/\/www.federassantas.org.br\/novosite\/wp-json\/wp\/v2\/posts\/40195\/revisions"}],"predecessor-version":[{"id":40202,"href":"https:\/\/www.federassantas.org.br\/novosite\/wp-json\/wp\/v2\/posts\/40195\/revisions\/40202"}],"wp:featuredmedia":[{"embeddable":true,"href":"https:\/\/www.federassantas.org.br\/novosite\/wp-json\/wp\/v2\/media\/40201"}],"wp:attachment":[{"href":"https:\/\/www.federassantas.org.br\/novosite\/wp-json\/wp\/v2\/media?parent=40195"}],"wp:term":[{"taxonomy":"category","embeddable":true,"href":"https:\/\/www.federassantas.org.br\/novosite\/wp-json\/wp\/v2\/categories?post=40195"},{"taxonomy":"post_tag","embeddable":true,"href":"https:\/\/www.federassantas.org.br\/novosite\/wp-json\/wp\/v2\/tags?post=40195"}],"curies":[{"name":"wp","href":"https:\/\/api.w.org\/{rel}","templated":true}]}}