{"id":7826,"date":"2016-09-14T11:59:32","date_gmt":"2016-09-14T14:59:32","guid":{"rendered":"https:\/\/federasbackup.meltcomunicacao.com.br\/?p=7826"},"modified":"2016-09-14T11:59:32","modified_gmt":"2016-09-14T14:59:32","slug":"a-contrapartida-do-setor-filantropico-para-o-brasil","status":"publish","type":"post","link":"https:\/\/www.federassantas.org.br\/novosite\/a-contrapartida-do-setor-filantropico-para-o-brasil\/","title":{"rendered":"A contrapartida do setor filantr\u00f3pico para o Brasil"},"content":{"rendered":"<p><span style=\"color: #333333;\">O F\u00f3rum Nacional das Institui\u00e7\u00f5es Filantr\u00f3picas realizou uma pesquisa in\u00e9dita no setor de filantropia, que diz que as isen\u00e7\u00f5es fiscais concedidas ao setor filantr\u00f3pico est\u00e3o em discuss\u00e3o devido \u00e0 necessidade do Governo de \u00a0aumentar a arrecada\u00e7\u00e3o. Em uma conta equivocada, quem \u00e9 favor\u00e1vel ao corte est\u00e1 ignorando que nas \u00e1reas de<\/span><br \/>\n<span style=\"color: #333333;\">Sa\u00fade, Educa\u00e7\u00e3o e Assist\u00eancia Social, a cada R$ 1,00 (um real) obtido por isen\u00e7\u00f5es fiscais, cada institui\u00e7\u00e3o<\/span><br \/>\n<span style=\"color: #333333;\">filantr\u00f3pica retorna R$ 5,92 em benef\u00edcios para a sociedade.<\/span><\/p>\n<p><span style=\"color: #333333;\">Os dados fazem parte da pesquisa FONIF \u2013 <strong>\u201cA contrapartida do setor filantr\u00f3pico para o Brasil\u201d,<\/strong> realizada pela <a style=\"color: #333333;\" href=\"http:\/\/dom-ecc.com.br\/\" target=\"_blank\" rel=\"noopener\">DOM Strategy Partners<\/a>, primeira consultoria 100% nacional com foco em estrat\u00e9gia corporativa, e que acaba de ser lan\u00e7ada pelo F\u00f3rum Nacional das Institui\u00e7\u00f5es Filantr\u00f3picas (FONIF).<\/span><\/p>\n<p><span style=\"color: #333333;\">Confira os principais destaques da pesquisa, que pode ser acessada\u00a0na \u00edntegra clicando\u00a0<a style=\"color: #333333;\" href=\"https:\/\/goo.gl\/Fhvb4U\" target=\"_blank\" rel=\"noopener\">AQUI<\/a>\u00a0<\/span><\/p>\n","protected":false},"excerpt":{"rendered":"<p>O F\u00f3rum Nacional das Institui\u00e7\u00f5es Filantr\u00f3picas realizou uma pesquisa in\u00e9dita no setor de filantropia, que diz que as isen\u00e7\u00f5es fiscais concedidas ao setor filantr\u00f3pico est\u00e3o em discuss\u00e3o devido \u00e0 necessidade do Governo de \u00a0aumentar a arrecada\u00e7\u00e3o. Em uma conta equivocada, quem \u00e9 favor\u00e1vel ao corte est\u00e1 ignorando que nas \u00e1reas de Sa\u00fade, Educa\u00e7\u00e3o e Assist\u00eancia [&hellip;]<\/p>\n","protected":false},"author":1,"featured_media":24842,"comment_status":"open","ping_status":"open","sticky":false,"template":"","format":"standard","meta":{"footnotes":""},"categories":[140],"tags":[],"class_list":["post-7826","post","type-post","status-publish","format-standard","has-post-thumbnail","hentry","category-noticias"],"yoast_head":"<!-- This site is optimized with the Yoast SEO plugin v26.9 - https:\/\/yoast.com\/product\/yoast-seo-wordpress\/ -->\n<title>A contrapartida do setor filantr\u00f3pico para o Brasil - Federassantas<\/title>\n<meta name=\"robots\" content=\"index, follow, max-snippet:-1, max-image-preview:large, max-video-preview:-1\" \/>\n<link rel=\"canonical\" href=\"https:\/\/www.federassantas.org.br\/novosite\/a-contrapartida-do-setor-filantropico-para-o-brasil\/\" \/>\n<meta property=\"og:locale\" content=\"pt_BR\" \/>\n<meta property=\"og:type\" content=\"article\" \/>\n<meta property=\"og:title\" content=\"A contrapartida do setor filantr\u00f3pico para o Brasil - Federassantas\" \/>\n<meta property=\"og:description\" content=\"O F\u00f3rum Nacional das Institui\u00e7\u00f5es Filantr\u00f3picas realizou uma pesquisa in\u00e9dita no setor de filantropia, que diz que as isen\u00e7\u00f5es fiscais concedidas ao setor filantr\u00f3pico est\u00e3o em discuss\u00e3o devido \u00e0 necessidade do Governo de \u00a0aumentar a arrecada\u00e7\u00e3o. Em uma conta equivocada, quem \u00e9 favor\u00e1vel ao corte est\u00e1 ignorando que nas \u00e1reas de Sa\u00fade, Educa\u00e7\u00e3o e Assist\u00eancia [&hellip;]\" \/>\n<meta property=\"og:url\" content=\"https:\/\/www.federassantas.org.br\/novosite\/a-contrapartida-do-setor-filantropico-para-o-brasil\/\" \/>\n<meta property=\"og:site_name\" content=\"Federassantas\" \/>\n<meta property=\"article:published_time\" content=\"2016-09-14T14:59:32+00:00\" \/>\n<meta property=\"og:image\" content=\"https:\/\/www.federassantas.org.br\/novosite\/wp-content\/uploads\/2022\/09\/thumbnail-default.jpg\" \/>\n\t<meta property=\"og:image:width\" content=\"622\" \/>\n\t<meta property=\"og:image:height\" content=\"415\" \/>\n\t<meta property=\"og:image:type\" content=\"image\/jpeg\" \/>\n<meta name=\"author\" content=\"admin-federas\" \/>\n<meta name=\"twitter:card\" content=\"summary_large_image\" \/>\n<meta name=\"twitter:label1\" content=\"Escrito por\" \/>\n\t<meta name=\"twitter:data1\" content=\"admin-federas\" \/>\n\t<meta name=\"twitter:label2\" content=\"Est. tempo de leitura\" \/>\n\t<meta name=\"twitter:data2\" content=\"1 minuto\" \/>\n<script type=\"application\/ld+json\" class=\"yoast-schema-graph\">{\"@context\":\"https:\/\/schema.org\",\"@graph\":[{\"@type\":\"Article\",\"@id\":\"https:\/\/www.federassantas.org.br\/novosite\/a-contrapartida-do-setor-filantropico-para-o-brasil\/#article\",\"isPartOf\":{\"@id\":\"https:\/\/www.federassantas.org.br\/novosite\/a-contrapartida-do-setor-filantropico-para-o-brasil\/\"},\"author\":{\"name\":\"admin-federas\",\"@id\":\"https:\/\/www.federassantas.org.br\/novosite\/#\/schema\/person\/75fed98158349313fe56175f232f513c\"},\"headline\":\"A contrapartida do setor filantr\u00f3pico para o Brasil\",\"datePublished\":\"2016-09-14T14:59:32+00:00\",\"mainEntityOfPage\":{\"@id\":\"https:\/\/www.federassantas.org.br\/novosite\/a-contrapartida-do-setor-filantropico-para-o-brasil\/\"},\"wordCount\":160,\"commentCount\":0,\"publisher\":{\"@id\":\"https:\/\/www.federassantas.org.br\/novosite\/#organization\"},\"image\":{\"@id\":\"https:\/\/www.federassantas.org.br\/novosite\/a-contrapartida-do-setor-filantropico-para-o-brasil\/#primaryimage\"},\"thumbnailUrl\":\"\",\"articleSection\":[\"Not\u00edcias\"],\"inLanguage\":\"pt-BR\",\"potentialAction\":[{\"@type\":\"CommentAction\",\"name\":\"Comment\",\"target\":[\"https:\/\/www.federassantas.org.br\/novosite\/a-contrapartida-do-setor-filantropico-para-o-brasil\/#respond\"]}]},{\"@type\":\"WebPage\",\"@id\":\"https:\/\/www.federassantas.org.br\/novosite\/a-contrapartida-do-setor-filantropico-para-o-brasil\/\",\"url\":\"https:\/\/www.federassantas.org.br\/novosite\/a-contrapartida-do-setor-filantropico-para-o-brasil\/\",\"name\":\"A contrapartida do setor filantr\u00f3pico para o Brasil - Federassantas\",\"isPartOf\":{\"@id\":\"https:\/\/www.federassantas.org.br\/novosite\/#website\"},\"primaryImageOfPage\":{\"@id\":\"https:\/\/www.federassantas.org.br\/novosite\/a-contrapartida-do-setor-filantropico-para-o-brasil\/#primaryimage\"},\"image\":{\"@id\":\"https:\/\/www.federassantas.org.br\/novosite\/a-contrapartida-do-setor-filantropico-para-o-brasil\/#primaryimage\"},\"thumbnailUrl\":\"\",\"datePublished\":\"2016-09-14T14:59:32+00:00\",\"breadcrumb\":{\"@id\":\"https:\/\/www.federassantas.org.br\/novosite\/a-contrapartida-do-setor-filantropico-para-o-brasil\/#breadcrumb\"},\"inLanguage\":\"pt-BR\",\"potentialAction\":[{\"@type\":\"ReadAction\",\"target\":[\"https:\/\/www.federassantas.org.br\/novosite\/a-contrapartida-do-setor-filantropico-para-o-brasil\/\"]}]},{\"@type\":\"ImageObject\",\"inLanguage\":\"pt-BR\",\"@id\":\"https:\/\/www.federassantas.org.br\/novosite\/a-contrapartida-do-setor-filantropico-para-o-brasil\/#primaryimage\",\"url\":\"\",\"contentUrl\":\"\"},{\"@type\":\"BreadcrumbList\",\"@id\":\"https:\/\/www.federassantas.org.br\/novosite\/a-contrapartida-do-setor-filantropico-para-o-brasil\/#breadcrumb\",\"itemListElement\":[{\"@type\":\"ListItem\",\"position\":1,\"name\":\"In\u00edcio\",\"item\":\"https:\/\/www.federassantas.org.br\/novosite\/\"},{\"@type\":\"ListItem\",\"position\":2,\"name\":\"A contrapartida do setor filantr\u00f3pico para o Brasil\"}]},{\"@type\":\"WebSite\",\"@id\":\"https:\/\/www.federassantas.org.br\/novosite\/#website\",\"url\":\"https:\/\/www.federassantas.org.br\/novosite\/\",\"name\":\"Federassantas\",\"description\":\"Entidade de representa\u00e7\u00e3o e fortalecimento das Santas Casas, hospitais filantr\u00f3picos e entidades beneficentes de sa\u00fade de Minas Gerais, atuando na defesa institucional, qualifica\u00e7\u00e3o da gest\u00e3o e sustentabilidade do setor.\",\"publisher\":{\"@id\":\"https:\/\/www.federassantas.org.br\/novosite\/#organization\"},\"potentialAction\":[{\"@type\":\"SearchAction\",\"target\":{\"@type\":\"EntryPoint\",\"urlTemplate\":\"https:\/\/www.federassantas.org.br\/novosite\/?s={search_term_string}\"},\"query-input\":{\"@type\":\"PropertyValueSpecification\",\"valueRequired\":true,\"valueName\":\"search_term_string\"}}],\"inLanguage\":\"pt-BR\"},{\"@type\":\"Organization\",\"@id\":\"https:\/\/www.federassantas.org.br\/novosite\/#organization\",\"name\":\"Federassantas\",\"url\":\"https:\/\/www.federassantas.org.br\/novosite\/\",\"logo\":{\"@type\":\"ImageObject\",\"inLanguage\":\"pt-BR\",\"@id\":\"https:\/\/www.federassantas.org.br\/novosite\/#\/schema\/logo\/image\/\",\"url\":\"https:\/\/www.federassantas.org.br\/novosite\/wp-content\/uploads\/2021\/12\/logo.png\",\"contentUrl\":\"https:\/\/www.federassantas.org.br\/novosite\/wp-content\/uploads\/2021\/12\/logo.png\",\"width\":243,\"height\":59,\"caption\":\"Federassantas\"},\"image\":{\"@id\":\"https:\/\/www.federassantas.org.br\/novosite\/#\/schema\/logo\/image\/\"}},{\"@type\":\"Person\",\"@id\":\"https:\/\/www.federassantas.org.br\/novosite\/#\/schema\/person\/75fed98158349313fe56175f232f513c\",\"name\":\"admin-federas\",\"image\":{\"@type\":\"ImageObject\",\"inLanguage\":\"pt-BR\",\"@id\":\"https:\/\/www.federassantas.org.br\/novosite\/#\/schema\/person\/image\/\",\"url\":\"https:\/\/secure.gravatar.com\/avatar\/2a02d7dda59fe8dc6b7ffd3f652e2efede5ccf0dd89dfdc8137c5517f3de8407?s=96&d=mm&r=g\",\"contentUrl\":\"https:\/\/secure.gravatar.com\/avatar\/2a02d7dda59fe8dc6b7ffd3f652e2efede5ccf0dd89dfdc8137c5517f3de8407?s=96&d=mm&r=g\",\"caption\":\"admin-federas\"},\"sameAs\":[\"https:\/\/www.federassantas.org.br\/novosite\/\"],\"url\":\"https:\/\/www.federassantas.org.br\/novosite\/author\/admin-federas\/\"}]}<\/script>\n<!-- \/ Yoast SEO plugin. -->","yoast_head_json":{"title":"A contrapartida do setor filantr\u00f3pico para o Brasil - Federassantas","robots":{"index":"index","follow":"follow","max-snippet":"max-snippet:-1","max-image-preview":"max-image-preview:large","max-video-preview":"max-video-preview:-1"},"canonical":"https:\/\/www.federassantas.org.br\/novosite\/a-contrapartida-do-setor-filantropico-para-o-brasil\/","og_locale":"pt_BR","og_type":"article","og_title":"A contrapartida do setor filantr\u00f3pico para o Brasil - Federassantas","og_description":"O F\u00f3rum Nacional das Institui\u00e7\u00f5es Filantr\u00f3picas realizou uma pesquisa in\u00e9dita no setor de filantropia, que diz que as isen\u00e7\u00f5es fiscais concedidas ao setor filantr\u00f3pico est\u00e3o em discuss\u00e3o devido \u00e0 necessidade do Governo de \u00a0aumentar a arrecada\u00e7\u00e3o. Em uma conta equivocada, quem \u00e9 favor\u00e1vel ao corte est\u00e1 ignorando que nas \u00e1reas de Sa\u00fade, Educa\u00e7\u00e3o e Assist\u00eancia [&hellip;]","og_url":"https:\/\/www.federassantas.org.br\/novosite\/a-contrapartida-do-setor-filantropico-para-o-brasil\/","og_site_name":"Federassantas","article_published_time":"2016-09-14T14:59:32+00:00","og_image":[{"width":622,"height":415,"url":"https:\/\/www.federassantas.org.br\/novosite\/wp-content\/uploads\/2022\/09\/thumbnail-default.jpg","type":"image\/jpeg"}],"author":"admin-federas","twitter_card":"summary_large_image","twitter_misc":{"Escrito por":"admin-federas","Est. tempo de leitura":"1 minuto"},"schema":{"@context":"https:\/\/schema.org","@graph":[{"@type":"Article","@id":"https:\/\/www.federassantas.org.br\/novosite\/a-contrapartida-do-setor-filantropico-para-o-brasil\/#article","isPartOf":{"@id":"https:\/\/www.federassantas.org.br\/novosite\/a-contrapartida-do-setor-filantropico-para-o-brasil\/"},"author":{"name":"admin-federas","@id":"https:\/\/www.federassantas.org.br\/novosite\/#\/schema\/person\/75fed98158349313fe56175f232f513c"},"headline":"A contrapartida do setor filantr\u00f3pico para o Brasil","datePublished":"2016-09-14T14:59:32+00:00","mainEntityOfPage":{"@id":"https:\/\/www.federassantas.org.br\/novosite\/a-contrapartida-do-setor-filantropico-para-o-brasil\/"},"wordCount":160,"commentCount":0,"publisher":{"@id":"https:\/\/www.federassantas.org.br\/novosite\/#organization"},"image":{"@id":"https:\/\/www.federassantas.org.br\/novosite\/a-contrapartida-do-setor-filantropico-para-o-brasil\/#primaryimage"},"thumbnailUrl":"","articleSection":["Not\u00edcias"],"inLanguage":"pt-BR","potentialAction":[{"@type":"CommentAction","name":"Comment","target":["https:\/\/www.federassantas.org.br\/novosite\/a-contrapartida-do-setor-filantropico-para-o-brasil\/#respond"]}]},{"@type":"WebPage","@id":"https:\/\/www.federassantas.org.br\/novosite\/a-contrapartida-do-setor-filantropico-para-o-brasil\/","url":"https:\/\/www.federassantas.org.br\/novosite\/a-contrapartida-do-setor-filantropico-para-o-brasil\/","name":"A contrapartida do setor filantr\u00f3pico para o Brasil - Federassantas","isPartOf":{"@id":"https:\/\/www.federassantas.org.br\/novosite\/#website"},"primaryImageOfPage":{"@id":"https:\/\/www.federassantas.org.br\/novosite\/a-contrapartida-do-setor-filantropico-para-o-brasil\/#primaryimage"},"image":{"@id":"https:\/\/www.federassantas.org.br\/novosite\/a-contrapartida-do-setor-filantropico-para-o-brasil\/#primaryimage"},"thumbnailUrl":"","datePublished":"2016-09-14T14:59:32+00:00","breadcrumb":{"@id":"https:\/\/www.federassantas.org.br\/novosite\/a-contrapartida-do-setor-filantropico-para-o-brasil\/#breadcrumb"},"inLanguage":"pt-BR","potentialAction":[{"@type":"ReadAction","target":["https:\/\/www.federassantas.org.br\/novosite\/a-contrapartida-do-setor-filantropico-para-o-brasil\/"]}]},{"@type":"ImageObject","inLanguage":"pt-BR","@id":"https:\/\/www.federassantas.org.br\/novosite\/a-contrapartida-do-setor-filantropico-para-o-brasil\/#primaryimage","url":"","contentUrl":""},{"@type":"BreadcrumbList","@id":"https:\/\/www.federassantas.org.br\/novosite\/a-contrapartida-do-setor-filantropico-para-o-brasil\/#breadcrumb","itemListElement":[{"@type":"ListItem","position":1,"name":"In\u00edcio","item":"https:\/\/www.federassantas.org.br\/novosite\/"},{"@type":"ListItem","position":2,"name":"A contrapartida do setor filantr\u00f3pico para o Brasil"}]},{"@type":"WebSite","@id":"https:\/\/www.federassantas.org.br\/novosite\/#website","url":"https:\/\/www.federassantas.org.br\/novosite\/","name":"Federassantas","description":"Entidade de representa\u00e7\u00e3o e fortalecimento das Santas Casas, hospitais filantr\u00f3picos e entidades beneficentes de sa\u00fade de Minas Gerais, atuando na defesa institucional, qualifica\u00e7\u00e3o da gest\u00e3o e sustentabilidade do setor.","publisher":{"@id":"https:\/\/www.federassantas.org.br\/novosite\/#organization"},"potentialAction":[{"@type":"SearchAction","target":{"@type":"EntryPoint","urlTemplate":"https:\/\/www.federassantas.org.br\/novosite\/?s={search_term_string}"},"query-input":{"@type":"PropertyValueSpecification","valueRequired":true,"valueName":"search_term_string"}}],"inLanguage":"pt-BR"},{"@type":"Organization","@id":"https:\/\/www.federassantas.org.br\/novosite\/#organization","name":"Federassantas","url":"https:\/\/www.federassantas.org.br\/novosite\/","logo":{"@type":"ImageObject","inLanguage":"pt-BR","@id":"https:\/\/www.federassantas.org.br\/novosite\/#\/schema\/logo\/image\/","url":"https:\/\/www.federassantas.org.br\/novosite\/wp-content\/uploads\/2021\/12\/logo.png","contentUrl":"https:\/\/www.federassantas.org.br\/novosite\/wp-content\/uploads\/2021\/12\/logo.png","width":243,"height":59,"caption":"Federassantas"},"image":{"@id":"https:\/\/www.federassantas.org.br\/novosite\/#\/schema\/logo\/image\/"}},{"@type":"Person","@id":"https:\/\/www.federassantas.org.br\/novosite\/#\/schema\/person\/75fed98158349313fe56175f232f513c","name":"admin-federas","image":{"@type":"ImageObject","inLanguage":"pt-BR","@id":"https:\/\/www.federassantas.org.br\/novosite\/#\/schema\/person\/image\/","url":"https:\/\/secure.gravatar.com\/avatar\/2a02d7dda59fe8dc6b7ffd3f652e2efede5ccf0dd89dfdc8137c5517f3de8407?s=96&d=mm&r=g","contentUrl":"https:\/\/secure.gravatar.com\/avatar\/2a02d7dda59fe8dc6b7ffd3f652e2efede5ccf0dd89dfdc8137c5517f3de8407?s=96&d=mm&r=g","caption":"admin-federas"},"sameAs":["https:\/\/www.federassantas.org.br\/novosite\/"],"url":"https:\/\/www.federassantas.org.br\/novosite\/author\/admin-federas\/"}]}},"_links":{"self":[{"href":"https:\/\/www.federassantas.org.br\/novosite\/wp-json\/wp\/v2\/posts\/7826","targetHints":{"allow":["GET"]}}],"collection":[{"href":"https:\/\/www.federassantas.org.br\/novosite\/wp-json\/wp\/v2\/posts"}],"about":[{"href":"https:\/\/www.federassantas.org.br\/novosite\/wp-json\/wp\/v2\/types\/post"}],"author":[{"embeddable":true,"href":"https:\/\/www.federassantas.org.br\/novosite\/wp-json\/wp\/v2\/users\/1"}],"replies":[{"embeddable":true,"href":"https:\/\/www.federassantas.org.br\/novosite\/wp-json\/wp\/v2\/comments?post=7826"}],"version-history":[{"count":0,"href":"https:\/\/www.federassantas.org.br\/novosite\/wp-json\/wp\/v2\/posts\/7826\/revisions"}],"wp:attachment":[{"href":"https:\/\/www.federassantas.org.br\/novosite\/wp-json\/wp\/v2\/media?parent=7826"}],"wp:term":[{"taxonomy":"category","embeddable":true,"href":"https:\/\/www.federassantas.org.br\/novosite\/wp-json\/wp\/v2\/categories?post=7826"},{"taxonomy":"post_tag","embeddable":true,"href":"https:\/\/www.federassantas.org.br\/novosite\/wp-json\/wp\/v2\/tags?post=7826"}],"curies":[{"name":"wp","href":"https:\/\/api.w.org\/{rel}","templated":true}]}}