{"id":7840,"date":"2016-09-20T14:39:32","date_gmt":"2016-09-20T17:39:32","guid":{"rendered":"https:\/\/federasbackup.meltcomunicacao.com.br\/?p=7840"},"modified":"2016-09-20T14:39:32","modified_gmt":"2016-09-20T17:39:32","slug":"santa-casa-de-montes-claros-completa-145-anos-de-amor-e-dedicacao-a-saude","status":"publish","type":"post","link":"https:\/\/www.federassantas.org.br\/novosite\/santa-casa-de-montes-claros-completa-145-anos-de-amor-e-dedicacao-a-saude\/","title":{"rendered":"Santa Casa de Montes Claros completa 145 anos de amor e dedica\u00e7\u00e3o \u00e0 sa\u00fade."},"content":{"rendered":"<p>Maior complexo hospitalar do Norte de Minas Gerais, a Santa Casa de Montes Claros comemora, no dia 21 de setembro, 145 anos de amor e dedica\u00e7\u00e3o \u00e0 sa\u00fade. O hospital, que come\u00e7ou pequeno, em 1871, quando Montes Claros tinha apenas 14 anos, cresceu, se desenvolveu, e hoje, consolida-se com reconhecimento nacional pelo grau de<span class=\"text_exposed_show\"> excel\u00eancia na assist\u00eancia \u00e0 sa\u00fade, bem como pelo modelo de gest\u00e3o e profissionalismo para a promo\u00e7\u00e3o da qualidade de vida da popula\u00e7\u00e3o beneficiada pelos seus servi\u00e7os.<\/p>\n<p>Ao disponibilizar, com elevados padr\u00f5es de excel\u00eancia, servi\u00e7os essenciais \u00e0 preserva\u00e7\u00e3o do bem-estar e manuten\u00e7\u00e3o da qualidade de vida da popula\u00e7\u00e3o assistida, o hospital cresce e se desenvolve, em estrutura f\u00edsica, moderniza\u00e7\u00e3o tecnol\u00f3gica e assist\u00eancia humana como uma das principais institui\u00e7\u00f5es de sa\u00fade do Estado de Minas Gerais e do Brasil.<br \/>\n<\/span><\/p>\n<p><span class=\"text_exposed_show\"><img fetchpriority=\"high\" decoding=\"async\" class=\"aligncenter wp-image-7845 size-full\" src=\"http:\/\/federasbackup.meltcomunicacao.com.br\/wp-content\/uploads\/2016\/09\/Fachada-Santa-Casa.jpg\" alt=\"fachada-santa-casa\" width=\"700\" height=\"494\" srcset=\"https:\/\/www.federassantas.org.br\/novosite\/wp-content\/uploads\/2016\/09\/Fachada-Santa-Casa.jpg 700w, https:\/\/www.federassantas.org.br\/novosite\/wp-content\/uploads\/2016\/09\/Fachada-Santa-Casa-300x212.jpg 300w\" sizes=\"(max-width: 700px) 100vw, 700px\" \/><br \/>\nRefer\u00eancia em atendimentos m\u00e9dicos de m\u00e9dia e alta complexidade, com modernos equipamentos e em processo de amplia\u00e7\u00e3o da estrutura de servi\u00e7os m\u00e9dico-hospitalares, a \u00e1rea de atua\u00e7\u00e3o compreende dois milh\u00f5es de pessoas, provenientes da regi\u00e3o, Vale do Jequitinhonha e sudoeste da Bahia.<\/p>\n<p>Assist\u00eancia<\/p>\n<p>Atualmente, a Santa Casa tem 392 leitos, 81% deles destinados \u00e0 assist\u00eancia pelo SUS-Sistema \u00danico de Sa\u00fade, totalizando 1.539.003 procedimentos por ano. Disp\u00f5e de estrutura completa, com 30 leitos de CTIs dotados de equipe multiprofissional, treinada e comprometida com a humaniza\u00e7\u00e3o e qualidade do atendimento prestado aos pacientes. Aliados a tudo isso, fatores como a compet\u00eancia e o profissionalismo de uma equipe formada por mais de 2.000 colaboradores, com corpo cl\u00ednico altamente especializado, que a consolidam como a mais conceituada institui\u00e7\u00e3o de sa\u00fade regional.<\/p>\n<p>Nossas estat\u00edsticas comprovam a nossa capacidade de atendimento e a voca\u00e7\u00e3o social para a filantropia, que norteiam nossos passos em dire\u00e7\u00e3o \u00e0 excel\u00eancia. Em todo o ano de 2015, foram realizados 238.059 consultas, 114.414 exames de radiologia, 21.404 cirurgias; quase 6.000 partos; 1.080,220 exames e 24.309 interna\u00e7\u00f5es.<\/p>\n<p>Refer\u00eancia em sa\u00fade de qualidade para todos<br \/>\nCumprindo o firme prop\u00f3sito de trabalhar em defesa da vida, ao longo dos anos, a Santa Casa investe em moderniza\u00e7\u00e3o tecnol\u00f3gica e recursos humanos, com a aquisi\u00e7\u00e3o de equipamentos e instala\u00e7\u00e3o de novos servi\u00e7os, fatores que consolidam a institui\u00e7\u00e3o como a principal refer\u00eancia em atendimento \u00e0 sa\u00fade na regi\u00e3o. Prova disso \u00e9 que somos o primeiro hospital do interior de Minas Gerais a realizar transplantes de rim, c\u00f3rnea e f\u00edgado, com sobrevida superior \u00e0 m\u00e9dia nacional, fomos a primeira Santa Casa do Brasil a possuir o certificado de Hospital Acreditado com Excel\u00eancia, disponibilizamos centros avan\u00e7ados de diagn\u00f3stico e tratamento do c\u00e2ncer, com moderna cl\u00ednica de radioterapia dotada de equipamentos com tecnologia de ponta para tratamento pelo SUS, incluindo a realiza\u00e7\u00e3o de radiocirurgias.<\/p>\n<p>Projeto Amigos da Santa Casa<\/p>\n<p>Dentro das comemora\u00e7\u00f5es dos 145 anos da institui\u00e7\u00e3o, iniciadas em setembro, o Projeto Amigos da Santa Casa prev\u00ea a reforma e melhoria das instala\u00e7\u00f5es dos quartos que comp\u00f5em as 11 enfermarias do hospital, visando oferecer aos pacientes um ambiente humanizado, climatizado e bem estruturado, tornando-os mais confort\u00e1veis para quem est\u00e1 em tratamento. Ao todo, ser\u00e3o contemplados 40 quartos, que v\u00e3o receber novos colch\u00f5es, poltronas, frigobar, televisor, pintura, mobili\u00e1rio de apoio, enxoval, al\u00e9m de ar condicionado e novo sistema de ilumina\u00e7\u00e3o.<\/p>\n<p>As reformas v\u00e3o ser realizadas por meio do programa de apadrinhamento, no qual empresas, entidades de classe ou pessoa f\u00edsica poder\u00e3o ser respons\u00e1veis pela revitaliza\u00e7\u00e3o dos quartos, que v\u00e3o receber pintura, mobili\u00e1rios novos, equipamentos m\u00e9dico-hospitalares e climatiza\u00e7\u00e3o dos ambientes. O projeto ser\u00e1 executado pelo setor de Engenharia e Manuten\u00e7\u00e3o da Santa Casa.<\/p>\n<p>(Fonte: Assessoria de Comunica\u00e7\u00e3o da Santa Casa de Montes Claros)<\/span><\/p>\n","protected":false},"excerpt":{"rendered":"<p>Maior complexo hospitalar do Norte de Minas Gerais, a Santa Casa de Montes Claros comemora, no dia 21 de setembro, 145 anos de amor e dedica\u00e7\u00e3o \u00e0 sa\u00fade. O hospital, que come\u00e7ou pequeno, em 1871, quando Montes Claros tinha apenas 14 anos, cresceu, se desenvolveu, e hoje, consolida-se com reconhecimento nacional pelo grau de excel\u00eancia [&hellip;]<\/p>\n","protected":false},"author":1,"featured_media":24842,"comment_status":"open","ping_status":"open","sticky":false,"template":"","format":"standard","meta":{"footnotes":""},"categories":[140,139],"tags":[],"class_list":["post-7840","post","type-post","status-publish","format-standard","has-post-thumbnail","hentry","category-noticias","category-noticias-filiados"],"yoast_head":"<!-- This site is optimized with the Yoast SEO plugin v26.9 - https:\/\/yoast.com\/product\/yoast-seo-wordpress\/ -->\n<title>Santa Casa de Montes Claros completa 145 anos de amor e dedica\u00e7\u00e3o \u00e0 sa\u00fade. - Federassantas<\/title>\n<meta name=\"robots\" content=\"index, follow, max-snippet:-1, max-image-preview:large, max-video-preview:-1\" \/>\n<link rel=\"canonical\" href=\"https:\/\/www.federassantas.org.br\/novosite\/santa-casa-de-montes-claros-completa-145-anos-de-amor-e-dedicacao-a-saude\/\" \/>\n<meta property=\"og:locale\" content=\"pt_BR\" \/>\n<meta property=\"og:type\" content=\"article\" \/>\n<meta property=\"og:title\" content=\"Santa Casa de Montes Claros completa 145 anos de amor e dedica\u00e7\u00e3o \u00e0 sa\u00fade. - Federassantas\" \/>\n<meta property=\"og:description\" content=\"Maior complexo hospitalar do Norte de Minas Gerais, a Santa Casa de Montes Claros comemora, no dia 21 de setembro, 145 anos de amor e dedica\u00e7\u00e3o \u00e0 sa\u00fade. O hospital, que come\u00e7ou pequeno, em 1871, quando Montes Claros tinha apenas 14 anos, cresceu, se desenvolveu, e hoje, consolida-se com reconhecimento nacional pelo grau de excel\u00eancia [&hellip;]\" \/>\n<meta property=\"og:url\" content=\"https:\/\/www.federassantas.org.br\/novosite\/santa-casa-de-montes-claros-completa-145-anos-de-amor-e-dedicacao-a-saude\/\" \/>\n<meta property=\"og:site_name\" content=\"Federassantas\" \/>\n<meta property=\"article:published_time\" content=\"2016-09-20T17:39:32+00:00\" \/>\n<meta property=\"og:image\" content=\"https:\/\/www.federassantas.org.br\/novosite\/wp-content\/uploads\/2022\/09\/thumbnail-default.jpg\" \/>\n\t<meta property=\"og:image:width\" content=\"622\" \/>\n\t<meta property=\"og:image:height\" content=\"415\" \/>\n\t<meta property=\"og:image:type\" content=\"image\/jpeg\" \/>\n<meta name=\"author\" content=\"admin-federas\" \/>\n<meta name=\"twitter:card\" content=\"summary_large_image\" \/>\n<meta name=\"twitter:label1\" content=\"Escrito por\" \/>\n\t<meta name=\"twitter:data1\" content=\"admin-federas\" \/>\n\t<meta name=\"twitter:label2\" content=\"Est. tempo de leitura\" \/>\n\t<meta name=\"twitter:data2\" content=\"3 minutos\" \/>\n<script type=\"application\/ld+json\" class=\"yoast-schema-graph\">{\"@context\":\"https:\/\/schema.org\",\"@graph\":[{\"@type\":\"Article\",\"@id\":\"https:\/\/www.federassantas.org.br\/novosite\/santa-casa-de-montes-claros-completa-145-anos-de-amor-e-dedicacao-a-saude\/#article\",\"isPartOf\":{\"@id\":\"https:\/\/www.federassantas.org.br\/novosite\/santa-casa-de-montes-claros-completa-145-anos-de-amor-e-dedicacao-a-saude\/\"},\"author\":{\"name\":\"admin-federas\",\"@id\":\"https:\/\/www.federassantas.org.br\/novosite\/#\/schema\/person\/75fed98158349313fe56175f232f513c\"},\"headline\":\"Santa Casa de Montes Claros completa 145 anos de amor e dedica\u00e7\u00e3o \u00e0 sa\u00fade.\",\"datePublished\":\"2016-09-20T17:39:32+00:00\",\"mainEntityOfPage\":{\"@id\":\"https:\/\/www.federassantas.org.br\/novosite\/santa-casa-de-montes-claros-completa-145-anos-de-amor-e-dedicacao-a-saude\/\"},\"wordCount\":655,\"commentCount\":0,\"publisher\":{\"@id\":\"https:\/\/www.federassantas.org.br\/novosite\/#organization\"},\"image\":{\"@id\":\"https:\/\/www.federassantas.org.br\/novosite\/santa-casa-de-montes-claros-completa-145-anos-de-amor-e-dedicacao-a-saude\/#primaryimage\"},\"thumbnailUrl\":\"\",\"articleSection\":[\"Not\u00edcias\",\"Not\u00edcias filiados\"],\"inLanguage\":\"pt-BR\",\"potentialAction\":[{\"@type\":\"CommentAction\",\"name\":\"Comment\",\"target\":[\"https:\/\/www.federassantas.org.br\/novosite\/santa-casa-de-montes-claros-completa-145-anos-de-amor-e-dedicacao-a-saude\/#respond\"]}]},{\"@type\":\"WebPage\",\"@id\":\"https:\/\/www.federassantas.org.br\/novosite\/santa-casa-de-montes-claros-completa-145-anos-de-amor-e-dedicacao-a-saude\/\",\"url\":\"https:\/\/www.federassantas.org.br\/novosite\/santa-casa-de-montes-claros-completa-145-anos-de-amor-e-dedicacao-a-saude\/\",\"name\":\"Santa Casa de Montes Claros completa 145 anos de amor e dedica\u00e7\u00e3o \u00e0 sa\u00fade. - Federassantas\",\"isPartOf\":{\"@id\":\"https:\/\/www.federassantas.org.br\/novosite\/#website\"},\"primaryImageOfPage\":{\"@id\":\"https:\/\/www.federassantas.org.br\/novosite\/santa-casa-de-montes-claros-completa-145-anos-de-amor-e-dedicacao-a-saude\/#primaryimage\"},\"image\":{\"@id\":\"https:\/\/www.federassantas.org.br\/novosite\/santa-casa-de-montes-claros-completa-145-anos-de-amor-e-dedicacao-a-saude\/#primaryimage\"},\"thumbnailUrl\":\"\",\"datePublished\":\"2016-09-20T17:39:32+00:00\",\"breadcrumb\":{\"@id\":\"https:\/\/www.federassantas.org.br\/novosite\/santa-casa-de-montes-claros-completa-145-anos-de-amor-e-dedicacao-a-saude\/#breadcrumb\"},\"inLanguage\":\"pt-BR\",\"potentialAction\":[{\"@type\":\"ReadAction\",\"target\":[\"https:\/\/www.federassantas.org.br\/novosite\/santa-casa-de-montes-claros-completa-145-anos-de-amor-e-dedicacao-a-saude\/\"]}]},{\"@type\":\"ImageObject\",\"inLanguage\":\"pt-BR\",\"@id\":\"https:\/\/www.federassantas.org.br\/novosite\/santa-casa-de-montes-claros-completa-145-anos-de-amor-e-dedicacao-a-saude\/#primaryimage\",\"url\":\"\",\"contentUrl\":\"\"},{\"@type\":\"BreadcrumbList\",\"@id\":\"https:\/\/www.federassantas.org.br\/novosite\/santa-casa-de-montes-claros-completa-145-anos-de-amor-e-dedicacao-a-saude\/#breadcrumb\",\"itemListElement\":[{\"@type\":\"ListItem\",\"position\":1,\"name\":\"In\u00edcio\",\"item\":\"https:\/\/www.federassantas.org.br\/novosite\/\"},{\"@type\":\"ListItem\",\"position\":2,\"name\":\"Santa Casa de Montes Claros completa 145 anos de amor e dedica\u00e7\u00e3o \u00e0 sa\u00fade.\"}]},{\"@type\":\"WebSite\",\"@id\":\"https:\/\/www.federassantas.org.br\/novosite\/#website\",\"url\":\"https:\/\/www.federassantas.org.br\/novosite\/\",\"name\":\"Federassantas\",\"description\":\"Entidade de representa\u00e7\u00e3o e fortalecimento das Santas Casas, hospitais filantr\u00f3picos e entidades beneficentes de sa\u00fade de Minas Gerais, atuando na defesa institucional, qualifica\u00e7\u00e3o da gest\u00e3o e sustentabilidade do setor.\",\"publisher\":{\"@id\":\"https:\/\/www.federassantas.org.br\/novosite\/#organization\"},\"potentialAction\":[{\"@type\":\"SearchAction\",\"target\":{\"@type\":\"EntryPoint\",\"urlTemplate\":\"https:\/\/www.federassantas.org.br\/novosite\/?s={search_term_string}\"},\"query-input\":{\"@type\":\"PropertyValueSpecification\",\"valueRequired\":true,\"valueName\":\"search_term_string\"}}],\"inLanguage\":\"pt-BR\"},{\"@type\":\"Organization\",\"@id\":\"https:\/\/www.federassantas.org.br\/novosite\/#organization\",\"name\":\"Federassantas\",\"url\":\"https:\/\/www.federassantas.org.br\/novosite\/\",\"logo\":{\"@type\":\"ImageObject\",\"inLanguage\":\"pt-BR\",\"@id\":\"https:\/\/www.federassantas.org.br\/novosite\/#\/schema\/logo\/image\/\",\"url\":\"https:\/\/www.federassantas.org.br\/novosite\/wp-content\/uploads\/2021\/12\/logo.png\",\"contentUrl\":\"https:\/\/www.federassantas.org.br\/novosite\/wp-content\/uploads\/2021\/12\/logo.png\",\"width\":243,\"height\":59,\"caption\":\"Federassantas\"},\"image\":{\"@id\":\"https:\/\/www.federassantas.org.br\/novosite\/#\/schema\/logo\/image\/\"}},{\"@type\":\"Person\",\"@id\":\"https:\/\/www.federassantas.org.br\/novosite\/#\/schema\/person\/75fed98158349313fe56175f232f513c\",\"name\":\"admin-federas\",\"image\":{\"@type\":\"ImageObject\",\"inLanguage\":\"pt-BR\",\"@id\":\"https:\/\/www.federassantas.org.br\/novosite\/#\/schema\/person\/image\/\",\"url\":\"https:\/\/secure.gravatar.com\/avatar\/2a02d7dda59fe8dc6b7ffd3f652e2efede5ccf0dd89dfdc8137c5517f3de8407?s=96&d=mm&r=g\",\"contentUrl\":\"https:\/\/secure.gravatar.com\/avatar\/2a02d7dda59fe8dc6b7ffd3f652e2efede5ccf0dd89dfdc8137c5517f3de8407?s=96&d=mm&r=g\",\"caption\":\"admin-federas\"},\"sameAs\":[\"https:\/\/www.federassantas.org.br\/novosite\/\"],\"url\":\"https:\/\/www.federassantas.org.br\/novosite\/author\/admin-federas\/\"}]}<\/script>\n<!-- \/ Yoast SEO plugin. -->","yoast_head_json":{"title":"Santa Casa de Montes Claros completa 145 anos de amor e dedica\u00e7\u00e3o \u00e0 sa\u00fade. - Federassantas","robots":{"index":"index","follow":"follow","max-snippet":"max-snippet:-1","max-image-preview":"max-image-preview:large","max-video-preview":"max-video-preview:-1"},"canonical":"https:\/\/www.federassantas.org.br\/novosite\/santa-casa-de-montes-claros-completa-145-anos-de-amor-e-dedicacao-a-saude\/","og_locale":"pt_BR","og_type":"article","og_title":"Santa Casa de Montes Claros completa 145 anos de amor e dedica\u00e7\u00e3o \u00e0 sa\u00fade. - Federassantas","og_description":"Maior complexo hospitalar do Norte de Minas Gerais, a Santa Casa de Montes Claros comemora, no dia 21 de setembro, 145 anos de amor e dedica\u00e7\u00e3o \u00e0 sa\u00fade. O hospital, que come\u00e7ou pequeno, em 1871, quando Montes Claros tinha apenas 14 anos, cresceu, se desenvolveu, e hoje, consolida-se com reconhecimento nacional pelo grau de excel\u00eancia [&hellip;]","og_url":"https:\/\/www.federassantas.org.br\/novosite\/santa-casa-de-montes-claros-completa-145-anos-de-amor-e-dedicacao-a-saude\/","og_site_name":"Federassantas","article_published_time":"2016-09-20T17:39:32+00:00","og_image":[{"width":622,"height":415,"url":"https:\/\/www.federassantas.org.br\/novosite\/wp-content\/uploads\/2022\/09\/thumbnail-default.jpg","type":"image\/jpeg"}],"author":"admin-federas","twitter_card":"summary_large_image","twitter_misc":{"Escrito por":"admin-federas","Est. tempo de leitura":"3 minutos"},"schema":{"@context":"https:\/\/schema.org","@graph":[{"@type":"Article","@id":"https:\/\/www.federassantas.org.br\/novosite\/santa-casa-de-montes-claros-completa-145-anos-de-amor-e-dedicacao-a-saude\/#article","isPartOf":{"@id":"https:\/\/www.federassantas.org.br\/novosite\/santa-casa-de-montes-claros-completa-145-anos-de-amor-e-dedicacao-a-saude\/"},"author":{"name":"admin-federas","@id":"https:\/\/www.federassantas.org.br\/novosite\/#\/schema\/person\/75fed98158349313fe56175f232f513c"},"headline":"Santa Casa de Montes Claros completa 145 anos de amor e dedica\u00e7\u00e3o \u00e0 sa\u00fade.","datePublished":"2016-09-20T17:39:32+00:00","mainEntityOfPage":{"@id":"https:\/\/www.federassantas.org.br\/novosite\/santa-casa-de-montes-claros-completa-145-anos-de-amor-e-dedicacao-a-saude\/"},"wordCount":655,"commentCount":0,"publisher":{"@id":"https:\/\/www.federassantas.org.br\/novosite\/#organization"},"image":{"@id":"https:\/\/www.federassantas.org.br\/novosite\/santa-casa-de-montes-claros-completa-145-anos-de-amor-e-dedicacao-a-saude\/#primaryimage"},"thumbnailUrl":"","articleSection":["Not\u00edcias","Not\u00edcias filiados"],"inLanguage":"pt-BR","potentialAction":[{"@type":"CommentAction","name":"Comment","target":["https:\/\/www.federassantas.org.br\/novosite\/santa-casa-de-montes-claros-completa-145-anos-de-amor-e-dedicacao-a-saude\/#respond"]}]},{"@type":"WebPage","@id":"https:\/\/www.federassantas.org.br\/novosite\/santa-casa-de-montes-claros-completa-145-anos-de-amor-e-dedicacao-a-saude\/","url":"https:\/\/www.federassantas.org.br\/novosite\/santa-casa-de-montes-claros-completa-145-anos-de-amor-e-dedicacao-a-saude\/","name":"Santa Casa de Montes Claros completa 145 anos de amor e dedica\u00e7\u00e3o \u00e0 sa\u00fade. - Federassantas","isPartOf":{"@id":"https:\/\/www.federassantas.org.br\/novosite\/#website"},"primaryImageOfPage":{"@id":"https:\/\/www.federassantas.org.br\/novosite\/santa-casa-de-montes-claros-completa-145-anos-de-amor-e-dedicacao-a-saude\/#primaryimage"},"image":{"@id":"https:\/\/www.federassantas.org.br\/novosite\/santa-casa-de-montes-claros-completa-145-anos-de-amor-e-dedicacao-a-saude\/#primaryimage"},"thumbnailUrl":"","datePublished":"2016-09-20T17:39:32+00:00","breadcrumb":{"@id":"https:\/\/www.federassantas.org.br\/novosite\/santa-casa-de-montes-claros-completa-145-anos-de-amor-e-dedicacao-a-saude\/#breadcrumb"},"inLanguage":"pt-BR","potentialAction":[{"@type":"ReadAction","target":["https:\/\/www.federassantas.org.br\/novosite\/santa-casa-de-montes-claros-completa-145-anos-de-amor-e-dedicacao-a-saude\/"]}]},{"@type":"ImageObject","inLanguage":"pt-BR","@id":"https:\/\/www.federassantas.org.br\/novosite\/santa-casa-de-montes-claros-completa-145-anos-de-amor-e-dedicacao-a-saude\/#primaryimage","url":"","contentUrl":""},{"@type":"BreadcrumbList","@id":"https:\/\/www.federassantas.org.br\/novosite\/santa-casa-de-montes-claros-completa-145-anos-de-amor-e-dedicacao-a-saude\/#breadcrumb","itemListElement":[{"@type":"ListItem","position":1,"name":"In\u00edcio","item":"https:\/\/www.federassantas.org.br\/novosite\/"},{"@type":"ListItem","position":2,"name":"Santa Casa de Montes Claros completa 145 anos de amor e dedica\u00e7\u00e3o \u00e0 sa\u00fade."}]},{"@type":"WebSite","@id":"https:\/\/www.federassantas.org.br\/novosite\/#website","url":"https:\/\/www.federassantas.org.br\/novosite\/","name":"Federassantas","description":"Entidade de representa\u00e7\u00e3o e fortalecimento das Santas Casas, hospitais filantr\u00f3picos e entidades beneficentes de sa\u00fade de Minas Gerais, atuando na defesa institucional, qualifica\u00e7\u00e3o da gest\u00e3o e sustentabilidade do setor.","publisher":{"@id":"https:\/\/www.federassantas.org.br\/novosite\/#organization"},"potentialAction":[{"@type":"SearchAction","target":{"@type":"EntryPoint","urlTemplate":"https:\/\/www.federassantas.org.br\/novosite\/?s={search_term_string}"},"query-input":{"@type":"PropertyValueSpecification","valueRequired":true,"valueName":"search_term_string"}}],"inLanguage":"pt-BR"},{"@type":"Organization","@id":"https:\/\/www.federassantas.org.br\/novosite\/#organization","name":"Federassantas","url":"https:\/\/www.federassantas.org.br\/novosite\/","logo":{"@type":"ImageObject","inLanguage":"pt-BR","@id":"https:\/\/www.federassantas.org.br\/novosite\/#\/schema\/logo\/image\/","url":"https:\/\/www.federassantas.org.br\/novosite\/wp-content\/uploads\/2021\/12\/logo.png","contentUrl":"https:\/\/www.federassantas.org.br\/novosite\/wp-content\/uploads\/2021\/12\/logo.png","width":243,"height":59,"caption":"Federassantas"},"image":{"@id":"https:\/\/www.federassantas.org.br\/novosite\/#\/schema\/logo\/image\/"}},{"@type":"Person","@id":"https:\/\/www.federassantas.org.br\/novosite\/#\/schema\/person\/75fed98158349313fe56175f232f513c","name":"admin-federas","image":{"@type":"ImageObject","inLanguage":"pt-BR","@id":"https:\/\/www.federassantas.org.br\/novosite\/#\/schema\/person\/image\/","url":"https:\/\/secure.gravatar.com\/avatar\/2a02d7dda59fe8dc6b7ffd3f652e2efede5ccf0dd89dfdc8137c5517f3de8407?s=96&d=mm&r=g","contentUrl":"https:\/\/secure.gravatar.com\/avatar\/2a02d7dda59fe8dc6b7ffd3f652e2efede5ccf0dd89dfdc8137c5517f3de8407?s=96&d=mm&r=g","caption":"admin-federas"},"sameAs":["https:\/\/www.federassantas.org.br\/novosite\/"],"url":"https:\/\/www.federassantas.org.br\/novosite\/author\/admin-federas\/"}]}},"_links":{"self":[{"href":"https:\/\/www.federassantas.org.br\/novosite\/wp-json\/wp\/v2\/posts\/7840","targetHints":{"allow":["GET"]}}],"collection":[{"href":"https:\/\/www.federassantas.org.br\/novosite\/wp-json\/wp\/v2\/posts"}],"about":[{"href":"https:\/\/www.federassantas.org.br\/novosite\/wp-json\/wp\/v2\/types\/post"}],"author":[{"embeddable":true,"href":"https:\/\/www.federassantas.org.br\/novosite\/wp-json\/wp\/v2\/users\/1"}],"replies":[{"embeddable":true,"href":"https:\/\/www.federassantas.org.br\/novosite\/wp-json\/wp\/v2\/comments?post=7840"}],"version-history":[{"count":0,"href":"https:\/\/www.federassantas.org.br\/novosite\/wp-json\/wp\/v2\/posts\/7840\/revisions"}],"wp:attachment":[{"href":"https:\/\/www.federassantas.org.br\/novosite\/wp-json\/wp\/v2\/media?parent=7840"}],"wp:term":[{"taxonomy":"category","embeddable":true,"href":"https:\/\/www.federassantas.org.br\/novosite\/wp-json\/wp\/v2\/categories?post=7840"},{"taxonomy":"post_tag","embeddable":true,"href":"https:\/\/www.federassantas.org.br\/novosite\/wp-json\/wp\/v2\/tags?post=7840"}],"curies":[{"name":"wp","href":"https:\/\/api.w.org\/{rel}","templated":true}]}}