{"id":7847,"date":"2016-09-21T11:41:10","date_gmt":"2016-09-21T14:41:10","guid":{"rendered":"https:\/\/federasbackup.meltcomunicacao.com.br\/?p=7847"},"modified":"2016-09-21T11:41:10","modified_gmt":"2016-09-21T14:41:10","slug":"atencao-hospitais-filiados-informacoes-importantes-sobre-a-assembleia-geral-extraordinaria-da-federassantas","status":"publish","type":"post","link":"https:\/\/www.federassantas.org.br\/novosite\/atencao-hospitais-filiados-informacoes-importantes-sobre-a-assembleia-geral-extraordinaria-da-federassantas\/","title":{"rendered":"ATEN\u00c7\u00c3O HOSPITAIS FILIADOS! Informa\u00e7\u00f5es importantes sobre a Assembleia Geral Extraordin\u00e1ria da Federassantas"},"content":{"rendered":"<h2 style=\"text-align: center;\"><strong><img fetchpriority=\"high\" decoding=\"async\" class=\"aligncenter wp-image-7848 size-large\" src=\"http:\/\/federasbackup.meltcomunicacao.com.br\/wp-content\/uploads\/2016\/09\/ATEN\u00c7AO-1024x502.jpg\" alt=\"atencao\" width=\"1024\" height=\"502\" \/><br \/>\n<span style=\"color: #333333;\">Informa\u00e7\u00f5es importantes sobre a Assembleia Geral Extraordin\u00e1ria da Federassantas<\/span><\/strong><\/h2>\n<div dir=\"ltr\">\n<div>\n<div dir=\"ltr\">\n<div>\n<div dir=\"ltr\">\n<div>\n<div dir=\"ltr\">\n<div>\n<div dir=\"ltr\">\n<div>\n<div dir=\"ltr\">\n<div>\n<div dir=\"ltr\">\n<div dir=\"ltr\">\n<div dir=\"ltr\">\n<div dir=\"ltr\">\n<div dir=\"ltr\">\n<div dir=\"ltr\">\n<div dir=\"ltr\">\n<div><span style=\"color: #333333;\">ASSEMBLEIA GERAL EXTRAORDIN\u00c1RIA<\/span><\/div>\n<div><span style=\"color: #333333;\">DIA: 23\/09\/2016<\/span><\/div>\n<div><span style=\"color: #333333;\">HOR\u00c1RIO: 12H45<br \/>\nLOCAL: Audit\u00f3rio Borges da Costa &#8211; Associa\u00e7\u00e3o M\u00e9dica de Minas Gerais<br \/>\nENDERE\u00c7O: Avenida Jo\u00e3o Pinheiro, 161 &#8211; Funcion\u00e1rios &#8211; Belo Horizonte\/MG<\/span><\/div>\n<div><\/div>\n<\/div>\n<\/div>\n<\/div>\n<\/div>\n<\/div>\n<\/div>\n<\/div>\n<\/div>\n<\/div>\n<\/div>\n<\/div>\n<\/div>\n<\/div>\n<\/div>\n<\/div>\n<\/div>\n<\/div>\n<\/div>\n<\/div>\n<div class=\"gmail_quote\">\n<div dir=\"ltr\">\n<div class=\"gmail_quote\"><span style=\"color: #333333;\"><span style=\"font-size: large;\">Prezados,<\/span><\/span><\/div>\n<div class=\"gmail_quote\"><\/div>\n<div class=\"gmail_quote\"><span style=\"color: #333333;\"><span style=\"font-size: large;\">Informamos que, conforme Estatuto da Federassantas <strong><em>&#8220;Poder\u00e3o votar na Assembl\u00e9ia Geral os filiados, quites com as contribui\u00e7\u00f5es at\u00e9 o m\u00eas imediatamente anterior ao da elei\u00e7\u00e3o, representados por seu Provedor ou por membro da Diretoria, devidamente credenciado&#8221;<\/em><\/strong>.<\/p>\n<p><\/span><span style=\"font-size: large;\">Caso o Provedor ou Presidente n\u00e3o possa comparecer, o seu Representante dever\u00e1 trazer procura\u00e7\u00e3o sem necessidade de reconhecimento de firma em cart\u00f3rio. Clique <span style=\"color: #0000ff;\"><a style=\"color: #0000ff;\" href=\"http:\/\/federasbackup.meltcomunicacao.com.br\/wp-content\/uploads\/2016\/09\/Procura\u00e7\u00e3o-Aassembleia-geral-23.09.16.doc.pdf\" target=\"_blank\" rel=\"noopener\">AQUI<\/a><\/span>\u00a0e veja o\u00a0modelo normalmente utilizado que poder\u00e1 ser adotado.\u00a0<\/span><\/span><\/p>\n<div>\n<div dir=\"ltr\">\n<div dir=\"ltr\">\n<div dir=\"ltr\">\n<div dir=\"ltr\">\n<div dir=\"ltr\">\n<div dir=\"ltr\">\n<div dir=\"ltr\">\n<div dir=\"ltr\">\n<div dir=\"ltr\">\n<div dir=\"ltr\">\n<div dir=\"ltr\">\n<div dir=\"ltr\"><\/div>\n<div dir=\"ltr\"><span style=\"font-size: large; color: #333333;\">Atenciosamente,<\/span><\/div>\n<div dir=\"ltr\"><\/div>\n<div dir=\"ltr\"><span style=\"color: #333333;\"><img decoding=\"async\" class=\"alignnone  wp-image-7849\" src=\"http:\/\/federasbackup.meltcomunicacao.com.br\/wp-content\/uploads\/2016\/09\/Assinatura-K\u00e1tia-300x188.jpg\" alt=\"assinatura-katia\" width=\"113\" height=\"71\" \/><\/span><\/div>\n<div dir=\"ltr\"><span style=\"font-size: large; color: #333333;\">Dra. K\u00e1tia Rocha<br \/>\nPresidente<\/span><\/div>\n<\/div>\n<\/div>\n<\/div>\n<\/div>\n<\/div>\n<\/div>\n<\/div>\n<\/div>\n<\/div>\n<\/div>\n<\/div>\n<\/div>\n<\/div>\n<\/div>\n<\/div>\n","protected":false},"excerpt":{"rendered":"<p>Informa\u00e7\u00f5es importantes sobre a Assembleia Geral Extraordin\u00e1ria da Federassantas ASSEMBLEIA GERAL EXTRAORDIN\u00c1RIA DIA: 23\/09\/2016 HOR\u00c1RIO: 12H45 LOCAL: Audit\u00f3rio Borges da Costa &#8211; Associa\u00e7\u00e3o M\u00e9dica de Minas Gerais ENDERE\u00c7O: Avenida Jo\u00e3o Pinheiro, 161 &#8211; Funcion\u00e1rios &#8211; Belo Horizonte\/MG Prezados, Informamos que, conforme Estatuto da Federassantas &#8220;Poder\u00e3o votar na Assembl\u00e9ia Geral os filiados, quites com as contribui\u00e7\u00f5es [&hellip;]<\/p>\n","protected":false},"author":1,"featured_media":24842,"comment_status":"open","ping_status":"open","sticky":false,"template":"","format":"standard","meta":{"footnotes":""},"categories":[140,141],"tags":[],"class_list":["post-7847","post","type-post","status-publish","format-standard","has-post-thumbnail","hentry","category-noticias","category-noticias-federassantas"],"yoast_head":"<!-- This site is optimized with the Yoast SEO plugin v26.9 - https:\/\/yoast.com\/product\/yoast-seo-wordpress\/ -->\n<title>ATEN\u00c7\u00c3O HOSPITAIS FILIADOS! Informa\u00e7\u00f5es importantes sobre a Assembleia Geral Extraordin\u00e1ria da Federassantas - Federassantas<\/title>\n<meta name=\"robots\" content=\"index, follow, max-snippet:-1, max-image-preview:large, max-video-preview:-1\" \/>\n<link rel=\"canonical\" href=\"https:\/\/www.federassantas.org.br\/novosite\/atencao-hospitais-filiados-informacoes-importantes-sobre-a-assembleia-geral-extraordinaria-da-federassantas\/\" \/>\n<meta property=\"og:locale\" content=\"pt_BR\" \/>\n<meta property=\"og:type\" content=\"article\" \/>\n<meta property=\"og:title\" content=\"ATEN\u00c7\u00c3O HOSPITAIS FILIADOS! Informa\u00e7\u00f5es importantes sobre a Assembleia Geral Extraordin\u00e1ria da Federassantas - Federassantas\" \/>\n<meta property=\"og:description\" content=\"Informa\u00e7\u00f5es importantes sobre a Assembleia Geral Extraordin\u00e1ria da Federassantas ASSEMBLEIA GERAL EXTRAORDIN\u00c1RIA DIA: 23\/09\/2016 HOR\u00c1RIO: 12H45 LOCAL: Audit\u00f3rio Borges da Costa &#8211; Associa\u00e7\u00e3o M\u00e9dica de Minas Gerais ENDERE\u00c7O: Avenida Jo\u00e3o Pinheiro, 161 &#8211; Funcion\u00e1rios &#8211; Belo Horizonte\/MG Prezados, Informamos que, conforme Estatuto da Federassantas &#8220;Poder\u00e3o votar na Assembl\u00e9ia Geral os filiados, quites com as contribui\u00e7\u00f5es [&hellip;]\" \/>\n<meta property=\"og:url\" content=\"https:\/\/www.federassantas.org.br\/novosite\/atencao-hospitais-filiados-informacoes-importantes-sobre-a-assembleia-geral-extraordinaria-da-federassantas\/\" \/>\n<meta property=\"og:site_name\" content=\"Federassantas\" \/>\n<meta property=\"article:published_time\" content=\"2016-09-21T14:41:10+00:00\" \/>\n<meta property=\"og:image\" content=\"https:\/\/www.federassantas.org.br\/novosite\/wp-content\/uploads\/2022\/09\/thumbnail-default.jpg\" \/>\n\t<meta property=\"og:image:width\" content=\"622\" \/>\n\t<meta property=\"og:image:height\" content=\"415\" \/>\n\t<meta property=\"og:image:type\" content=\"image\/jpeg\" \/>\n<meta name=\"author\" content=\"admin-federas\" \/>\n<meta name=\"twitter:card\" content=\"summary_large_image\" \/>\n<meta name=\"twitter:label1\" content=\"Escrito por\" \/>\n\t<meta name=\"twitter:data1\" content=\"admin-federas\" \/>\n\t<meta name=\"twitter:label2\" content=\"Est. tempo de leitura\" \/>\n\t<meta name=\"twitter:data2\" content=\"1 minuto\" \/>\n<script type=\"application\/ld+json\" class=\"yoast-schema-graph\">{\"@context\":\"https:\/\/schema.org\",\"@graph\":[{\"@type\":\"Article\",\"@id\":\"https:\/\/www.federassantas.org.br\/novosite\/atencao-hospitais-filiados-informacoes-importantes-sobre-a-assembleia-geral-extraordinaria-da-federassantas\/#article\",\"isPartOf\":{\"@id\":\"https:\/\/www.federassantas.org.br\/novosite\/atencao-hospitais-filiados-informacoes-importantes-sobre-a-assembleia-geral-extraordinaria-da-federassantas\/\"},\"author\":{\"name\":\"admin-federas\",\"@id\":\"https:\/\/www.federassantas.org.br\/novosite\/#\/schema\/person\/75fed98158349313fe56175f232f513c\"},\"headline\":\"ATEN\u00c7\u00c3O HOSPITAIS FILIADOS! Informa\u00e7\u00f5es importantes sobre a Assembleia Geral Extraordin\u00e1ria da Federassantas\",\"datePublished\":\"2016-09-21T14:41:10+00:00\",\"mainEntityOfPage\":{\"@id\":\"https:\/\/www.federassantas.org.br\/novosite\/atencao-hospitais-filiados-informacoes-importantes-sobre-a-assembleia-geral-extraordinaria-da-federassantas\/\"},\"wordCount\":146,\"commentCount\":0,\"publisher\":{\"@id\":\"https:\/\/www.federassantas.org.br\/novosite\/#organization\"},\"image\":{\"@id\":\"https:\/\/www.federassantas.org.br\/novosite\/atencao-hospitais-filiados-informacoes-importantes-sobre-a-assembleia-geral-extraordinaria-da-federassantas\/#primaryimage\"},\"thumbnailUrl\":\"\",\"articleSection\":[\"Not\u00edcias\",\"Not\u00edcias Federassantas\"],\"inLanguage\":\"pt-BR\",\"potentialAction\":[{\"@type\":\"CommentAction\",\"name\":\"Comment\",\"target\":[\"https:\/\/www.federassantas.org.br\/novosite\/atencao-hospitais-filiados-informacoes-importantes-sobre-a-assembleia-geral-extraordinaria-da-federassantas\/#respond\"]}]},{\"@type\":\"WebPage\",\"@id\":\"https:\/\/www.federassantas.org.br\/novosite\/atencao-hospitais-filiados-informacoes-importantes-sobre-a-assembleia-geral-extraordinaria-da-federassantas\/\",\"url\":\"https:\/\/www.federassantas.org.br\/novosite\/atencao-hospitais-filiados-informacoes-importantes-sobre-a-assembleia-geral-extraordinaria-da-federassantas\/\",\"name\":\"ATEN\u00c7\u00c3O HOSPITAIS FILIADOS! Informa\u00e7\u00f5es importantes sobre a Assembleia Geral Extraordin\u00e1ria da Federassantas - Federassantas\",\"isPartOf\":{\"@id\":\"https:\/\/www.federassantas.org.br\/novosite\/#website\"},\"primaryImageOfPage\":{\"@id\":\"https:\/\/www.federassantas.org.br\/novosite\/atencao-hospitais-filiados-informacoes-importantes-sobre-a-assembleia-geral-extraordinaria-da-federassantas\/#primaryimage\"},\"image\":{\"@id\":\"https:\/\/www.federassantas.org.br\/novosite\/atencao-hospitais-filiados-informacoes-importantes-sobre-a-assembleia-geral-extraordinaria-da-federassantas\/#primaryimage\"},\"thumbnailUrl\":\"\",\"datePublished\":\"2016-09-21T14:41:10+00:00\",\"breadcrumb\":{\"@id\":\"https:\/\/www.federassantas.org.br\/novosite\/atencao-hospitais-filiados-informacoes-importantes-sobre-a-assembleia-geral-extraordinaria-da-federassantas\/#breadcrumb\"},\"inLanguage\":\"pt-BR\",\"potentialAction\":[{\"@type\":\"ReadAction\",\"target\":[\"https:\/\/www.federassantas.org.br\/novosite\/atencao-hospitais-filiados-informacoes-importantes-sobre-a-assembleia-geral-extraordinaria-da-federassantas\/\"]}]},{\"@type\":\"ImageObject\",\"inLanguage\":\"pt-BR\",\"@id\":\"https:\/\/www.federassantas.org.br\/novosite\/atencao-hospitais-filiados-informacoes-importantes-sobre-a-assembleia-geral-extraordinaria-da-federassantas\/#primaryimage\",\"url\":\"\",\"contentUrl\":\"\"},{\"@type\":\"BreadcrumbList\",\"@id\":\"https:\/\/www.federassantas.org.br\/novosite\/atencao-hospitais-filiados-informacoes-importantes-sobre-a-assembleia-geral-extraordinaria-da-federassantas\/#breadcrumb\",\"itemListElement\":[{\"@type\":\"ListItem\",\"position\":1,\"name\":\"In\u00edcio\",\"item\":\"https:\/\/www.federassantas.org.br\/novosite\/\"},{\"@type\":\"ListItem\",\"position\":2,\"name\":\"ATEN\u00c7\u00c3O HOSPITAIS FILIADOS! Informa\u00e7\u00f5es importantes sobre a Assembleia Geral Extraordin\u00e1ria da Federassantas\"}]},{\"@type\":\"WebSite\",\"@id\":\"https:\/\/www.federassantas.org.br\/novosite\/#website\",\"url\":\"https:\/\/www.federassantas.org.br\/novosite\/\",\"name\":\"Federassantas\",\"description\":\"Entidade de representa\u00e7\u00e3o e fortalecimento das Santas Casas, hospitais filantr\u00f3picos e entidades beneficentes de sa\u00fade de Minas Gerais, atuando na defesa institucional, qualifica\u00e7\u00e3o da gest\u00e3o e sustentabilidade do setor.\",\"publisher\":{\"@id\":\"https:\/\/www.federassantas.org.br\/novosite\/#organization\"},\"potentialAction\":[{\"@type\":\"SearchAction\",\"target\":{\"@type\":\"EntryPoint\",\"urlTemplate\":\"https:\/\/www.federassantas.org.br\/novosite\/?s={search_term_string}\"},\"query-input\":{\"@type\":\"PropertyValueSpecification\",\"valueRequired\":true,\"valueName\":\"search_term_string\"}}],\"inLanguage\":\"pt-BR\"},{\"@type\":\"Organization\",\"@id\":\"https:\/\/www.federassantas.org.br\/novosite\/#organization\",\"name\":\"Federassantas\",\"url\":\"https:\/\/www.federassantas.org.br\/novosite\/\",\"logo\":{\"@type\":\"ImageObject\",\"inLanguage\":\"pt-BR\",\"@id\":\"https:\/\/www.federassantas.org.br\/novosite\/#\/schema\/logo\/image\/\",\"url\":\"https:\/\/www.federassantas.org.br\/novosite\/wp-content\/uploads\/2021\/12\/logo.png\",\"contentUrl\":\"https:\/\/www.federassantas.org.br\/novosite\/wp-content\/uploads\/2021\/12\/logo.png\",\"width\":243,\"height\":59,\"caption\":\"Federassantas\"},\"image\":{\"@id\":\"https:\/\/www.federassantas.org.br\/novosite\/#\/schema\/logo\/image\/\"}},{\"@type\":\"Person\",\"@id\":\"https:\/\/www.federassantas.org.br\/novosite\/#\/schema\/person\/75fed98158349313fe56175f232f513c\",\"name\":\"admin-federas\",\"image\":{\"@type\":\"ImageObject\",\"inLanguage\":\"pt-BR\",\"@id\":\"https:\/\/www.federassantas.org.br\/novosite\/#\/schema\/person\/image\/\",\"url\":\"https:\/\/secure.gravatar.com\/avatar\/2a02d7dda59fe8dc6b7ffd3f652e2efede5ccf0dd89dfdc8137c5517f3de8407?s=96&d=mm&r=g\",\"contentUrl\":\"https:\/\/secure.gravatar.com\/avatar\/2a02d7dda59fe8dc6b7ffd3f652e2efede5ccf0dd89dfdc8137c5517f3de8407?s=96&d=mm&r=g\",\"caption\":\"admin-federas\"},\"sameAs\":[\"https:\/\/www.federassantas.org.br\/novosite\/\"],\"url\":\"https:\/\/www.federassantas.org.br\/novosite\/author\/admin-federas\/\"}]}<\/script>\n<!-- \/ Yoast SEO plugin. -->","yoast_head_json":{"title":"ATEN\u00c7\u00c3O HOSPITAIS FILIADOS! Informa\u00e7\u00f5es importantes sobre a Assembleia Geral Extraordin\u00e1ria da Federassantas - Federassantas","robots":{"index":"index","follow":"follow","max-snippet":"max-snippet:-1","max-image-preview":"max-image-preview:large","max-video-preview":"max-video-preview:-1"},"canonical":"https:\/\/www.federassantas.org.br\/novosite\/atencao-hospitais-filiados-informacoes-importantes-sobre-a-assembleia-geral-extraordinaria-da-federassantas\/","og_locale":"pt_BR","og_type":"article","og_title":"ATEN\u00c7\u00c3O HOSPITAIS FILIADOS! Informa\u00e7\u00f5es importantes sobre a Assembleia Geral Extraordin\u00e1ria da Federassantas - Federassantas","og_description":"Informa\u00e7\u00f5es importantes sobre a Assembleia Geral Extraordin\u00e1ria da Federassantas ASSEMBLEIA GERAL EXTRAORDIN\u00c1RIA DIA: 23\/09\/2016 HOR\u00c1RIO: 12H45 LOCAL: Audit\u00f3rio Borges da Costa &#8211; Associa\u00e7\u00e3o M\u00e9dica de Minas Gerais ENDERE\u00c7O: Avenida Jo\u00e3o Pinheiro, 161 &#8211; Funcion\u00e1rios &#8211; Belo Horizonte\/MG Prezados, Informamos que, conforme Estatuto da Federassantas &#8220;Poder\u00e3o votar na Assembl\u00e9ia Geral os filiados, quites com as contribui\u00e7\u00f5es [&hellip;]","og_url":"https:\/\/www.federassantas.org.br\/novosite\/atencao-hospitais-filiados-informacoes-importantes-sobre-a-assembleia-geral-extraordinaria-da-federassantas\/","og_site_name":"Federassantas","article_published_time":"2016-09-21T14:41:10+00:00","og_image":[{"width":622,"height":415,"url":"https:\/\/www.federassantas.org.br\/novosite\/wp-content\/uploads\/2022\/09\/thumbnail-default.jpg","type":"image\/jpeg"}],"author":"admin-federas","twitter_card":"summary_large_image","twitter_misc":{"Escrito por":"admin-federas","Est. tempo de leitura":"1 minuto"},"schema":{"@context":"https:\/\/schema.org","@graph":[{"@type":"Article","@id":"https:\/\/www.federassantas.org.br\/novosite\/atencao-hospitais-filiados-informacoes-importantes-sobre-a-assembleia-geral-extraordinaria-da-federassantas\/#article","isPartOf":{"@id":"https:\/\/www.federassantas.org.br\/novosite\/atencao-hospitais-filiados-informacoes-importantes-sobre-a-assembleia-geral-extraordinaria-da-federassantas\/"},"author":{"name":"admin-federas","@id":"https:\/\/www.federassantas.org.br\/novosite\/#\/schema\/person\/75fed98158349313fe56175f232f513c"},"headline":"ATEN\u00c7\u00c3O HOSPITAIS FILIADOS! Informa\u00e7\u00f5es importantes sobre a Assembleia Geral Extraordin\u00e1ria da Federassantas","datePublished":"2016-09-21T14:41:10+00:00","mainEntityOfPage":{"@id":"https:\/\/www.federassantas.org.br\/novosite\/atencao-hospitais-filiados-informacoes-importantes-sobre-a-assembleia-geral-extraordinaria-da-federassantas\/"},"wordCount":146,"commentCount":0,"publisher":{"@id":"https:\/\/www.federassantas.org.br\/novosite\/#organization"},"image":{"@id":"https:\/\/www.federassantas.org.br\/novosite\/atencao-hospitais-filiados-informacoes-importantes-sobre-a-assembleia-geral-extraordinaria-da-federassantas\/#primaryimage"},"thumbnailUrl":"","articleSection":["Not\u00edcias","Not\u00edcias Federassantas"],"inLanguage":"pt-BR","potentialAction":[{"@type":"CommentAction","name":"Comment","target":["https:\/\/www.federassantas.org.br\/novosite\/atencao-hospitais-filiados-informacoes-importantes-sobre-a-assembleia-geral-extraordinaria-da-federassantas\/#respond"]}]},{"@type":"WebPage","@id":"https:\/\/www.federassantas.org.br\/novosite\/atencao-hospitais-filiados-informacoes-importantes-sobre-a-assembleia-geral-extraordinaria-da-federassantas\/","url":"https:\/\/www.federassantas.org.br\/novosite\/atencao-hospitais-filiados-informacoes-importantes-sobre-a-assembleia-geral-extraordinaria-da-federassantas\/","name":"ATEN\u00c7\u00c3O HOSPITAIS FILIADOS! Informa\u00e7\u00f5es importantes sobre a Assembleia Geral Extraordin\u00e1ria da Federassantas - Federassantas","isPartOf":{"@id":"https:\/\/www.federassantas.org.br\/novosite\/#website"},"primaryImageOfPage":{"@id":"https:\/\/www.federassantas.org.br\/novosite\/atencao-hospitais-filiados-informacoes-importantes-sobre-a-assembleia-geral-extraordinaria-da-federassantas\/#primaryimage"},"image":{"@id":"https:\/\/www.federassantas.org.br\/novosite\/atencao-hospitais-filiados-informacoes-importantes-sobre-a-assembleia-geral-extraordinaria-da-federassantas\/#primaryimage"},"thumbnailUrl":"","datePublished":"2016-09-21T14:41:10+00:00","breadcrumb":{"@id":"https:\/\/www.federassantas.org.br\/novosite\/atencao-hospitais-filiados-informacoes-importantes-sobre-a-assembleia-geral-extraordinaria-da-federassantas\/#breadcrumb"},"inLanguage":"pt-BR","potentialAction":[{"@type":"ReadAction","target":["https:\/\/www.federassantas.org.br\/novosite\/atencao-hospitais-filiados-informacoes-importantes-sobre-a-assembleia-geral-extraordinaria-da-federassantas\/"]}]},{"@type":"ImageObject","inLanguage":"pt-BR","@id":"https:\/\/www.federassantas.org.br\/novosite\/atencao-hospitais-filiados-informacoes-importantes-sobre-a-assembleia-geral-extraordinaria-da-federassantas\/#primaryimage","url":"","contentUrl":""},{"@type":"BreadcrumbList","@id":"https:\/\/www.federassantas.org.br\/novosite\/atencao-hospitais-filiados-informacoes-importantes-sobre-a-assembleia-geral-extraordinaria-da-federassantas\/#breadcrumb","itemListElement":[{"@type":"ListItem","position":1,"name":"In\u00edcio","item":"https:\/\/www.federassantas.org.br\/novosite\/"},{"@type":"ListItem","position":2,"name":"ATEN\u00c7\u00c3O HOSPITAIS FILIADOS! Informa\u00e7\u00f5es importantes sobre a Assembleia Geral Extraordin\u00e1ria da Federassantas"}]},{"@type":"WebSite","@id":"https:\/\/www.federassantas.org.br\/novosite\/#website","url":"https:\/\/www.federassantas.org.br\/novosite\/","name":"Federassantas","description":"Entidade de representa\u00e7\u00e3o e fortalecimento das Santas Casas, hospitais filantr\u00f3picos e entidades beneficentes de sa\u00fade de Minas Gerais, atuando na defesa institucional, qualifica\u00e7\u00e3o da gest\u00e3o e sustentabilidade do setor.","publisher":{"@id":"https:\/\/www.federassantas.org.br\/novosite\/#organization"},"potentialAction":[{"@type":"SearchAction","target":{"@type":"EntryPoint","urlTemplate":"https:\/\/www.federassantas.org.br\/novosite\/?s={search_term_string}"},"query-input":{"@type":"PropertyValueSpecification","valueRequired":true,"valueName":"search_term_string"}}],"inLanguage":"pt-BR"},{"@type":"Organization","@id":"https:\/\/www.federassantas.org.br\/novosite\/#organization","name":"Federassantas","url":"https:\/\/www.federassantas.org.br\/novosite\/","logo":{"@type":"ImageObject","inLanguage":"pt-BR","@id":"https:\/\/www.federassantas.org.br\/novosite\/#\/schema\/logo\/image\/","url":"https:\/\/www.federassantas.org.br\/novosite\/wp-content\/uploads\/2021\/12\/logo.png","contentUrl":"https:\/\/www.federassantas.org.br\/novosite\/wp-content\/uploads\/2021\/12\/logo.png","width":243,"height":59,"caption":"Federassantas"},"image":{"@id":"https:\/\/www.federassantas.org.br\/novosite\/#\/schema\/logo\/image\/"}},{"@type":"Person","@id":"https:\/\/www.federassantas.org.br\/novosite\/#\/schema\/person\/75fed98158349313fe56175f232f513c","name":"admin-federas","image":{"@type":"ImageObject","inLanguage":"pt-BR","@id":"https:\/\/www.federassantas.org.br\/novosite\/#\/schema\/person\/image\/","url":"https:\/\/secure.gravatar.com\/avatar\/2a02d7dda59fe8dc6b7ffd3f652e2efede5ccf0dd89dfdc8137c5517f3de8407?s=96&d=mm&r=g","contentUrl":"https:\/\/secure.gravatar.com\/avatar\/2a02d7dda59fe8dc6b7ffd3f652e2efede5ccf0dd89dfdc8137c5517f3de8407?s=96&d=mm&r=g","caption":"admin-federas"},"sameAs":["https:\/\/www.federassantas.org.br\/novosite\/"],"url":"https:\/\/www.federassantas.org.br\/novosite\/author\/admin-federas\/"}]}},"_links":{"self":[{"href":"https:\/\/www.federassantas.org.br\/novosite\/wp-json\/wp\/v2\/posts\/7847","targetHints":{"allow":["GET"]}}],"collection":[{"href":"https:\/\/www.federassantas.org.br\/novosite\/wp-json\/wp\/v2\/posts"}],"about":[{"href":"https:\/\/www.federassantas.org.br\/novosite\/wp-json\/wp\/v2\/types\/post"}],"author":[{"embeddable":true,"href":"https:\/\/www.federassantas.org.br\/novosite\/wp-json\/wp\/v2\/users\/1"}],"replies":[{"embeddable":true,"href":"https:\/\/www.federassantas.org.br\/novosite\/wp-json\/wp\/v2\/comments?post=7847"}],"version-history":[{"count":0,"href":"https:\/\/www.federassantas.org.br\/novosite\/wp-json\/wp\/v2\/posts\/7847\/revisions"}],"wp:attachment":[{"href":"https:\/\/www.federassantas.org.br\/novosite\/wp-json\/wp\/v2\/media?parent=7847"}],"wp:term":[{"taxonomy":"category","embeddable":true,"href":"https:\/\/www.federassantas.org.br\/novosite\/wp-json\/wp\/v2\/categories?post=7847"},{"taxonomy":"post_tag","embeddable":true,"href":"https:\/\/www.federassantas.org.br\/novosite\/wp-json\/wp\/v2\/tags?post=7847"}],"curies":[{"name":"wp","href":"https:\/\/api.w.org\/{rel}","templated":true}]}}