{"id":7859,"date":"2016-09-21T16:30:56","date_gmt":"2016-09-21T19:30:56","guid":{"rendered":"https:\/\/federasbackup.meltcomunicacao.com.br\/?p=7859"},"modified":"2016-09-21T16:30:56","modified_gmt":"2016-09-21T19:30:56","slug":"guia-para-campanha-de-vacinacao-2016-entenda-quando-tomar-cada-dose","status":"publish","type":"post","link":"https:\/\/www.federassantas.org.br\/novosite\/guia-para-campanha-de-vacinacao-2016-entenda-quando-tomar-cada-dose\/","title":{"rendered":"Guia para Campanha de Vacina\u00e7\u00e3o 2016: entenda quando tomar cada dose"},"content":{"rendered":"<p>Na \u00faltima segunda-feira (19) o Sistema \u00danico de Sa\u00fade (SUS) deu in\u00edcio \u00e0 Campanha Nacional de Vacina\u00e7\u00e3o 2016. O programa disponibiliza gratuitamente 19,2 milh\u00f5es de doses nos 36 mil postos fixos de todo o Brasil. Pela primeira vez na hist\u00f3ria, todas as vacinas estar\u00e3o dispon\u00edveis para crian\u00e7as de at\u00e9 5 anos e para crian\u00e7as e adolescentes entre 9 e 15 anos incompletos, incluindo a imuniza\u00e7\u00e3o contra HPV para meninas. A &#8220;multivacina\u00e7\u00e3o&#8221; vai at\u00e9 o dia 30 de setembro e tem por objetivo estipular que os pais levem os filhos para colocar a carteira de vacina\u00e7\u00e3o em dia.<\/p>\n<p>Ao todo, ser\u00e3o administradas 14 vacinas: Hepatite A, VIP,( Poliomelite) Meningoc\u00f3cica C, Rotav\u00edrus, HPV, Pneumo 10, Febre amarela, Varicela, Pentavalente,Tetraviral, Dupla adulto, DTP, Tr\u00edplice viral e VOP (poliomielite).<\/p>\n<p>A campanha surge como uma grande oportunidade para que os pais mantenham seus filhos imunizados contra diversos v\u00edrus e doen\u00e7as, mas muitas d\u00favidas podem aparecer na hora da vacina\u00e7\u00e3o. Por exemplo, voc\u00ea sabe quais vacinas o seu filho deve tomar? E sabe em que idade ele deve tomar cada uma delas? Pensando nessas perguntas, o Consulta do Bem preparou um calend\u00e1rio para voc\u00ea n\u00e3o perder nenhuma vacina. Esse guia j\u00e1 inclui todas as mudan\u00e7as recentes realizadas pelo Programa Nacional de Imuniza\u00e7\u00f5es (PNI), \u00f3rg\u00e3o da Secretaria de Vigil\u00e2ncia em Sa\u00fade do Minist\u00e9rio da Sa\u00fade, que aprimorou a rotina de vacina\u00e7\u00e3o para 2016.<\/p>\n<p>Leia a mat\u00e9ria na \u00edntegra, clicando <a href=\"https:\/\/goo.gl\/L2ElTA\" target=\"_blank\" rel=\"noopener\">AQUI<\/a><\/p>\n<p>(Fonte: <a href=\"https:\/\/goo.gl\/L2ElTA\" target=\"_blank\" rel=\"noopener\">Jornal Hoje em Dia<\/a>)<\/p>\n","protected":false},"excerpt":{"rendered":"<p>Na \u00faltima segunda-feira (19) o Sistema \u00danico de Sa\u00fade (SUS) deu in\u00edcio \u00e0 Campanha Nacional de Vacina\u00e7\u00e3o 2016. O programa disponibiliza gratuitamente 19,2 milh\u00f5es de doses nos 36 mil postos fixos de todo o Brasil. Pela primeira vez na hist\u00f3ria, todas as vacinas estar\u00e3o dispon\u00edveis para crian\u00e7as de at\u00e9 5 anos e para crian\u00e7as e [&hellip;]<\/p>\n","protected":false},"author":1,"featured_media":24842,"comment_status":"open","ping_status":"open","sticky":false,"template":"","format":"standard","meta":{"footnotes":""},"categories":[140],"tags":[],"class_list":["post-7859","post","type-post","status-publish","format-standard","has-post-thumbnail","hentry","category-noticias"],"yoast_head":"<!-- This site is optimized with the Yoast SEO plugin v26.9 - https:\/\/yoast.com\/product\/yoast-seo-wordpress\/ -->\n<title>Guia para Campanha de Vacina\u00e7\u00e3o 2016: entenda quando tomar cada dose - Federassantas<\/title>\n<meta name=\"robots\" content=\"index, follow, max-snippet:-1, max-image-preview:large, max-video-preview:-1\" \/>\n<link rel=\"canonical\" href=\"https:\/\/www.federassantas.org.br\/novosite\/guia-para-campanha-de-vacinacao-2016-entenda-quando-tomar-cada-dose\/\" \/>\n<meta property=\"og:locale\" content=\"pt_BR\" \/>\n<meta property=\"og:type\" content=\"article\" \/>\n<meta property=\"og:title\" content=\"Guia para Campanha de Vacina\u00e7\u00e3o 2016: entenda quando tomar cada dose - Federassantas\" \/>\n<meta property=\"og:description\" content=\"Na \u00faltima segunda-feira (19) o Sistema \u00danico de Sa\u00fade (SUS) deu in\u00edcio \u00e0 Campanha Nacional de Vacina\u00e7\u00e3o 2016. O programa disponibiliza gratuitamente 19,2 milh\u00f5es de doses nos 36 mil postos fixos de todo o Brasil. Pela primeira vez na hist\u00f3ria, todas as vacinas estar\u00e3o dispon\u00edveis para crian\u00e7as de at\u00e9 5 anos e para crian\u00e7as e [&hellip;]\" \/>\n<meta property=\"og:url\" content=\"https:\/\/www.federassantas.org.br\/novosite\/guia-para-campanha-de-vacinacao-2016-entenda-quando-tomar-cada-dose\/\" \/>\n<meta property=\"og:site_name\" content=\"Federassantas\" \/>\n<meta property=\"article:published_time\" content=\"2016-09-21T19:30:56+00:00\" \/>\n<meta property=\"og:image\" content=\"https:\/\/www.federassantas.org.br\/novosite\/wp-content\/uploads\/2022\/09\/thumbnail-default.jpg\" \/>\n\t<meta property=\"og:image:width\" content=\"622\" \/>\n\t<meta property=\"og:image:height\" content=\"415\" \/>\n\t<meta property=\"og:image:type\" content=\"image\/jpeg\" \/>\n<meta name=\"author\" content=\"admin-federas\" \/>\n<meta name=\"twitter:card\" content=\"summary_large_image\" \/>\n<meta name=\"twitter:label1\" content=\"Escrito por\" \/>\n\t<meta name=\"twitter:data1\" content=\"admin-federas\" \/>\n\t<meta name=\"twitter:label2\" content=\"Est. tempo de leitura\" \/>\n\t<meta name=\"twitter:data2\" content=\"1 minuto\" \/>\n<script type=\"application\/ld+json\" class=\"yoast-schema-graph\">{\"@context\":\"https:\/\/schema.org\",\"@graph\":[{\"@type\":\"Article\",\"@id\":\"https:\/\/www.federassantas.org.br\/novosite\/guia-para-campanha-de-vacinacao-2016-entenda-quando-tomar-cada-dose\/#article\",\"isPartOf\":{\"@id\":\"https:\/\/www.federassantas.org.br\/novosite\/guia-para-campanha-de-vacinacao-2016-entenda-quando-tomar-cada-dose\/\"},\"author\":{\"name\":\"admin-federas\",\"@id\":\"https:\/\/www.federassantas.org.br\/novosite\/#\/schema\/person\/75fed98158349313fe56175f232f513c\"},\"headline\":\"Guia para Campanha de Vacina\u00e7\u00e3o 2016: entenda quando tomar cada dose\",\"datePublished\":\"2016-09-21T19:30:56+00:00\",\"mainEntityOfPage\":{\"@id\":\"https:\/\/www.federassantas.org.br\/novosite\/guia-para-campanha-de-vacinacao-2016-entenda-quando-tomar-cada-dose\/\"},\"wordCount\":269,\"commentCount\":0,\"publisher\":{\"@id\":\"https:\/\/www.federassantas.org.br\/novosite\/#organization\"},\"image\":{\"@id\":\"https:\/\/www.federassantas.org.br\/novosite\/guia-para-campanha-de-vacinacao-2016-entenda-quando-tomar-cada-dose\/#primaryimage\"},\"thumbnailUrl\":\"\",\"articleSection\":[\"Not\u00edcias\"],\"inLanguage\":\"pt-BR\",\"potentialAction\":[{\"@type\":\"CommentAction\",\"name\":\"Comment\",\"target\":[\"https:\/\/www.federassantas.org.br\/novosite\/guia-para-campanha-de-vacinacao-2016-entenda-quando-tomar-cada-dose\/#respond\"]}]},{\"@type\":\"WebPage\",\"@id\":\"https:\/\/www.federassantas.org.br\/novosite\/guia-para-campanha-de-vacinacao-2016-entenda-quando-tomar-cada-dose\/\",\"url\":\"https:\/\/www.federassantas.org.br\/novosite\/guia-para-campanha-de-vacinacao-2016-entenda-quando-tomar-cada-dose\/\",\"name\":\"Guia para Campanha de Vacina\u00e7\u00e3o 2016: entenda quando tomar cada dose - Federassantas\",\"isPartOf\":{\"@id\":\"https:\/\/www.federassantas.org.br\/novosite\/#website\"},\"primaryImageOfPage\":{\"@id\":\"https:\/\/www.federassantas.org.br\/novosite\/guia-para-campanha-de-vacinacao-2016-entenda-quando-tomar-cada-dose\/#primaryimage\"},\"image\":{\"@id\":\"https:\/\/www.federassantas.org.br\/novosite\/guia-para-campanha-de-vacinacao-2016-entenda-quando-tomar-cada-dose\/#primaryimage\"},\"thumbnailUrl\":\"\",\"datePublished\":\"2016-09-21T19:30:56+00:00\",\"breadcrumb\":{\"@id\":\"https:\/\/www.federassantas.org.br\/novosite\/guia-para-campanha-de-vacinacao-2016-entenda-quando-tomar-cada-dose\/#breadcrumb\"},\"inLanguage\":\"pt-BR\",\"potentialAction\":[{\"@type\":\"ReadAction\",\"target\":[\"https:\/\/www.federassantas.org.br\/novosite\/guia-para-campanha-de-vacinacao-2016-entenda-quando-tomar-cada-dose\/\"]}]},{\"@type\":\"ImageObject\",\"inLanguage\":\"pt-BR\",\"@id\":\"https:\/\/www.federassantas.org.br\/novosite\/guia-para-campanha-de-vacinacao-2016-entenda-quando-tomar-cada-dose\/#primaryimage\",\"url\":\"\",\"contentUrl\":\"\"},{\"@type\":\"BreadcrumbList\",\"@id\":\"https:\/\/www.federassantas.org.br\/novosite\/guia-para-campanha-de-vacinacao-2016-entenda-quando-tomar-cada-dose\/#breadcrumb\",\"itemListElement\":[{\"@type\":\"ListItem\",\"position\":1,\"name\":\"In\u00edcio\",\"item\":\"https:\/\/www.federassantas.org.br\/novosite\/\"},{\"@type\":\"ListItem\",\"position\":2,\"name\":\"Guia para Campanha de Vacina\u00e7\u00e3o 2016: entenda quando tomar cada dose\"}]},{\"@type\":\"WebSite\",\"@id\":\"https:\/\/www.federassantas.org.br\/novosite\/#website\",\"url\":\"https:\/\/www.federassantas.org.br\/novosite\/\",\"name\":\"Federassantas\",\"description\":\"Entidade de representa\u00e7\u00e3o e fortalecimento das Santas Casas, hospitais filantr\u00f3picos e entidades beneficentes de sa\u00fade de Minas Gerais, atuando na defesa institucional, qualifica\u00e7\u00e3o da gest\u00e3o e sustentabilidade do setor.\",\"publisher\":{\"@id\":\"https:\/\/www.federassantas.org.br\/novosite\/#organization\"},\"potentialAction\":[{\"@type\":\"SearchAction\",\"target\":{\"@type\":\"EntryPoint\",\"urlTemplate\":\"https:\/\/www.federassantas.org.br\/novosite\/?s={search_term_string}\"},\"query-input\":{\"@type\":\"PropertyValueSpecification\",\"valueRequired\":true,\"valueName\":\"search_term_string\"}}],\"inLanguage\":\"pt-BR\"},{\"@type\":\"Organization\",\"@id\":\"https:\/\/www.federassantas.org.br\/novosite\/#organization\",\"name\":\"Federassantas\",\"url\":\"https:\/\/www.federassantas.org.br\/novosite\/\",\"logo\":{\"@type\":\"ImageObject\",\"inLanguage\":\"pt-BR\",\"@id\":\"https:\/\/www.federassantas.org.br\/novosite\/#\/schema\/logo\/image\/\",\"url\":\"https:\/\/www.federassantas.org.br\/novosite\/wp-content\/uploads\/2021\/12\/logo.png\",\"contentUrl\":\"https:\/\/www.federassantas.org.br\/novosite\/wp-content\/uploads\/2021\/12\/logo.png\",\"width\":243,\"height\":59,\"caption\":\"Federassantas\"},\"image\":{\"@id\":\"https:\/\/www.federassantas.org.br\/novosite\/#\/schema\/logo\/image\/\"}},{\"@type\":\"Person\",\"@id\":\"https:\/\/www.federassantas.org.br\/novosite\/#\/schema\/person\/75fed98158349313fe56175f232f513c\",\"name\":\"admin-federas\",\"image\":{\"@type\":\"ImageObject\",\"inLanguage\":\"pt-BR\",\"@id\":\"https:\/\/www.federassantas.org.br\/novosite\/#\/schema\/person\/image\/\",\"url\":\"https:\/\/secure.gravatar.com\/avatar\/2a02d7dda59fe8dc6b7ffd3f652e2efede5ccf0dd89dfdc8137c5517f3de8407?s=96&d=mm&r=g\",\"contentUrl\":\"https:\/\/secure.gravatar.com\/avatar\/2a02d7dda59fe8dc6b7ffd3f652e2efede5ccf0dd89dfdc8137c5517f3de8407?s=96&d=mm&r=g\",\"caption\":\"admin-federas\"},\"sameAs\":[\"https:\/\/www.federassantas.org.br\/novosite\/\"],\"url\":\"https:\/\/www.federassantas.org.br\/novosite\/author\/admin-federas\/\"}]}<\/script>\n<!-- \/ Yoast SEO plugin. -->","yoast_head_json":{"title":"Guia para Campanha de Vacina\u00e7\u00e3o 2016: entenda quando tomar cada dose - Federassantas","robots":{"index":"index","follow":"follow","max-snippet":"max-snippet:-1","max-image-preview":"max-image-preview:large","max-video-preview":"max-video-preview:-1"},"canonical":"https:\/\/www.federassantas.org.br\/novosite\/guia-para-campanha-de-vacinacao-2016-entenda-quando-tomar-cada-dose\/","og_locale":"pt_BR","og_type":"article","og_title":"Guia para Campanha de Vacina\u00e7\u00e3o 2016: entenda quando tomar cada dose - Federassantas","og_description":"Na \u00faltima segunda-feira (19) o Sistema \u00danico de Sa\u00fade (SUS) deu in\u00edcio \u00e0 Campanha Nacional de Vacina\u00e7\u00e3o 2016. O programa disponibiliza gratuitamente 19,2 milh\u00f5es de doses nos 36 mil postos fixos de todo o Brasil. Pela primeira vez na hist\u00f3ria, todas as vacinas estar\u00e3o dispon\u00edveis para crian\u00e7as de at\u00e9 5 anos e para crian\u00e7as e [&hellip;]","og_url":"https:\/\/www.federassantas.org.br\/novosite\/guia-para-campanha-de-vacinacao-2016-entenda-quando-tomar-cada-dose\/","og_site_name":"Federassantas","article_published_time":"2016-09-21T19:30:56+00:00","og_image":[{"width":622,"height":415,"url":"https:\/\/www.federassantas.org.br\/novosite\/wp-content\/uploads\/2022\/09\/thumbnail-default.jpg","type":"image\/jpeg"}],"author":"admin-federas","twitter_card":"summary_large_image","twitter_misc":{"Escrito por":"admin-federas","Est. tempo de leitura":"1 minuto"},"schema":{"@context":"https:\/\/schema.org","@graph":[{"@type":"Article","@id":"https:\/\/www.federassantas.org.br\/novosite\/guia-para-campanha-de-vacinacao-2016-entenda-quando-tomar-cada-dose\/#article","isPartOf":{"@id":"https:\/\/www.federassantas.org.br\/novosite\/guia-para-campanha-de-vacinacao-2016-entenda-quando-tomar-cada-dose\/"},"author":{"name":"admin-federas","@id":"https:\/\/www.federassantas.org.br\/novosite\/#\/schema\/person\/75fed98158349313fe56175f232f513c"},"headline":"Guia para Campanha de Vacina\u00e7\u00e3o 2016: entenda quando tomar cada dose","datePublished":"2016-09-21T19:30:56+00:00","mainEntityOfPage":{"@id":"https:\/\/www.federassantas.org.br\/novosite\/guia-para-campanha-de-vacinacao-2016-entenda-quando-tomar-cada-dose\/"},"wordCount":269,"commentCount":0,"publisher":{"@id":"https:\/\/www.federassantas.org.br\/novosite\/#organization"},"image":{"@id":"https:\/\/www.federassantas.org.br\/novosite\/guia-para-campanha-de-vacinacao-2016-entenda-quando-tomar-cada-dose\/#primaryimage"},"thumbnailUrl":"","articleSection":["Not\u00edcias"],"inLanguage":"pt-BR","potentialAction":[{"@type":"CommentAction","name":"Comment","target":["https:\/\/www.federassantas.org.br\/novosite\/guia-para-campanha-de-vacinacao-2016-entenda-quando-tomar-cada-dose\/#respond"]}]},{"@type":"WebPage","@id":"https:\/\/www.federassantas.org.br\/novosite\/guia-para-campanha-de-vacinacao-2016-entenda-quando-tomar-cada-dose\/","url":"https:\/\/www.federassantas.org.br\/novosite\/guia-para-campanha-de-vacinacao-2016-entenda-quando-tomar-cada-dose\/","name":"Guia para Campanha de Vacina\u00e7\u00e3o 2016: entenda quando tomar cada dose - Federassantas","isPartOf":{"@id":"https:\/\/www.federassantas.org.br\/novosite\/#website"},"primaryImageOfPage":{"@id":"https:\/\/www.federassantas.org.br\/novosite\/guia-para-campanha-de-vacinacao-2016-entenda-quando-tomar-cada-dose\/#primaryimage"},"image":{"@id":"https:\/\/www.federassantas.org.br\/novosite\/guia-para-campanha-de-vacinacao-2016-entenda-quando-tomar-cada-dose\/#primaryimage"},"thumbnailUrl":"","datePublished":"2016-09-21T19:30:56+00:00","breadcrumb":{"@id":"https:\/\/www.federassantas.org.br\/novosite\/guia-para-campanha-de-vacinacao-2016-entenda-quando-tomar-cada-dose\/#breadcrumb"},"inLanguage":"pt-BR","potentialAction":[{"@type":"ReadAction","target":["https:\/\/www.federassantas.org.br\/novosite\/guia-para-campanha-de-vacinacao-2016-entenda-quando-tomar-cada-dose\/"]}]},{"@type":"ImageObject","inLanguage":"pt-BR","@id":"https:\/\/www.federassantas.org.br\/novosite\/guia-para-campanha-de-vacinacao-2016-entenda-quando-tomar-cada-dose\/#primaryimage","url":"","contentUrl":""},{"@type":"BreadcrumbList","@id":"https:\/\/www.federassantas.org.br\/novosite\/guia-para-campanha-de-vacinacao-2016-entenda-quando-tomar-cada-dose\/#breadcrumb","itemListElement":[{"@type":"ListItem","position":1,"name":"In\u00edcio","item":"https:\/\/www.federassantas.org.br\/novosite\/"},{"@type":"ListItem","position":2,"name":"Guia para Campanha de Vacina\u00e7\u00e3o 2016: entenda quando tomar cada dose"}]},{"@type":"WebSite","@id":"https:\/\/www.federassantas.org.br\/novosite\/#website","url":"https:\/\/www.federassantas.org.br\/novosite\/","name":"Federassantas","description":"Entidade de representa\u00e7\u00e3o e fortalecimento das Santas Casas, hospitais filantr\u00f3picos e entidades beneficentes de sa\u00fade de Minas Gerais, atuando na defesa institucional, qualifica\u00e7\u00e3o da gest\u00e3o e sustentabilidade do setor.","publisher":{"@id":"https:\/\/www.federassantas.org.br\/novosite\/#organization"},"potentialAction":[{"@type":"SearchAction","target":{"@type":"EntryPoint","urlTemplate":"https:\/\/www.federassantas.org.br\/novosite\/?s={search_term_string}"},"query-input":{"@type":"PropertyValueSpecification","valueRequired":true,"valueName":"search_term_string"}}],"inLanguage":"pt-BR"},{"@type":"Organization","@id":"https:\/\/www.federassantas.org.br\/novosite\/#organization","name":"Federassantas","url":"https:\/\/www.federassantas.org.br\/novosite\/","logo":{"@type":"ImageObject","inLanguage":"pt-BR","@id":"https:\/\/www.federassantas.org.br\/novosite\/#\/schema\/logo\/image\/","url":"https:\/\/www.federassantas.org.br\/novosite\/wp-content\/uploads\/2021\/12\/logo.png","contentUrl":"https:\/\/www.federassantas.org.br\/novosite\/wp-content\/uploads\/2021\/12\/logo.png","width":243,"height":59,"caption":"Federassantas"},"image":{"@id":"https:\/\/www.federassantas.org.br\/novosite\/#\/schema\/logo\/image\/"}},{"@type":"Person","@id":"https:\/\/www.federassantas.org.br\/novosite\/#\/schema\/person\/75fed98158349313fe56175f232f513c","name":"admin-federas","image":{"@type":"ImageObject","inLanguage":"pt-BR","@id":"https:\/\/www.federassantas.org.br\/novosite\/#\/schema\/person\/image\/","url":"https:\/\/secure.gravatar.com\/avatar\/2a02d7dda59fe8dc6b7ffd3f652e2efede5ccf0dd89dfdc8137c5517f3de8407?s=96&d=mm&r=g","contentUrl":"https:\/\/secure.gravatar.com\/avatar\/2a02d7dda59fe8dc6b7ffd3f652e2efede5ccf0dd89dfdc8137c5517f3de8407?s=96&d=mm&r=g","caption":"admin-federas"},"sameAs":["https:\/\/www.federassantas.org.br\/novosite\/"],"url":"https:\/\/www.federassantas.org.br\/novosite\/author\/admin-federas\/"}]}},"_links":{"self":[{"href":"https:\/\/www.federassantas.org.br\/novosite\/wp-json\/wp\/v2\/posts\/7859","targetHints":{"allow":["GET"]}}],"collection":[{"href":"https:\/\/www.federassantas.org.br\/novosite\/wp-json\/wp\/v2\/posts"}],"about":[{"href":"https:\/\/www.federassantas.org.br\/novosite\/wp-json\/wp\/v2\/types\/post"}],"author":[{"embeddable":true,"href":"https:\/\/www.federassantas.org.br\/novosite\/wp-json\/wp\/v2\/users\/1"}],"replies":[{"embeddable":true,"href":"https:\/\/www.federassantas.org.br\/novosite\/wp-json\/wp\/v2\/comments?post=7859"}],"version-history":[{"count":0,"href":"https:\/\/www.federassantas.org.br\/novosite\/wp-json\/wp\/v2\/posts\/7859\/revisions"}],"wp:attachment":[{"href":"https:\/\/www.federassantas.org.br\/novosite\/wp-json\/wp\/v2\/media?parent=7859"}],"wp:term":[{"taxonomy":"category","embeddable":true,"href":"https:\/\/www.federassantas.org.br\/novosite\/wp-json\/wp\/v2\/categories?post=7859"},{"taxonomy":"post_tag","embeddable":true,"href":"https:\/\/www.federassantas.org.br\/novosite\/wp-json\/wp\/v2\/tags?post=7859"}],"curies":[{"name":"wp","href":"https:\/\/api.w.org\/{rel}","templated":true}]}}