{"id":7873,"date":"2016-09-27T15:34:31","date_gmt":"2016-09-27T18:34:31","guid":{"rendered":"https:\/\/federasbackup.meltcomunicacao.com.br\/?p=7873"},"modified":"2016-09-27T15:34:31","modified_gmt":"2016-09-27T18:34:31","slug":"seis-cidades-de-minas-vao-receber-r-13-bilhao-para-unidades-de-saude","status":"publish","type":"post","link":"https:\/\/www.federassantas.org.br\/novosite\/seis-cidades-de-minas-vao-receber-r-13-bilhao-para-unidades-de-saude\/","title":{"rendered":"Seis cidades de Minas v\u00e3o receber R$ 1,3 bilh\u00e3o para unidades de sa\u00fade"},"content":{"rendered":"<p>Seis cidades de Minas receber\u00e3o aporte de R$ 1,3 bilh\u00e3o do Minist\u00e9rio da Sa\u00fade para constru\u00e7\u00e3o e amplia\u00e7\u00e3o de Unidades B\u00e1sicas de Sa\u00fade (UBS), do governo federal. Betim, Concei\u00e7\u00e3o das Lagoas, Jo\u00e3o Monlevade, Divino, Sobr\u00e1lia e Itabira v\u00e3o receber os recursos fazem parte do Programa de Requalifica\u00e7\u00e3o de Unidades B\u00e1sicas de Sa\u00fade (Requalifica UBS), previstos no \u00e2mbito do Programa de Acelera\u00e7\u00e3o do Crescimento (PAC 2). Ao todo, o Minist\u00e9rio da Sa\u00fade destinar\u00e1 R$ 5,8 bilh\u00f5es para constru\u00e7\u00e3o e amplia\u00e7\u00e3o de cerca de 27 mil Unidades B\u00e1sicas de Sa\u00fade (UBS) em mais de 5 mil munic\u00edpios brasileiros.<\/p>\n<p>O programa Requalifica UBS foi criado em 2011 e permite que sejam firmadas parcerias com os munic\u00edpios para que os gestores locais possam estruturar seus postos de sa\u00fade e oferecer melhor atendimento \u00e0 popula\u00e7\u00e3o.\u00a0A meta do Minist\u00e9rio da Sa\u00fade \u00e9 que o sistema da Aten\u00e7\u00e3o B\u00e1sica tenha capacidade para solucionar at\u00e9 80% dos problemas de sa\u00fade da popula\u00e7\u00e3o, o que ajuda a desafogar os atendimentos em hospitais gerais e institui\u00e7\u00f5es habilitadas para servi\u00e7os de m\u00e9dia e alta complexidade.<\/p>\n<p>Em 2002, o governo federal destinava R$ 3,2 bilh\u00f5es \u00e0 Aten\u00e7\u00e3o B\u00e1sica. Em 2015, o investimento alcan\u00e7ou R$ 18,7 bilh\u00f5es. O n\u00famero de Unidades B\u00e1sicas de Sa\u00fade no Brasil tamb\u00e9m cresce a cada ano. Em 2010, havia cerca de 32,8 mil unidades em funcionamento. At\u00e9 o in\u00edcio de julho, s\u00e3o mais de 40,6 mil em funcionamento.<\/p>\n<p>*Com Ag\u00eancia Sa\u00fade<\/p>\n<p><em>(Fonte: <a href=\"http:\/\/Seis cidades de Minas v\u00e3o receber R$ 1,3 bilh\u00e3o para unidades de sa\u00fade\" target=\"_blank\" rel=\"noopener\">Jornal Hoje em Dia<\/a>\u00a0)<\/em><\/p>\n","protected":false},"excerpt":{"rendered":"<p>Seis cidades de Minas receber\u00e3o aporte de R$ 1,3 bilh\u00e3o do Minist\u00e9rio da Sa\u00fade para constru\u00e7\u00e3o e amplia\u00e7\u00e3o de Unidades B\u00e1sicas de Sa\u00fade (UBS), do governo federal. Betim, Concei\u00e7\u00e3o das Lagoas, Jo\u00e3o Monlevade, Divino, Sobr\u00e1lia e Itabira v\u00e3o receber os recursos fazem parte do Programa de Requalifica\u00e7\u00e3o de Unidades B\u00e1sicas de Sa\u00fade (Requalifica UBS), previstos [&hellip;]<\/p>\n","protected":false},"author":1,"featured_media":24842,"comment_status":"open","ping_status":"open","sticky":false,"template":"","format":"standard","meta":{"footnotes":""},"categories":[140],"tags":[],"class_list":["post-7873","post","type-post","status-publish","format-standard","has-post-thumbnail","hentry","category-noticias"],"yoast_head":"<!-- This site is optimized with the Yoast SEO plugin v26.9 - https:\/\/yoast.com\/product\/yoast-seo-wordpress\/ -->\n<title>Seis cidades de Minas v\u00e3o receber R$ 1,3 bilh\u00e3o para unidades de sa\u00fade - Federassantas<\/title>\n<meta name=\"robots\" content=\"index, follow, max-snippet:-1, max-image-preview:large, max-video-preview:-1\" \/>\n<link rel=\"canonical\" href=\"https:\/\/www.federassantas.org.br\/novosite\/seis-cidades-de-minas-vao-receber-r-13-bilhao-para-unidades-de-saude\/\" \/>\n<meta property=\"og:locale\" content=\"pt_BR\" \/>\n<meta property=\"og:type\" content=\"article\" \/>\n<meta property=\"og:title\" content=\"Seis cidades de Minas v\u00e3o receber R$ 1,3 bilh\u00e3o para unidades de sa\u00fade - Federassantas\" \/>\n<meta property=\"og:description\" content=\"Seis cidades de Minas receber\u00e3o aporte de R$ 1,3 bilh\u00e3o do Minist\u00e9rio da Sa\u00fade para constru\u00e7\u00e3o e amplia\u00e7\u00e3o de Unidades B\u00e1sicas de Sa\u00fade (UBS), do governo federal. Betim, Concei\u00e7\u00e3o das Lagoas, Jo\u00e3o Monlevade, Divino, Sobr\u00e1lia e Itabira v\u00e3o receber os recursos fazem parte do Programa de Requalifica\u00e7\u00e3o de Unidades B\u00e1sicas de Sa\u00fade (Requalifica UBS), previstos [&hellip;]\" \/>\n<meta property=\"og:url\" content=\"https:\/\/www.federassantas.org.br\/novosite\/seis-cidades-de-minas-vao-receber-r-13-bilhao-para-unidades-de-saude\/\" \/>\n<meta property=\"og:site_name\" content=\"Federassantas\" \/>\n<meta property=\"article:published_time\" content=\"2016-09-27T18:34:31+00:00\" \/>\n<meta property=\"og:image\" content=\"https:\/\/www.federassantas.org.br\/novosite\/wp-content\/uploads\/2022\/09\/thumbnail-default.jpg\" \/>\n\t<meta property=\"og:image:width\" content=\"622\" \/>\n\t<meta property=\"og:image:height\" content=\"415\" \/>\n\t<meta property=\"og:image:type\" content=\"image\/jpeg\" \/>\n<meta name=\"author\" content=\"admin-federas\" \/>\n<meta name=\"twitter:card\" content=\"summary_large_image\" \/>\n<meta name=\"twitter:label1\" content=\"Escrito por\" \/>\n\t<meta name=\"twitter:data1\" content=\"admin-federas\" \/>\n\t<meta name=\"twitter:label2\" content=\"Est. tempo de leitura\" \/>\n\t<meta name=\"twitter:data2\" content=\"1 minuto\" \/>\n<script type=\"application\/ld+json\" class=\"yoast-schema-graph\">{\"@context\":\"https:\/\/schema.org\",\"@graph\":[{\"@type\":\"Article\",\"@id\":\"https:\/\/www.federassantas.org.br\/novosite\/seis-cidades-de-minas-vao-receber-r-13-bilhao-para-unidades-de-saude\/#article\",\"isPartOf\":{\"@id\":\"https:\/\/www.federassantas.org.br\/novosite\/seis-cidades-de-minas-vao-receber-r-13-bilhao-para-unidades-de-saude\/\"},\"author\":{\"name\":\"admin-federas\",\"@id\":\"https:\/\/www.federassantas.org.br\/novosite\/#\/schema\/person\/75fed98158349313fe56175f232f513c\"},\"headline\":\"Seis cidades de Minas v\u00e3o receber R$ 1,3 bilh\u00e3o para unidades de sa\u00fade\",\"datePublished\":\"2016-09-27T18:34:31+00:00\",\"mainEntityOfPage\":{\"@id\":\"https:\/\/www.federassantas.org.br\/novosite\/seis-cidades-de-minas-vao-receber-r-13-bilhao-para-unidades-de-saude\/\"},\"wordCount\":286,\"commentCount\":0,\"publisher\":{\"@id\":\"https:\/\/www.federassantas.org.br\/novosite\/#organization\"},\"image\":{\"@id\":\"https:\/\/www.federassantas.org.br\/novosite\/seis-cidades-de-minas-vao-receber-r-13-bilhao-para-unidades-de-saude\/#primaryimage\"},\"thumbnailUrl\":\"\",\"articleSection\":[\"Not\u00edcias\"],\"inLanguage\":\"pt-BR\",\"potentialAction\":[{\"@type\":\"CommentAction\",\"name\":\"Comment\",\"target\":[\"https:\/\/www.federassantas.org.br\/novosite\/seis-cidades-de-minas-vao-receber-r-13-bilhao-para-unidades-de-saude\/#respond\"]}]},{\"@type\":\"WebPage\",\"@id\":\"https:\/\/www.federassantas.org.br\/novosite\/seis-cidades-de-minas-vao-receber-r-13-bilhao-para-unidades-de-saude\/\",\"url\":\"https:\/\/www.federassantas.org.br\/novosite\/seis-cidades-de-minas-vao-receber-r-13-bilhao-para-unidades-de-saude\/\",\"name\":\"Seis cidades de Minas v\u00e3o receber R$ 1,3 bilh\u00e3o para unidades de sa\u00fade - Federassantas\",\"isPartOf\":{\"@id\":\"https:\/\/www.federassantas.org.br\/novosite\/#website\"},\"primaryImageOfPage\":{\"@id\":\"https:\/\/www.federassantas.org.br\/novosite\/seis-cidades-de-minas-vao-receber-r-13-bilhao-para-unidades-de-saude\/#primaryimage\"},\"image\":{\"@id\":\"https:\/\/www.federassantas.org.br\/novosite\/seis-cidades-de-minas-vao-receber-r-13-bilhao-para-unidades-de-saude\/#primaryimage\"},\"thumbnailUrl\":\"\",\"datePublished\":\"2016-09-27T18:34:31+00:00\",\"breadcrumb\":{\"@id\":\"https:\/\/www.federassantas.org.br\/novosite\/seis-cidades-de-minas-vao-receber-r-13-bilhao-para-unidades-de-saude\/#breadcrumb\"},\"inLanguage\":\"pt-BR\",\"potentialAction\":[{\"@type\":\"ReadAction\",\"target\":[\"https:\/\/www.federassantas.org.br\/novosite\/seis-cidades-de-minas-vao-receber-r-13-bilhao-para-unidades-de-saude\/\"]}]},{\"@type\":\"ImageObject\",\"inLanguage\":\"pt-BR\",\"@id\":\"https:\/\/www.federassantas.org.br\/novosite\/seis-cidades-de-minas-vao-receber-r-13-bilhao-para-unidades-de-saude\/#primaryimage\",\"url\":\"\",\"contentUrl\":\"\"},{\"@type\":\"BreadcrumbList\",\"@id\":\"https:\/\/www.federassantas.org.br\/novosite\/seis-cidades-de-minas-vao-receber-r-13-bilhao-para-unidades-de-saude\/#breadcrumb\",\"itemListElement\":[{\"@type\":\"ListItem\",\"position\":1,\"name\":\"In\u00edcio\",\"item\":\"https:\/\/www.federassantas.org.br\/novosite\/\"},{\"@type\":\"ListItem\",\"position\":2,\"name\":\"Seis cidades de Minas v\u00e3o receber R$ 1,3 bilh\u00e3o para unidades de sa\u00fade\"}]},{\"@type\":\"WebSite\",\"@id\":\"https:\/\/www.federassantas.org.br\/novosite\/#website\",\"url\":\"https:\/\/www.federassantas.org.br\/novosite\/\",\"name\":\"Federassantas\",\"description\":\"Entidade de representa\u00e7\u00e3o e fortalecimento das Santas Casas, hospitais filantr\u00f3picos e entidades beneficentes de sa\u00fade de Minas Gerais, atuando na defesa institucional, qualifica\u00e7\u00e3o da gest\u00e3o e sustentabilidade do setor.\",\"publisher\":{\"@id\":\"https:\/\/www.federassantas.org.br\/novosite\/#organization\"},\"potentialAction\":[{\"@type\":\"SearchAction\",\"target\":{\"@type\":\"EntryPoint\",\"urlTemplate\":\"https:\/\/www.federassantas.org.br\/novosite\/?s={search_term_string}\"},\"query-input\":{\"@type\":\"PropertyValueSpecification\",\"valueRequired\":true,\"valueName\":\"search_term_string\"}}],\"inLanguage\":\"pt-BR\"},{\"@type\":\"Organization\",\"@id\":\"https:\/\/www.federassantas.org.br\/novosite\/#organization\",\"name\":\"Federassantas\",\"url\":\"https:\/\/www.federassantas.org.br\/novosite\/\",\"logo\":{\"@type\":\"ImageObject\",\"inLanguage\":\"pt-BR\",\"@id\":\"https:\/\/www.federassantas.org.br\/novosite\/#\/schema\/logo\/image\/\",\"url\":\"https:\/\/www.federassantas.org.br\/novosite\/wp-content\/uploads\/2021\/12\/logo.png\",\"contentUrl\":\"https:\/\/www.federassantas.org.br\/novosite\/wp-content\/uploads\/2021\/12\/logo.png\",\"width\":243,\"height\":59,\"caption\":\"Federassantas\"},\"image\":{\"@id\":\"https:\/\/www.federassantas.org.br\/novosite\/#\/schema\/logo\/image\/\"}},{\"@type\":\"Person\",\"@id\":\"https:\/\/www.federassantas.org.br\/novosite\/#\/schema\/person\/75fed98158349313fe56175f232f513c\",\"name\":\"admin-federas\",\"image\":{\"@type\":\"ImageObject\",\"inLanguage\":\"pt-BR\",\"@id\":\"https:\/\/www.federassantas.org.br\/novosite\/#\/schema\/person\/image\/\",\"url\":\"https:\/\/secure.gravatar.com\/avatar\/2a02d7dda59fe8dc6b7ffd3f652e2efede5ccf0dd89dfdc8137c5517f3de8407?s=96&d=mm&r=g\",\"contentUrl\":\"https:\/\/secure.gravatar.com\/avatar\/2a02d7dda59fe8dc6b7ffd3f652e2efede5ccf0dd89dfdc8137c5517f3de8407?s=96&d=mm&r=g\",\"caption\":\"admin-federas\"},\"sameAs\":[\"https:\/\/www.federassantas.org.br\/novosite\/\"],\"url\":\"https:\/\/www.federassantas.org.br\/novosite\/author\/admin-federas\/\"}]}<\/script>\n<!-- \/ Yoast SEO plugin. -->","yoast_head_json":{"title":"Seis cidades de Minas v\u00e3o receber R$ 1,3 bilh\u00e3o para unidades de sa\u00fade - Federassantas","robots":{"index":"index","follow":"follow","max-snippet":"max-snippet:-1","max-image-preview":"max-image-preview:large","max-video-preview":"max-video-preview:-1"},"canonical":"https:\/\/www.federassantas.org.br\/novosite\/seis-cidades-de-minas-vao-receber-r-13-bilhao-para-unidades-de-saude\/","og_locale":"pt_BR","og_type":"article","og_title":"Seis cidades de Minas v\u00e3o receber R$ 1,3 bilh\u00e3o para unidades de sa\u00fade - Federassantas","og_description":"Seis cidades de Minas receber\u00e3o aporte de R$ 1,3 bilh\u00e3o do Minist\u00e9rio da Sa\u00fade para constru\u00e7\u00e3o e amplia\u00e7\u00e3o de Unidades B\u00e1sicas de Sa\u00fade (UBS), do governo federal. Betim, Concei\u00e7\u00e3o das Lagoas, Jo\u00e3o Monlevade, Divino, Sobr\u00e1lia e Itabira v\u00e3o receber os recursos fazem parte do Programa de Requalifica\u00e7\u00e3o de Unidades B\u00e1sicas de Sa\u00fade (Requalifica UBS), previstos [&hellip;]","og_url":"https:\/\/www.federassantas.org.br\/novosite\/seis-cidades-de-minas-vao-receber-r-13-bilhao-para-unidades-de-saude\/","og_site_name":"Federassantas","article_published_time":"2016-09-27T18:34:31+00:00","og_image":[{"width":622,"height":415,"url":"https:\/\/www.federassantas.org.br\/novosite\/wp-content\/uploads\/2022\/09\/thumbnail-default.jpg","type":"image\/jpeg"}],"author":"admin-federas","twitter_card":"summary_large_image","twitter_misc":{"Escrito por":"admin-federas","Est. tempo de leitura":"1 minuto"},"schema":{"@context":"https:\/\/schema.org","@graph":[{"@type":"Article","@id":"https:\/\/www.federassantas.org.br\/novosite\/seis-cidades-de-minas-vao-receber-r-13-bilhao-para-unidades-de-saude\/#article","isPartOf":{"@id":"https:\/\/www.federassantas.org.br\/novosite\/seis-cidades-de-minas-vao-receber-r-13-bilhao-para-unidades-de-saude\/"},"author":{"name":"admin-federas","@id":"https:\/\/www.federassantas.org.br\/novosite\/#\/schema\/person\/75fed98158349313fe56175f232f513c"},"headline":"Seis cidades de Minas v\u00e3o receber R$ 1,3 bilh\u00e3o para unidades de sa\u00fade","datePublished":"2016-09-27T18:34:31+00:00","mainEntityOfPage":{"@id":"https:\/\/www.federassantas.org.br\/novosite\/seis-cidades-de-minas-vao-receber-r-13-bilhao-para-unidades-de-saude\/"},"wordCount":286,"commentCount":0,"publisher":{"@id":"https:\/\/www.federassantas.org.br\/novosite\/#organization"},"image":{"@id":"https:\/\/www.federassantas.org.br\/novosite\/seis-cidades-de-minas-vao-receber-r-13-bilhao-para-unidades-de-saude\/#primaryimage"},"thumbnailUrl":"","articleSection":["Not\u00edcias"],"inLanguage":"pt-BR","potentialAction":[{"@type":"CommentAction","name":"Comment","target":["https:\/\/www.federassantas.org.br\/novosite\/seis-cidades-de-minas-vao-receber-r-13-bilhao-para-unidades-de-saude\/#respond"]}]},{"@type":"WebPage","@id":"https:\/\/www.federassantas.org.br\/novosite\/seis-cidades-de-minas-vao-receber-r-13-bilhao-para-unidades-de-saude\/","url":"https:\/\/www.federassantas.org.br\/novosite\/seis-cidades-de-minas-vao-receber-r-13-bilhao-para-unidades-de-saude\/","name":"Seis cidades de Minas v\u00e3o receber R$ 1,3 bilh\u00e3o para unidades de sa\u00fade - Federassantas","isPartOf":{"@id":"https:\/\/www.federassantas.org.br\/novosite\/#website"},"primaryImageOfPage":{"@id":"https:\/\/www.federassantas.org.br\/novosite\/seis-cidades-de-minas-vao-receber-r-13-bilhao-para-unidades-de-saude\/#primaryimage"},"image":{"@id":"https:\/\/www.federassantas.org.br\/novosite\/seis-cidades-de-minas-vao-receber-r-13-bilhao-para-unidades-de-saude\/#primaryimage"},"thumbnailUrl":"","datePublished":"2016-09-27T18:34:31+00:00","breadcrumb":{"@id":"https:\/\/www.federassantas.org.br\/novosite\/seis-cidades-de-minas-vao-receber-r-13-bilhao-para-unidades-de-saude\/#breadcrumb"},"inLanguage":"pt-BR","potentialAction":[{"@type":"ReadAction","target":["https:\/\/www.federassantas.org.br\/novosite\/seis-cidades-de-minas-vao-receber-r-13-bilhao-para-unidades-de-saude\/"]}]},{"@type":"ImageObject","inLanguage":"pt-BR","@id":"https:\/\/www.federassantas.org.br\/novosite\/seis-cidades-de-minas-vao-receber-r-13-bilhao-para-unidades-de-saude\/#primaryimage","url":"","contentUrl":""},{"@type":"BreadcrumbList","@id":"https:\/\/www.federassantas.org.br\/novosite\/seis-cidades-de-minas-vao-receber-r-13-bilhao-para-unidades-de-saude\/#breadcrumb","itemListElement":[{"@type":"ListItem","position":1,"name":"In\u00edcio","item":"https:\/\/www.federassantas.org.br\/novosite\/"},{"@type":"ListItem","position":2,"name":"Seis cidades de Minas v\u00e3o receber R$ 1,3 bilh\u00e3o para unidades de sa\u00fade"}]},{"@type":"WebSite","@id":"https:\/\/www.federassantas.org.br\/novosite\/#website","url":"https:\/\/www.federassantas.org.br\/novosite\/","name":"Federassantas","description":"Entidade de representa\u00e7\u00e3o e fortalecimento das Santas Casas, hospitais filantr\u00f3picos e entidades beneficentes de sa\u00fade de Minas Gerais, atuando na defesa institucional, qualifica\u00e7\u00e3o da gest\u00e3o e sustentabilidade do setor.","publisher":{"@id":"https:\/\/www.federassantas.org.br\/novosite\/#organization"},"potentialAction":[{"@type":"SearchAction","target":{"@type":"EntryPoint","urlTemplate":"https:\/\/www.federassantas.org.br\/novosite\/?s={search_term_string}"},"query-input":{"@type":"PropertyValueSpecification","valueRequired":true,"valueName":"search_term_string"}}],"inLanguage":"pt-BR"},{"@type":"Organization","@id":"https:\/\/www.federassantas.org.br\/novosite\/#organization","name":"Federassantas","url":"https:\/\/www.federassantas.org.br\/novosite\/","logo":{"@type":"ImageObject","inLanguage":"pt-BR","@id":"https:\/\/www.federassantas.org.br\/novosite\/#\/schema\/logo\/image\/","url":"https:\/\/www.federassantas.org.br\/novosite\/wp-content\/uploads\/2021\/12\/logo.png","contentUrl":"https:\/\/www.federassantas.org.br\/novosite\/wp-content\/uploads\/2021\/12\/logo.png","width":243,"height":59,"caption":"Federassantas"},"image":{"@id":"https:\/\/www.federassantas.org.br\/novosite\/#\/schema\/logo\/image\/"}},{"@type":"Person","@id":"https:\/\/www.federassantas.org.br\/novosite\/#\/schema\/person\/75fed98158349313fe56175f232f513c","name":"admin-federas","image":{"@type":"ImageObject","inLanguage":"pt-BR","@id":"https:\/\/www.federassantas.org.br\/novosite\/#\/schema\/person\/image\/","url":"https:\/\/secure.gravatar.com\/avatar\/2a02d7dda59fe8dc6b7ffd3f652e2efede5ccf0dd89dfdc8137c5517f3de8407?s=96&d=mm&r=g","contentUrl":"https:\/\/secure.gravatar.com\/avatar\/2a02d7dda59fe8dc6b7ffd3f652e2efede5ccf0dd89dfdc8137c5517f3de8407?s=96&d=mm&r=g","caption":"admin-federas"},"sameAs":["https:\/\/www.federassantas.org.br\/novosite\/"],"url":"https:\/\/www.federassantas.org.br\/novosite\/author\/admin-federas\/"}]}},"_links":{"self":[{"href":"https:\/\/www.federassantas.org.br\/novosite\/wp-json\/wp\/v2\/posts\/7873","targetHints":{"allow":["GET"]}}],"collection":[{"href":"https:\/\/www.federassantas.org.br\/novosite\/wp-json\/wp\/v2\/posts"}],"about":[{"href":"https:\/\/www.federassantas.org.br\/novosite\/wp-json\/wp\/v2\/types\/post"}],"author":[{"embeddable":true,"href":"https:\/\/www.federassantas.org.br\/novosite\/wp-json\/wp\/v2\/users\/1"}],"replies":[{"embeddable":true,"href":"https:\/\/www.federassantas.org.br\/novosite\/wp-json\/wp\/v2\/comments?post=7873"}],"version-history":[{"count":0,"href":"https:\/\/www.federassantas.org.br\/novosite\/wp-json\/wp\/v2\/posts\/7873\/revisions"}],"wp:attachment":[{"href":"https:\/\/www.federassantas.org.br\/novosite\/wp-json\/wp\/v2\/media?parent=7873"}],"wp:term":[{"taxonomy":"category","embeddable":true,"href":"https:\/\/www.federassantas.org.br\/novosite\/wp-json\/wp\/v2\/categories?post=7873"},{"taxonomy":"post_tag","embeddable":true,"href":"https:\/\/www.federassantas.org.br\/novosite\/wp-json\/wp\/v2\/tags?post=7873"}],"curies":[{"name":"wp","href":"https:\/\/api.w.org\/{rel}","templated":true}]}}