{"id":7905,"date":"2016-10-17T15:30:29","date_gmt":"2016-10-17T17:30:29","guid":{"rendered":"https:\/\/federasbackup.meltcomunicacao.com.br\/?p=7905"},"modified":"2016-10-17T15:30:29","modified_gmt":"2016-10-17T17:30:29","slug":"calculo-e-diluicao-de-medicamentos-curso-de-capacitacao-e-qualificacao-promovido-pela-santa-casa-de-bh","status":"publish","type":"post","link":"https:\/\/www.federassantas.org.br\/novosite\/calculo-e-diluicao-de-medicamentos-curso-de-capacitacao-e-qualificacao-promovido-pela-santa-casa-de-bh\/","title":{"rendered":"&#8220;C\u00e1lculo e dilui\u00e7\u00e3o de medicamentos&#8221; &#8211; Curso de Capacita\u00e7\u00e3o e Qualifica\u00e7\u00e3o promovido pela Santa Casa de BH"},"content":{"rendered":"<p>Est\u00e3o abertas as inscri\u00e7\u00f5es para o curso \u2018C\u00e1lculo e dilui\u00e7\u00e3o de medicamentos\u2019 oferecido pela Escola T\u00e9cnica Santa Casa BH, no dia 22 de outubro, para enfermeiros, t\u00e9cnicos em enfermagem, alunos do curso t\u00e9cnico em enfermagem e acad\u00eamicos da \u00e1rea de sa\u00fade. Com dura\u00e7\u00e3o de 4 horas, a capacita\u00e7\u00e3o tem o objetivo de promover o aperfei\u00e7oamento te\u00f3rico-pr\u00e1tico para a dilui\u00e7\u00e3o e c\u00e1lculo das medica\u00e7\u00f5es.<\/p>\n<p>A Escola T\u00e9cnica tamb\u00e9m est\u00e1 com inscri\u00e7\u00f5es abertas para o seu tradicional curso t\u00e9cnico em enfermagem e para os seguintes cursos de qualifica\u00e7\u00e3o: Assist\u00eancia de Enfermagem em Oncologia; Cuidador de Idosos; Cuidados com Rec\u00e9m-nascidos e Crian\u00e7as; Nefrologia Aplicada para a Enfermagem; Terapia Intensiva de Alta Complexidade &#8211; Neonatal; Terapia Intensiva de Alta Complexidade &#8211; Adulto e Urg\u00eancia e Emerg\u00eancia.<\/p>\n<p>As inscri\u00e7\u00f5es podem ser feitas na secretaria da escola &#8211; rua Domingos Vieira, 590, Santa Efig\u00eania.<\/p>\n<p>Informa\u00e7\u00f5es pelos telefones (31) 3238.8601 \/ 3238.8672 ou pelo portal <a href=\"http:\/\/santacasabh.org.br\/\" data-saferedirecturl=\"https:\/\/www.google.com\/url?hl=pt-BR&amp;q=http:\/\/santacasabh.org.br&amp;source=gmail&amp;ust=1476794057799000&amp;usg=AFQjCNGqGfCfH2jsvPJ9h6KQGapXfGMQ_g\">santacasabh.org.br<\/a>.<\/p>\n","protected":false},"excerpt":{"rendered":"<p>Est\u00e3o abertas as inscri\u00e7\u00f5es para o curso \u2018C\u00e1lculo e dilui\u00e7\u00e3o de medicamentos\u2019 oferecido pela Escola T\u00e9cnica Santa Casa BH, no dia 22 de outubro, para enfermeiros, t\u00e9cnicos em enfermagem, alunos do curso t\u00e9cnico em enfermagem e acad\u00eamicos da \u00e1rea de sa\u00fade. Com dura\u00e7\u00e3o de 4 horas, a capacita\u00e7\u00e3o tem o objetivo de promover o aperfei\u00e7oamento [&hellip;]<\/p>\n","protected":false},"author":1,"featured_media":24842,"comment_status":"open","ping_status":"open","sticky":false,"template":"","format":"standard","meta":{"footnotes":""},"categories":[140,139],"tags":[102,103,79,104,85,92,58],"class_list":["post-7905","post","type-post","status-publish","format-standard","has-post-thumbnail","hentry","category-noticias","category-noticias-filiados","tag-capacitacao","tag-capacitacao-tecnica","tag-curso","tag-enfermagem","tag-especializacao","tag-santa-casa","tag-sus"],"yoast_head":"<!-- This site is optimized with the Yoast SEO plugin v26.9 - https:\/\/yoast.com\/product\/yoast-seo-wordpress\/ -->\n<title>&quot;C\u00e1lculo e dilui\u00e7\u00e3o de medicamentos&quot; - Curso de Capacita\u00e7\u00e3o e Qualifica\u00e7\u00e3o promovido pela Santa Casa de BH - Federassantas<\/title>\n<meta name=\"robots\" content=\"index, follow, max-snippet:-1, max-image-preview:large, max-video-preview:-1\" \/>\n<link rel=\"canonical\" href=\"https:\/\/www.federassantas.org.br\/novosite\/calculo-e-diluicao-de-medicamentos-curso-de-capacitacao-e-qualificacao-promovido-pela-santa-casa-de-bh\/\" \/>\n<meta property=\"og:locale\" content=\"pt_BR\" \/>\n<meta property=\"og:type\" content=\"article\" \/>\n<meta property=\"og:title\" content=\"&quot;C\u00e1lculo e dilui\u00e7\u00e3o de medicamentos&quot; - Curso de Capacita\u00e7\u00e3o e Qualifica\u00e7\u00e3o promovido pela Santa Casa de BH - Federassantas\" \/>\n<meta property=\"og:description\" content=\"Est\u00e3o abertas as inscri\u00e7\u00f5es para o curso \u2018C\u00e1lculo e dilui\u00e7\u00e3o de medicamentos\u2019 oferecido pela Escola T\u00e9cnica Santa Casa BH, no dia 22 de outubro, para enfermeiros, t\u00e9cnicos em enfermagem, alunos do curso t\u00e9cnico em enfermagem e acad\u00eamicos da \u00e1rea de sa\u00fade. Com dura\u00e7\u00e3o de 4 horas, a capacita\u00e7\u00e3o tem o objetivo de promover o aperfei\u00e7oamento [&hellip;]\" \/>\n<meta property=\"og:url\" content=\"https:\/\/www.federassantas.org.br\/novosite\/calculo-e-diluicao-de-medicamentos-curso-de-capacitacao-e-qualificacao-promovido-pela-santa-casa-de-bh\/\" \/>\n<meta property=\"og:site_name\" content=\"Federassantas\" \/>\n<meta property=\"article:published_time\" content=\"2016-10-17T17:30:29+00:00\" \/>\n<meta property=\"og:image\" content=\"https:\/\/www.federassantas.org.br\/novosite\/wp-content\/uploads\/2022\/09\/thumbnail-default.jpg\" \/>\n\t<meta property=\"og:image:width\" content=\"622\" \/>\n\t<meta property=\"og:image:height\" content=\"415\" \/>\n\t<meta property=\"og:image:type\" content=\"image\/jpeg\" \/>\n<meta name=\"author\" content=\"admin-federas\" \/>\n<meta name=\"twitter:card\" content=\"summary_large_image\" \/>\n<meta name=\"twitter:label1\" content=\"Escrito por\" \/>\n\t<meta name=\"twitter:data1\" content=\"admin-federas\" \/>\n\t<meta name=\"twitter:label2\" content=\"Est. tempo de leitura\" \/>\n\t<meta name=\"twitter:data2\" content=\"1 minuto\" \/>\n<script type=\"application\/ld+json\" class=\"yoast-schema-graph\">{\"@context\":\"https:\/\/schema.org\",\"@graph\":[{\"@type\":\"Article\",\"@id\":\"https:\/\/www.federassantas.org.br\/novosite\/calculo-e-diluicao-de-medicamentos-curso-de-capacitacao-e-qualificacao-promovido-pela-santa-casa-de-bh\/#article\",\"isPartOf\":{\"@id\":\"https:\/\/www.federassantas.org.br\/novosite\/calculo-e-diluicao-de-medicamentos-curso-de-capacitacao-e-qualificacao-promovido-pela-santa-casa-de-bh\/\"},\"author\":{\"name\":\"admin-federas\",\"@id\":\"https:\/\/www.federassantas.org.br\/novosite\/#\/schema\/person\/75fed98158349313fe56175f232f513c\"},\"headline\":\"&#8220;C\u00e1lculo e dilui\u00e7\u00e3o de medicamentos&#8221; &#8211; Curso de Capacita\u00e7\u00e3o e Qualifica\u00e7\u00e3o promovido pela Santa Casa de BH\",\"datePublished\":\"2016-10-17T17:30:29+00:00\",\"mainEntityOfPage\":{\"@id\":\"https:\/\/www.federassantas.org.br\/novosite\/calculo-e-diluicao-de-medicamentos-curso-de-capacitacao-e-qualificacao-promovido-pela-santa-casa-de-bh\/\"},\"wordCount\":195,\"commentCount\":0,\"publisher\":{\"@id\":\"https:\/\/www.federassantas.org.br\/novosite\/#organization\"},\"image\":{\"@id\":\"https:\/\/www.federassantas.org.br\/novosite\/calculo-e-diluicao-de-medicamentos-curso-de-capacitacao-e-qualificacao-promovido-pela-santa-casa-de-bh\/#primaryimage\"},\"thumbnailUrl\":\"\",\"keywords\":[\"Capacita\u00e7\u00e3o\",\"Capacita\u00e7\u00e3o T\u00e9cnica\",\"curso\",\"Enfermagem\",\"Especializa\u00e7\u00e3o\",\"Santa Casa\",\"sus\"],\"articleSection\":[\"Not\u00edcias\",\"Not\u00edcias filiados\"],\"inLanguage\":\"pt-BR\",\"potentialAction\":[{\"@type\":\"CommentAction\",\"name\":\"Comment\",\"target\":[\"https:\/\/www.federassantas.org.br\/novosite\/calculo-e-diluicao-de-medicamentos-curso-de-capacitacao-e-qualificacao-promovido-pela-santa-casa-de-bh\/#respond\"]}]},{\"@type\":\"WebPage\",\"@id\":\"https:\/\/www.federassantas.org.br\/novosite\/calculo-e-diluicao-de-medicamentos-curso-de-capacitacao-e-qualificacao-promovido-pela-santa-casa-de-bh\/\",\"url\":\"https:\/\/www.federassantas.org.br\/novosite\/calculo-e-diluicao-de-medicamentos-curso-de-capacitacao-e-qualificacao-promovido-pela-santa-casa-de-bh\/\",\"name\":\"\\\"C\u00e1lculo e dilui\u00e7\u00e3o de medicamentos\\\" - Curso de Capacita\u00e7\u00e3o e Qualifica\u00e7\u00e3o promovido pela Santa Casa de BH - Federassantas\",\"isPartOf\":{\"@id\":\"https:\/\/www.federassantas.org.br\/novosite\/#website\"},\"primaryImageOfPage\":{\"@id\":\"https:\/\/www.federassantas.org.br\/novosite\/calculo-e-diluicao-de-medicamentos-curso-de-capacitacao-e-qualificacao-promovido-pela-santa-casa-de-bh\/#primaryimage\"},\"image\":{\"@id\":\"https:\/\/www.federassantas.org.br\/novosite\/calculo-e-diluicao-de-medicamentos-curso-de-capacitacao-e-qualificacao-promovido-pela-santa-casa-de-bh\/#primaryimage\"},\"thumbnailUrl\":\"\",\"datePublished\":\"2016-10-17T17:30:29+00:00\",\"breadcrumb\":{\"@id\":\"https:\/\/www.federassantas.org.br\/novosite\/calculo-e-diluicao-de-medicamentos-curso-de-capacitacao-e-qualificacao-promovido-pela-santa-casa-de-bh\/#breadcrumb\"},\"inLanguage\":\"pt-BR\",\"potentialAction\":[{\"@type\":\"ReadAction\",\"target\":[\"https:\/\/www.federassantas.org.br\/novosite\/calculo-e-diluicao-de-medicamentos-curso-de-capacitacao-e-qualificacao-promovido-pela-santa-casa-de-bh\/\"]}]},{\"@type\":\"ImageObject\",\"inLanguage\":\"pt-BR\",\"@id\":\"https:\/\/www.federassantas.org.br\/novosite\/calculo-e-diluicao-de-medicamentos-curso-de-capacitacao-e-qualificacao-promovido-pela-santa-casa-de-bh\/#primaryimage\",\"url\":\"\",\"contentUrl\":\"\"},{\"@type\":\"BreadcrumbList\",\"@id\":\"https:\/\/www.federassantas.org.br\/novosite\/calculo-e-diluicao-de-medicamentos-curso-de-capacitacao-e-qualificacao-promovido-pela-santa-casa-de-bh\/#breadcrumb\",\"itemListElement\":[{\"@type\":\"ListItem\",\"position\":1,\"name\":\"In\u00edcio\",\"item\":\"https:\/\/www.federassantas.org.br\/novosite\/\"},{\"@type\":\"ListItem\",\"position\":2,\"name\":\"&#8220;C\u00e1lculo e dilui\u00e7\u00e3o de medicamentos&#8221; &#8211; Curso de Capacita\u00e7\u00e3o e Qualifica\u00e7\u00e3o promovido pela Santa Casa de BH\"}]},{\"@type\":\"WebSite\",\"@id\":\"https:\/\/www.federassantas.org.br\/novosite\/#website\",\"url\":\"https:\/\/www.federassantas.org.br\/novosite\/\",\"name\":\"Federassantas\",\"description\":\"Entidade de representa\u00e7\u00e3o e fortalecimento das Santas Casas, hospitais filantr\u00f3picos e entidades beneficentes de sa\u00fade de Minas Gerais, atuando na defesa institucional, qualifica\u00e7\u00e3o da gest\u00e3o e sustentabilidade do setor.\",\"publisher\":{\"@id\":\"https:\/\/www.federassantas.org.br\/novosite\/#organization\"},\"potentialAction\":[{\"@type\":\"SearchAction\",\"target\":{\"@type\":\"EntryPoint\",\"urlTemplate\":\"https:\/\/www.federassantas.org.br\/novosite\/?s={search_term_string}\"},\"query-input\":{\"@type\":\"PropertyValueSpecification\",\"valueRequired\":true,\"valueName\":\"search_term_string\"}}],\"inLanguage\":\"pt-BR\"},{\"@type\":\"Organization\",\"@id\":\"https:\/\/www.federassantas.org.br\/novosite\/#organization\",\"name\":\"Federassantas\",\"url\":\"https:\/\/www.federassantas.org.br\/novosite\/\",\"logo\":{\"@type\":\"ImageObject\",\"inLanguage\":\"pt-BR\",\"@id\":\"https:\/\/www.federassantas.org.br\/novosite\/#\/schema\/logo\/image\/\",\"url\":\"https:\/\/www.federassantas.org.br\/novosite\/wp-content\/uploads\/2021\/12\/logo.png\",\"contentUrl\":\"https:\/\/www.federassantas.org.br\/novosite\/wp-content\/uploads\/2021\/12\/logo.png\",\"width\":243,\"height\":59,\"caption\":\"Federassantas\"},\"image\":{\"@id\":\"https:\/\/www.federassantas.org.br\/novosite\/#\/schema\/logo\/image\/\"}},{\"@type\":\"Person\",\"@id\":\"https:\/\/www.federassantas.org.br\/novosite\/#\/schema\/person\/75fed98158349313fe56175f232f513c\",\"name\":\"admin-federas\",\"image\":{\"@type\":\"ImageObject\",\"inLanguage\":\"pt-BR\",\"@id\":\"https:\/\/www.federassantas.org.br\/novosite\/#\/schema\/person\/image\/\",\"url\":\"https:\/\/secure.gravatar.com\/avatar\/2a02d7dda59fe8dc6b7ffd3f652e2efede5ccf0dd89dfdc8137c5517f3de8407?s=96&d=mm&r=g\",\"contentUrl\":\"https:\/\/secure.gravatar.com\/avatar\/2a02d7dda59fe8dc6b7ffd3f652e2efede5ccf0dd89dfdc8137c5517f3de8407?s=96&d=mm&r=g\",\"caption\":\"admin-federas\"},\"sameAs\":[\"https:\/\/www.federassantas.org.br\/novosite\/\"],\"url\":\"https:\/\/www.federassantas.org.br\/novosite\/author\/admin-federas\/\"}]}<\/script>\n<!-- \/ Yoast SEO plugin. -->","yoast_head_json":{"title":"\"C\u00e1lculo e dilui\u00e7\u00e3o de medicamentos\" - Curso de Capacita\u00e7\u00e3o e Qualifica\u00e7\u00e3o promovido pela Santa Casa de BH - Federassantas","robots":{"index":"index","follow":"follow","max-snippet":"max-snippet:-1","max-image-preview":"max-image-preview:large","max-video-preview":"max-video-preview:-1"},"canonical":"https:\/\/www.federassantas.org.br\/novosite\/calculo-e-diluicao-de-medicamentos-curso-de-capacitacao-e-qualificacao-promovido-pela-santa-casa-de-bh\/","og_locale":"pt_BR","og_type":"article","og_title":"\"C\u00e1lculo e dilui\u00e7\u00e3o de medicamentos\" - Curso de Capacita\u00e7\u00e3o e Qualifica\u00e7\u00e3o promovido pela Santa Casa de BH - Federassantas","og_description":"Est\u00e3o abertas as inscri\u00e7\u00f5es para o curso \u2018C\u00e1lculo e dilui\u00e7\u00e3o de medicamentos\u2019 oferecido pela Escola T\u00e9cnica Santa Casa BH, no dia 22 de outubro, para enfermeiros, t\u00e9cnicos em enfermagem, alunos do curso t\u00e9cnico em enfermagem e acad\u00eamicos da \u00e1rea de sa\u00fade. Com dura\u00e7\u00e3o de 4 horas, a capacita\u00e7\u00e3o tem o objetivo de promover o aperfei\u00e7oamento [&hellip;]","og_url":"https:\/\/www.federassantas.org.br\/novosite\/calculo-e-diluicao-de-medicamentos-curso-de-capacitacao-e-qualificacao-promovido-pela-santa-casa-de-bh\/","og_site_name":"Federassantas","article_published_time":"2016-10-17T17:30:29+00:00","og_image":[{"width":622,"height":415,"url":"https:\/\/www.federassantas.org.br\/novosite\/wp-content\/uploads\/2022\/09\/thumbnail-default.jpg","type":"image\/jpeg"}],"author":"admin-federas","twitter_card":"summary_large_image","twitter_misc":{"Escrito por":"admin-federas","Est. tempo de leitura":"1 minuto"},"schema":{"@context":"https:\/\/schema.org","@graph":[{"@type":"Article","@id":"https:\/\/www.federassantas.org.br\/novosite\/calculo-e-diluicao-de-medicamentos-curso-de-capacitacao-e-qualificacao-promovido-pela-santa-casa-de-bh\/#article","isPartOf":{"@id":"https:\/\/www.federassantas.org.br\/novosite\/calculo-e-diluicao-de-medicamentos-curso-de-capacitacao-e-qualificacao-promovido-pela-santa-casa-de-bh\/"},"author":{"name":"admin-federas","@id":"https:\/\/www.federassantas.org.br\/novosite\/#\/schema\/person\/75fed98158349313fe56175f232f513c"},"headline":"&#8220;C\u00e1lculo e dilui\u00e7\u00e3o de medicamentos&#8221; &#8211; Curso de Capacita\u00e7\u00e3o e Qualifica\u00e7\u00e3o promovido pela Santa Casa de BH","datePublished":"2016-10-17T17:30:29+00:00","mainEntityOfPage":{"@id":"https:\/\/www.federassantas.org.br\/novosite\/calculo-e-diluicao-de-medicamentos-curso-de-capacitacao-e-qualificacao-promovido-pela-santa-casa-de-bh\/"},"wordCount":195,"commentCount":0,"publisher":{"@id":"https:\/\/www.federassantas.org.br\/novosite\/#organization"},"image":{"@id":"https:\/\/www.federassantas.org.br\/novosite\/calculo-e-diluicao-de-medicamentos-curso-de-capacitacao-e-qualificacao-promovido-pela-santa-casa-de-bh\/#primaryimage"},"thumbnailUrl":"","keywords":["Capacita\u00e7\u00e3o","Capacita\u00e7\u00e3o T\u00e9cnica","curso","Enfermagem","Especializa\u00e7\u00e3o","Santa Casa","sus"],"articleSection":["Not\u00edcias","Not\u00edcias filiados"],"inLanguage":"pt-BR","potentialAction":[{"@type":"CommentAction","name":"Comment","target":["https:\/\/www.federassantas.org.br\/novosite\/calculo-e-diluicao-de-medicamentos-curso-de-capacitacao-e-qualificacao-promovido-pela-santa-casa-de-bh\/#respond"]}]},{"@type":"WebPage","@id":"https:\/\/www.federassantas.org.br\/novosite\/calculo-e-diluicao-de-medicamentos-curso-de-capacitacao-e-qualificacao-promovido-pela-santa-casa-de-bh\/","url":"https:\/\/www.federassantas.org.br\/novosite\/calculo-e-diluicao-de-medicamentos-curso-de-capacitacao-e-qualificacao-promovido-pela-santa-casa-de-bh\/","name":"\"C\u00e1lculo e dilui\u00e7\u00e3o de medicamentos\" - Curso de Capacita\u00e7\u00e3o e Qualifica\u00e7\u00e3o promovido pela Santa Casa de BH - Federassantas","isPartOf":{"@id":"https:\/\/www.federassantas.org.br\/novosite\/#website"},"primaryImageOfPage":{"@id":"https:\/\/www.federassantas.org.br\/novosite\/calculo-e-diluicao-de-medicamentos-curso-de-capacitacao-e-qualificacao-promovido-pela-santa-casa-de-bh\/#primaryimage"},"image":{"@id":"https:\/\/www.federassantas.org.br\/novosite\/calculo-e-diluicao-de-medicamentos-curso-de-capacitacao-e-qualificacao-promovido-pela-santa-casa-de-bh\/#primaryimage"},"thumbnailUrl":"","datePublished":"2016-10-17T17:30:29+00:00","breadcrumb":{"@id":"https:\/\/www.federassantas.org.br\/novosite\/calculo-e-diluicao-de-medicamentos-curso-de-capacitacao-e-qualificacao-promovido-pela-santa-casa-de-bh\/#breadcrumb"},"inLanguage":"pt-BR","potentialAction":[{"@type":"ReadAction","target":["https:\/\/www.federassantas.org.br\/novosite\/calculo-e-diluicao-de-medicamentos-curso-de-capacitacao-e-qualificacao-promovido-pela-santa-casa-de-bh\/"]}]},{"@type":"ImageObject","inLanguage":"pt-BR","@id":"https:\/\/www.federassantas.org.br\/novosite\/calculo-e-diluicao-de-medicamentos-curso-de-capacitacao-e-qualificacao-promovido-pela-santa-casa-de-bh\/#primaryimage","url":"","contentUrl":""},{"@type":"BreadcrumbList","@id":"https:\/\/www.federassantas.org.br\/novosite\/calculo-e-diluicao-de-medicamentos-curso-de-capacitacao-e-qualificacao-promovido-pela-santa-casa-de-bh\/#breadcrumb","itemListElement":[{"@type":"ListItem","position":1,"name":"In\u00edcio","item":"https:\/\/www.federassantas.org.br\/novosite\/"},{"@type":"ListItem","position":2,"name":"&#8220;C\u00e1lculo e dilui\u00e7\u00e3o de medicamentos&#8221; &#8211; Curso de Capacita\u00e7\u00e3o e Qualifica\u00e7\u00e3o promovido pela Santa Casa de BH"}]},{"@type":"WebSite","@id":"https:\/\/www.federassantas.org.br\/novosite\/#website","url":"https:\/\/www.federassantas.org.br\/novosite\/","name":"Federassantas","description":"Entidade de representa\u00e7\u00e3o e fortalecimento das Santas Casas, hospitais filantr\u00f3picos e entidades beneficentes de sa\u00fade de Minas Gerais, atuando na defesa institucional, qualifica\u00e7\u00e3o da gest\u00e3o e sustentabilidade do setor.","publisher":{"@id":"https:\/\/www.federassantas.org.br\/novosite\/#organization"},"potentialAction":[{"@type":"SearchAction","target":{"@type":"EntryPoint","urlTemplate":"https:\/\/www.federassantas.org.br\/novosite\/?s={search_term_string}"},"query-input":{"@type":"PropertyValueSpecification","valueRequired":true,"valueName":"search_term_string"}}],"inLanguage":"pt-BR"},{"@type":"Organization","@id":"https:\/\/www.federassantas.org.br\/novosite\/#organization","name":"Federassantas","url":"https:\/\/www.federassantas.org.br\/novosite\/","logo":{"@type":"ImageObject","inLanguage":"pt-BR","@id":"https:\/\/www.federassantas.org.br\/novosite\/#\/schema\/logo\/image\/","url":"https:\/\/www.federassantas.org.br\/novosite\/wp-content\/uploads\/2021\/12\/logo.png","contentUrl":"https:\/\/www.federassantas.org.br\/novosite\/wp-content\/uploads\/2021\/12\/logo.png","width":243,"height":59,"caption":"Federassantas"},"image":{"@id":"https:\/\/www.federassantas.org.br\/novosite\/#\/schema\/logo\/image\/"}},{"@type":"Person","@id":"https:\/\/www.federassantas.org.br\/novosite\/#\/schema\/person\/75fed98158349313fe56175f232f513c","name":"admin-federas","image":{"@type":"ImageObject","inLanguage":"pt-BR","@id":"https:\/\/www.federassantas.org.br\/novosite\/#\/schema\/person\/image\/","url":"https:\/\/secure.gravatar.com\/avatar\/2a02d7dda59fe8dc6b7ffd3f652e2efede5ccf0dd89dfdc8137c5517f3de8407?s=96&d=mm&r=g","contentUrl":"https:\/\/secure.gravatar.com\/avatar\/2a02d7dda59fe8dc6b7ffd3f652e2efede5ccf0dd89dfdc8137c5517f3de8407?s=96&d=mm&r=g","caption":"admin-federas"},"sameAs":["https:\/\/www.federassantas.org.br\/novosite\/"],"url":"https:\/\/www.federassantas.org.br\/novosite\/author\/admin-federas\/"}]}},"_links":{"self":[{"href":"https:\/\/www.federassantas.org.br\/novosite\/wp-json\/wp\/v2\/posts\/7905","targetHints":{"allow":["GET"]}}],"collection":[{"href":"https:\/\/www.federassantas.org.br\/novosite\/wp-json\/wp\/v2\/posts"}],"about":[{"href":"https:\/\/www.federassantas.org.br\/novosite\/wp-json\/wp\/v2\/types\/post"}],"author":[{"embeddable":true,"href":"https:\/\/www.federassantas.org.br\/novosite\/wp-json\/wp\/v2\/users\/1"}],"replies":[{"embeddable":true,"href":"https:\/\/www.federassantas.org.br\/novosite\/wp-json\/wp\/v2\/comments?post=7905"}],"version-history":[{"count":0,"href":"https:\/\/www.federassantas.org.br\/novosite\/wp-json\/wp\/v2\/posts\/7905\/revisions"}],"wp:attachment":[{"href":"https:\/\/www.federassantas.org.br\/novosite\/wp-json\/wp\/v2\/media?parent=7905"}],"wp:term":[{"taxonomy":"category","embeddable":true,"href":"https:\/\/www.federassantas.org.br\/novosite\/wp-json\/wp\/v2\/categories?post=7905"},{"taxonomy":"post_tag","embeddable":true,"href":"https:\/\/www.federassantas.org.br\/novosite\/wp-json\/wp\/v2\/tags?post=7905"}],"curies":[{"name":"wp","href":"https:\/\/api.w.org\/{rel}","templated":true}]}}